{"id":7831,"date":"2014-11-08T01:09:06","date_gmt":"2014-11-08T00:09:06","guid":{"rendered":"http:\/\/blogs.diariosur.es\/pasarelaurbana\/?p=7831"},"modified":"2014-11-08T01:09:06","modified_gmt":"2014-11-08T00:09:06","slug":"cuatro-looks-clave-este-otono","status":"publish","type":"post","link":"https:\/\/blogs.diariosur.es\/pasarelaurbana\/2014\/11\/08\/cuatro-looks-clave-este-otono\/","title":{"rendered":"Cuatro looks clave este oto\u00f1o"},"content":{"rendered":"<p style=\"text-align: center;\"><a href=\"\/pasarelaurbana\/wp-content\/uploads\/sites\/49\/2014\/11\/moda.jpg\"><img loading=\"lazy\" class=\"aligncenter  wp-image-7845\" title=\"moda\" src=\"\/pasarelaurbana\/wp-content\/uploads\/sites\/49\/2014\/11\/moda.jpg\" alt=\"\" width=\"600\" height=\"600\" srcset=\"https:\/\/static-blogs.diariosur.es\/wp-content\/uploads\/sites\/49\/2014\/11\/moda.jpg 600w, https:\/\/static-blogs.diariosur.es\/wp-content\/uploads\/sites\/49\/2014\/11\/moda-150x150.jpg 150w, https:\/\/static-blogs.diariosur.es\/wp-content\/uploads\/sites\/49\/2014\/11\/moda-300x300.jpg 300w\" sizes=\"(max-width: 600px) 100vw, 600px\" \/><\/a>Esta semana el oto\u00f1o ha llegado de repente. Casi sin avisar. Llevaba m\u00e1s de un mes en el calendario, pero el buen tiempo que ha reinado en M\u00e1laga ha hecho que en materia de estilismos, la nueva estaci\u00f3n haya pasado desapercibida hasta estos \u00faltimos d\u00edas, en los que que los term\u00f3metros han ca\u00eddo en picado. La bajada de temperaturas -que parece hacer puesto fin de una vez al cacareado \u2018vero\u00f1o\u2019- obligan pues a sacar la ropa de abrigo e idear nuevos looks con las prendas que vienen pisando fuerte\u00a0 esta temporada. La pasarela ya ha dictado sus c\u00f3digos&#8230;y<strong> el \u2018street style\u2019 malague\u00f1o empieza a coger el testigo dando ya algunas pistas de las tendencias que reinar\u00e1n sobre la pasarela urbana en los pr\u00f3ximos meses<\/strong>. Buen ejemplo de ello son los cuatro \u2018outfits\u2019 que protagonizan esta p\u00e1gina.<br \/>\nEn los d\u00edas de fr\u00edo triunfar\u00e1n las capas, los gustosos abrigos de pelo, los cortes masculinos \u2018oversize\u2019 -que conviene mezclar con prendas m\u00e1s ce\u00f1idas como pantalones entubados o faldas l\u00e1piz- y los trench ligeros (solo aptos para los d\u00edas m\u00e1s calurosos) de colores llamativos como el que propone Ana L\u00f3pez combinado con un \u2018total look\u2019 vaquero. Los cuadros, por su parte, se mantienen como uno de los estampados imprescindibles -ya sea en clave vichy como los m\u00e1s r\u00fasticos, de le\u00f1ador, por los que apuesta Sabina Fern\u00e1ndez para un estilismo de diario con pantalones de efecto roto, otro \u2018must\u2019 del presente oto\u00f1o muy a tener en cuenta.<br \/>\nEl mostaza, el naranja y el burdeos se imponen en la paleta crom\u00e1tica mientras que en materia de calzado las botas moteras rivalizan con las deportivas por liderar el podio. Las camisas con lazada y las faldas midi completan el listado de imprescindibles. \u00bfPara una ocasi\u00f3n especial? Las faldas de tul piden paso. Para princesas urbanas.<\/p>\n<p style=\"text-align: center;\">Os dejo con los<strong> cuatro estilismos<\/strong> de esta semana. \u00a1Feliz finde! (Os espero en Instagram @almudena30)<\/p>\n<p style=\"text-align: center;\"><!--more--><\/p>\n<p style=\"text-align: center;\"><a href=\"\/pasarelaurbana\/wp-content\/uploads\/sites\/49\/2014\/11\/denimcuatro.jpg\"><img loading=\"lazy\" class=\"aligncenter size-full wp-image-7834\" title=\"denimcuatro\" src=\"\/pasarelaurbana\/wp-content\/uploads\/sites\/49\/2014\/11\/denimcuatro.jpg\" alt=\"\" width=\"600\" height=\"593\" srcset=\"https:\/\/static-blogs.diariosur.es\/wp-content\/uploads\/sites\/49\/2014\/11\/denimcuatro.jpg 600w, https:\/\/static-blogs.diariosur.es\/wp-content\/uploads\/sites\/49\/2014\/11\/denimcuatro-300x297.jpg 300w\" sizes=\"(max-width: 600px) 100vw, 600px\" \/><\/a><\/p>\n<p><a href=\"\/pasarelaurbana\/wp-content\/uploads\/sites\/49\/2014\/11\/denimtres.jpg\"><img loading=\"lazy\" class=\"aligncenter size-full wp-image-7835\" title=\"denimtres\" src=\"\/pasarelaurbana\/wp-content\/uploads\/sites\/49\/2014\/11\/denimtres.jpg\" alt=\"\" width=\"600\" height=\"582\" srcset=\"https:\/\/static-blogs.diariosur.es\/wp-content\/uploads\/sites\/49\/2014\/11\/denimtres.jpg 600w, https:\/\/static-blogs.diariosur.es\/wp-content\/uploads\/sites\/49\/2014\/11\/denimtres-300x291.jpg 300w\" sizes=\"(max-width: 600px) 100vw, 600px\" \/><\/a><\/p>\n<p><a href=\"\/pasarelaurbana\/wp-content\/uploads\/sites\/49\/2014\/11\/anacuatro.jpg\"><img loading=\"lazy\" class=\"aligncenter size-full wp-image-7833\" title=\"anacuatro\" src=\"\/pasarelaurbana\/wp-content\/uploads\/sites\/49\/2014\/11\/anacuatro.jpg\" alt=\"\" width=\"600\" height=\"450\" srcset=\"https:\/\/static-blogs.diariosur.es\/wp-content\/uploads\/sites\/49\/2014\/11\/anacuatro.jpg 600w, https:\/\/static-blogs.diariosur.es\/wp-content\/uploads\/sites\/49\/2014\/11\/anacuatro-300x225.jpg 300w\" sizes=\"(max-width: 600px) 100vw, 600px\" \/><\/a><\/p>\n<p style=\"text-align: center;\"><strong>Ana L\u00f3pez<\/strong>. Asesora administrativa y <a href=\"http:\/\/www.chicjouretnuit.com\/\" rel=\"external nofollow\">blogger<\/a>. 29 a\u00f1os<\/p>\n<p style=\"text-align: center;\"><span style=\"text-decoration: underline;\">Los trenchs se reinventan en formatos m\u00e1s ligeros<\/span><br \/>\nLos trenchs se reinventan este oto\u00f1o y reclaman su protagonismo como nueva prenda imprescindible en el armario de las fashionistas. Esta temporada se llevan en largo XL, de tejidos ligeros, colores llamativos y sin botones, perfectos para lucir abiertos. Ana L\u00f3pez, una asesora administrativa de 29 a\u00f1os apasionada de la moda, eligi\u00f3 un modelo en mostaza de Zara para una ma\u00f1ana de gestiones por Marbella, donde vive. \u00abCon el buen tiempo que tenemos por aqu\u00ed en cuanto aprieta el sol podemos seguir luciendo este tipo de ropa de menos abrigo\u00bb, nos destac\u00f3. En su caso, lo combin\u00f3 con bastante acierto con un \u2018total look\u2019 denim compuesto por shorts de efecto roto de bajos deshilachados, camisa vaquera masculina y botines de Bimba y Lola. Una bandolera en crudo de Gucci y unas vistosas gafas de sol retro ponen la guinda a su sofisticado estilismo, ideal para diario. \u00abCon un movimiento, un gesto, con un simple detalle, la prenda mas normal puede ser la m\u00e1s perfecta del mundo y un buen complemento puede hacer que el vestido m\u00e1s discreto se transforme en el m\u00e1s chic\u00bb, defiende.<\/p>\n<p style=\"text-align: center;\">Shorts: Levi\u2019s.<\/p>\n<p style=\"text-align: center;\">Camisa y trench: Zara.  <\/p>\n<p style=\"text-align: center;\">Botines: Bimba y Lola.<\/p>\n<p style=\"text-align: center;\">Bolso: Gucci.<\/p>\n<p style=\"text-align: center;\"><a href=\"\/pasarelaurbana\/wp-content\/uploads\/sites\/49\/2014\/11\/tutuazu.jpg\"><img loading=\"lazy\" class=\"aligncenter size-full wp-image-7844\" title=\"tutuazu\" src=\"\/pasarelaurbana\/wp-content\/uploads\/sites\/49\/2014\/11\/tutuazu.jpg\" alt=\"\" width=\"600\" height=\"822\" srcset=\"https:\/\/static-blogs.diariosur.es\/wp-content\/uploads\/sites\/49\/2014\/11\/tutuazu.jpg 600w, https:\/\/static-blogs.diariosur.es\/wp-content\/uploads\/sites\/49\/2014\/11\/tutuazu-219x300.jpg 219w\" sizes=\"(max-width: 600px) 100vw, 600px\" \/><\/a><\/p>\n<p style=\"text-align: center;\"><a href=\"\/pasarelaurbana\/wp-content\/uploads\/sites\/49\/2014\/11\/jesstres.jpg\"><img loading=\"lazy\" class=\"aligncenter size-full wp-image-7836\" title=\"jesstres\" src=\"\/pasarelaurbana\/wp-content\/uploads\/sites\/49\/2014\/11\/jesstres.jpg\" alt=\"\" width=\"600\" height=\"450\" srcset=\"https:\/\/static-blogs.diariosur.es\/wp-content\/uploads\/sites\/49\/2014\/11\/jesstres.jpg 600w, https:\/\/static-blogs.diariosur.es\/wp-content\/uploads\/sites\/49\/2014\/11\/jesstres-300x225.jpg 300w\" sizes=\"(max-width: 600px) 100vw, 600px\" \/><\/a><\/p>\n<p style=\"text-align: center;\"><a href=\"\/pasarelaurbana\/wp-content\/uploads\/sites\/49\/2014\/11\/tutudos.jpg\"><img loading=\"lazy\" class=\"aligncenter size-full wp-image-7832\" title=\"tutudos\" src=\"\/pasarelaurbana\/wp-content\/uploads\/sites\/49\/2014\/11\/tutudos.jpg\" alt=\"\" width=\"600\" height=\"450\" srcset=\"https:\/\/static-blogs.diariosur.es\/wp-content\/uploads\/sites\/49\/2014\/11\/tutudos.jpg 600w, https:\/\/static-blogs.diariosur.es\/wp-content\/uploads\/sites\/49\/2014\/11\/tutudos-300x225.jpg 300w\" sizes=\"(max-width: 600px) 100vw, 600px\" \/><\/a><\/p>\n<p style=\"text-align: center;\"><strong>Jesica C\u00f3mitre<\/strong>. Enfermera y autora de<a href=\"http:\/\/www.nothingtowearbyjess.blogspot.com.es\/\" rel=\"external nofollow\"> &#8216;Nothing to wear&#8217;.<\/a> 30 a\u00f1os<\/p>\n<p style=\"text-align: center;\"><span style=\"text-decoration: underline;\">Faldas de tul con Converse para las princesas urbanas<\/span><br \/>\nDesde que Carrie Bradshaw presumiera de tut\u00fa en su ya m\u00edtico episodio en Sexo en Nueva York, las faldas de tu se han convertido en un \u2018must\u2019 en los looks de las amantes de la moda, que buscan en esta prenda un elemento para crear looks de contrastes. Buen ejemplo es el \u2018outfit\u2019 que propone Jesica C\u00f3mitre. Esta enfermera malague\u00f1a de 30 a\u00f1os luce un dise\u00f1o midi en azul klein cosido por ella maridado con un jersey con originales franjas transparentes de Stradivarius. Para restarle seriedad y darle un aire m\u00e1s desenfadado y casual remata el estilismo con sus inseparables Converse blancas. \u00abQuer\u00eda aportarle un toque diferente, mas sport, y lograr un resultado que no pasara desapercibido\u00bb, explica.<\/p>\n<p style=\"text-align: center;\">Jersey: Stradivarius.<\/p>\n<p style=\"text-align: center;\"> Falda: Cosida por ella.<\/p>\n<p style=\"text-align: center;\">Deportivas: Converse.<\/p>\n<p style=\"text-align: center;\"><a href=\"\/pasarelaurbana\/wp-content\/uploads\/sites\/49\/2014\/11\/la-foto-316.jpg\"><img loading=\"lazy\" class=\"aligncenter size-full wp-image-7841\" title=\"la foto 3(16)\" src=\"\/pasarelaurbana\/wp-content\/uploads\/sites\/49\/2014\/11\/la-foto-316.jpg\" alt=\"\" width=\"600\" height=\"800\" srcset=\"https:\/\/static-blogs.diariosur.es\/wp-content\/uploads\/sites\/49\/2014\/11\/la-foto-316.jpg 600w, https:\/\/static-blogs.diariosur.es\/wp-content\/uploads\/sites\/49\/2014\/11\/la-foto-316-225x300.jpg 225w\" sizes=\"(max-width: 600px) 100vw, 600px\" \/><\/a><\/p>\n<p style=\"text-align: center;\"><a href=\"\/pasarelaurbana\/wp-content\/uploads\/sites\/49\/2014\/11\/la-foto-317.jpg\"><img loading=\"lazy\" class=\"aligncenter size-full wp-image-7842\" title=\"la foto 3(17)\" src=\"\/pasarelaurbana\/wp-content\/uploads\/sites\/49\/2014\/11\/la-foto-317.jpg\" alt=\"\" width=\"600\" height=\"800\" srcset=\"https:\/\/static-blogs.diariosur.es\/wp-content\/uploads\/sites\/49\/2014\/11\/la-foto-317.jpg 600w, https:\/\/static-blogs.diariosur.es\/wp-content\/uploads\/sites\/49\/2014\/11\/la-foto-317-225x300.jpg 225w\" sizes=\"(max-width: 600px) 100vw, 600px\" \/><\/a><\/p>\n<p style=\"text-align: center;\"><a href=\"\/pasarelaurbana\/wp-content\/uploads\/sites\/49\/2014\/11\/la-foto-415.jpg\"><img loading=\"lazy\" class=\"aligncenter size-full wp-image-7843\" title=\"la foto 4(15)\" src=\"\/pasarelaurbana\/wp-content\/uploads\/sites\/49\/2014\/11\/la-foto-415.jpg\" alt=\"\" width=\"600\" height=\"800\" srcset=\"https:\/\/static-blogs.diariosur.es\/wp-content\/uploads\/sites\/49\/2014\/11\/la-foto-415.jpg 600w, https:\/\/static-blogs.diariosur.es\/wp-content\/uploads\/sites\/49\/2014\/11\/la-foto-415-225x300.jpg 225w\" sizes=\"(max-width: 600px) 100vw, 600px\" \/><\/a><\/p>\n<p style=\"text-align: center;\"><strong>Sabina Fern\u00e1ndez<\/strong>. Empresaria. 28 a\u00f1os<\/p>\n<p style=\"text-align: center;\"><span style=\"text-decoration: underline;\">Las camisas de cuadros, perfectas para diario<\/span><br \/>\nEl vichy y los cuadros tipo le\u00f1ados son dos estampados que pisan fuerte este oto\u00f1o. Sabina Fern\u00e1ndez, una empresaria malague\u00f1a de 28 a\u00f1os de estilo \u00abcl\u00e1sico\u00bb, los lleva en una estilosa camisa en rojo y negro que combina con pantalones entubados de efecto roto y unas botas moteras (un \u2018must-have en materia de calzado de esta temporada) de Massimo Dutti. Para darle un toque \u2018deluxe\u2019 al estilismo, remata el look con un clutch con incrustaciones doradas y un brazalete en oro mate.<\/p>\n<p style=\"text-align: center;\">Camisa, brazalete dorado y collar: Sabina (tienda en calle La Uni\u00f3n 50).<\/p>\n<p style=\"text-align: center;\">Pantalones: Zara.<\/p>\n<p style=\"text-align: center;\">Botines: Massimo Dutti.<\/p>\n<p style=\"text-align: center;\"><a href=\"\/pasarelaurbana\/wp-content\/uploads\/sites\/49\/2014\/11\/la-foto-219.jpg\"><img loading=\"lazy\" class=\"aligncenter size-full wp-image-7840\" title=\"la foto 2(19)\" src=\"\/pasarelaurbana\/wp-content\/uploads\/sites\/49\/2014\/11\/la-foto-219.jpg\" alt=\"\" width=\"600\" height=\"800\" srcset=\"https:\/\/static-blogs.diariosur.es\/wp-content\/uploads\/sites\/49\/2014\/11\/la-foto-219.jpg 600w, https:\/\/static-blogs.diariosur.es\/wp-content\/uploads\/sites\/49\/2014\/11\/la-foto-219-225x300.jpg 225w\" sizes=\"(max-width: 600px) 100vw, 600px\" \/><\/a><\/p>\n<p style=\"text-align: center;\"><a href=\"\/pasarelaurbana\/wp-content\/uploads\/sites\/49\/2014\/11\/la-foto-218.jpg\"><img loading=\"lazy\" class=\"aligncenter size-full wp-image-7839\" title=\"la foto 2(18)\" src=\"\/pasarelaurbana\/wp-content\/uploads\/sites\/49\/2014\/11\/la-foto-218.jpg\" alt=\"\" width=\"600\" height=\"800\" srcset=\"https:\/\/static-blogs.diariosur.es\/wp-content\/uploads\/sites\/49\/2014\/11\/la-foto-218.jpg 600w, https:\/\/static-blogs.diariosur.es\/wp-content\/uploads\/sites\/49\/2014\/11\/la-foto-218-225x300.jpg 225w\" sizes=\"(max-width: 600px) 100vw, 600px\" \/><\/a><\/p>\n<p style=\"text-align: center;\"><a href=\"\/pasarelaurbana\/wp-content\/uploads\/sites\/49\/2014\/11\/la-foto-119.jpg\"><img loading=\"lazy\" class=\"size-full wp-image-7838 alignnone\" title=\"la foto 1(19)\" src=\"\/pasarelaurbana\/wp-content\/uploads\/sites\/49\/2014\/11\/la-foto-119.jpg\" alt=\"\" width=\"600\" height=\"800\" srcset=\"https:\/\/static-blogs.diariosur.es\/wp-content\/uploads\/sites\/49\/2014\/11\/la-foto-119.jpg 600w, https:\/\/static-blogs.diariosur.es\/wp-content\/uploads\/sites\/49\/2014\/11\/la-foto-119-225x300.jpg 225w\" sizes=\"(max-width: 600px) 100vw, 600px\" \/><\/a><\/p>\n<p style=\"text-align: center;\"><strong>Carmen Mart\u00edn<\/strong>. Empleada de banca. 31 a\u00f1os<\/p>\n<p style=\"text-align: center;\"><span style=\"text-decoration: underline;\">En clave \u2018working\u2019: vestido y blazer, un d\u00fao infalible<\/span><br \/>\nUna de esas opciones cl\u00e1sicas que nunca falla para ir a la oficina es la del d\u00fao formado por un vestido liso y una blazer, un t\u00e1ndem fundamental de fondo de armario en esta \u00e9poca del a\u00f1o para esos d\u00edas en los que cuesta decidir qu\u00e9 ponerse. Con ambas prendas pillamos a Carmen Mart\u00edn, una empleada de banca malague\u00f1a de 31 a\u00f1os, por calle Larios durante nuestra \u00faltima sesi\u00f3n de \u2018street style\u2019. Para la ocasi\u00f3n eligi\u00f3 vestido azul klein de Blanco con chaqueta cruda de Stradivarius y unas llamativas sandalias en el mismo tono que el traje. \u00abEl taconazo y los tonos tierra son clave en mis looks\u00bb nos confes\u00f3.<\/p>\n<p style=\"text-align: center;\">Vestido: Blanco.<\/p>\n<p style=\"text-align: center;\"> Blazer: Stradivarius.<\/p>\n<p style=\"text-align: center;\">Bolso: Mango.<\/p>\n<p style=\"text-align: center;\">Sandalias: Zara.<\/p>\n<p style=\"text-align: center;\">\u00a1Espero que os haya gustado! \u00a1Feliz fin de semana!<\/p>\n<p style=\"text-align: center;\">\n","protected":false},"excerpt":{"rendered":"<p>Esta semana el oto\u00f1o ha llegado de repente. Casi sin avisar. Llevaba m\u00e1s de un mes en el calendario, pero el buen tiempo que ha reinado en M\u00e1laga ha hecho que en materia de estilismos, la nueva estaci\u00f3n haya pasado desapercibida hasta estos \u00faltimos d\u00edas, en los que que los term\u00f3metros han ca\u00eddo en picado. [&hellip;]<\/p>\n","protected":false},"author":54,"featured_media":0,"comment_status":"open","ping_status":"open","sticky":false,"template":"","format":"standard","meta":[],"categories":[2],"tags":[],"_links":{"self":[{"href":"https:\/\/blogs.diariosur.es\/pasarelaurbana\/wp-json\/wp\/v2\/posts\/7831"}],"collection":[{"href":"https:\/\/blogs.diariosur.es\/pasarelaurbana\/wp-json\/wp\/v2\/posts"}],"about":[{"href":"https:\/\/blogs.diariosur.es\/pasarelaurbana\/wp-json\/wp\/v2\/types\/post"}],"author":[{"embeddable":true,"href":"https:\/\/blogs.diariosur.es\/pasarelaurbana\/wp-json\/wp\/v2\/users\/54"}],"replies":[{"embeddable":true,"href":"https:\/\/blogs.diariosur.es\/pasarelaurbana\/wp-json\/wp\/v2\/comments?post=7831"}],"version-history":[{"count":0,"href":"https:\/\/blogs.diariosur.es\/pasarelaurbana\/wp-json\/wp\/v2\/posts\/7831\/revisions"}],"wp:attachment":[{"href":"https:\/\/blogs.diariosur.es\/pasarelaurbana\/wp-json\/wp\/v2\/media?parent=7831"}],"wp:term":[{"taxonomy":"category","embeddable":true,"href":"https:\/\/blogs.diariosur.es\/pasarelaurbana\/wp-json\/wp\/v2\/categories?post=7831"},{"taxonomy":"post_tag","embeddable":true,"href":"https:\/\/blogs.diariosur.es\/pasarelaurbana\/wp-json\/wp\/v2\/tags?post=7831"}],"curies":[{"name":"wp","href":"https:\/\/api.w.org\/{rel}","templated":true}]}}