{"id":7871,"date":"2014-11-13T12:56:10","date_gmt":"2014-11-13T11:56:10","guid":{"rendered":"http:\/\/blogs.diariosur.es\/pasarelaurbana\/?p=7871"},"modified":"2014-11-13T12:56:10","modified_gmt":"2014-11-13T11:56:10","slug":"guapabox-celebra-su-primer-aniversario","status":"publish","type":"post","link":"https:\/\/blogs.diariosur.es\/pasarelaurbana\/2014\/11\/13\/guapabox-celebra-su-primer-aniversario\/","title":{"rendered":"Guapabox celebra su primer aniversario"},"content":{"rendered":"<p style=\"text-align: center;\"><a href=\"\/pasarelaurbana\/wp-content\/uploads\/sites\/49\/2014\/11\/31.jpg\"><img loading=\"lazy\" class=\"aligncenter  wp-image-7876\" title=\"3\" src=\"\/pasarelaurbana\/wp-content\/uploads\/sites\/49\/2014\/11\/31.jpg\" alt=\"\" width=\"600\" height=\"450\" srcset=\"https:\/\/static-blogs.diariosur.es\/wp-content\/uploads\/sites\/49\/2014\/11\/31.jpg 600w, https:\/\/static-blogs.diariosur.es\/wp-content\/uploads\/sites\/49\/2014\/11\/31-300x225.jpg 300w\" sizes=\"(max-width: 600px) 100vw, 600px\" \/><\/a><\/p>\n<p style=\"text-align: center;\">\u00a1Buenas! Hoy quiero hablaros de una cajita de belleza que est\u00e1 estos d\u00edas de celebraci\u00f3n. <strong>Guapabox<\/strong> cumple su primer a\u00f1ito de vida y lo hace con una caja chul\u00edsima<strong> llena de productos s\u00faper \u00fatiles para el ritual de belleza diario<\/strong>. \u00a1Yo ya la tengo y tengo que confesar que me ha encantado! Si el mes pasado se super\u00f3 con su especial en apoyo al c\u00e1ncer de mama este mes de noviembre nos vuelve a sorprender con productos de primer\u00edsimas marcas -la mayor\u00eda en una talla m\u00e1s que aceptable- y <strong>un atractivo regalo: la barra labial de Skeyndor<\/strong> en un rojo con matices corales s\u00faper favorecedor y una textura ligera que la hace comod\u00edsima de llevar.\u00a0 Guapabox est\u00e1 de aniversario &#8220;y por eso, nuestra cajita de noviembre contiene<strong> todo lo necesario para superar con \u00e9xito una buena fiesta<\/strong>. Desde los pies hasta la cabeza, estar\u00e1s radiante para salir de celebraci\u00f3n&#8221; como explican desde la propia compa\u00f1\u00eda.<\/p>\n<p style=\"text-align: center;\">A mi personalmente me ha encantado su tratamiento capilar para lograr un cabello perfecto y libre de encrespamiento, compuesto por<strong> champ\u00fa y acondicionador liso keratina de la prestigiosa firma TresEmm\u00e9<\/strong>, ambos en botes de 100ml (\u00a1est\u00e1 genial la cantidad, ideal por ejemplo para llevarlos en la maleta en una escapada de fin de semana!). Para resistir a unos tacones de infarto, este mes se incluye un producto s\u00faper pr\u00e1ctico para llevar en el bolso: <strong>ampollas de talones Compeed<\/strong>. Completan\u00a0 la caja -que por cierto es preciosa por fuera y se puede usar de decoraci\u00f3n, \u00a1yo las tengo e el sal\u00f3n!) dos cremas: una para el cuerpo &#8211;<strong>un Body Milk de Ainhoa<\/strong>&#8211; y una <strong>antiedad facial de Dr. Brandt<\/strong>. Y todo por 14,95 euros al mes.<a href=\"http:\/\/www.guapabox.com\/suscribete.html\" rel=\"external nofollow\"> \u00a1Pod\u00e9is suscribiros y echarle un ojo a otras cajas aqui<\/a>!<\/p>\n<p style=\"text-align: center;\">Os dejo con <strong>un resumen en fotos<\/strong>, \u00a1Espero que os guste! Os espero ma\u00f1ana por aqu\u00ed con la secci\u00f3n fija &#8216;La semana en cinco enlaces y un plan para el finde&#8217;. Hasta entonces os espero en Twitter (@almunogues) e Instagram (@almudena30).<\/p>\n<p style=\"text-align: center;\"><!--more--><a href=\"\/pasarelaurbana\/wp-content\/uploads\/sites\/49\/2014\/11\/21.jpg\"><img loading=\"lazy\" title=\"2\" src=\"\/pasarelaurbana\/wp-content\/uploads\/sites\/49\/2014\/11\/21.jpg\" alt=\"\" width=\"600\" height=\"450\" \/><\/a><\/p>\n<p style=\"text-align: center;\"><a href=\"\/pasarelaurbana\/wp-content\/uploads\/sites\/49\/2014\/11\/41.jpg\"><img loading=\"lazy\" class=\"aligncenter size-full wp-image-7877\" title=\"4\" src=\"\/pasarelaurbana\/wp-content\/uploads\/sites\/49\/2014\/11\/41.jpg\" alt=\"\" width=\"600\" height=\"450\" srcset=\"https:\/\/static-blogs.diariosur.es\/wp-content\/uploads\/sites\/49\/2014\/11\/41.jpg 600w, https:\/\/static-blogs.diariosur.es\/wp-content\/uploads\/sites\/49\/2014\/11\/41-300x225.jpg 300w\" sizes=\"(max-width: 600px) 100vw, 600px\" \/><\/a><\/p>\n<p style=\"text-align: center;\"><a href=\"\/pasarelaurbana\/wp-content\/uploads\/sites\/49\/2014\/11\/51.jpg\"><img loading=\"lazy\" class=\"aligncenter size-full wp-image-7878\" title=\"5\" src=\"\/pasarelaurbana\/wp-content\/uploads\/sites\/49\/2014\/11\/51.jpg\" alt=\"\" width=\"600\" height=\"450\" srcset=\"https:\/\/static-blogs.diariosur.es\/wp-content\/uploads\/sites\/49\/2014\/11\/51.jpg 600w, https:\/\/static-blogs.diariosur.es\/wp-content\/uploads\/sites\/49\/2014\/11\/51-300x225.jpg 300w\" sizes=\"(max-width: 600px) 100vw, 600px\" \/><\/a><\/p>\n<p style=\"text-align: center;\"><a href=\"\/pasarelaurbana\/wp-content\/uploads\/sites\/49\/2014\/11\/101.jpg\"><img loading=\"lazy\" class=\"aligncenter size-full wp-image-7882\" title=\"10\" src=\"\/pasarelaurbana\/wp-content\/uploads\/sites\/49\/2014\/11\/101.jpg\" alt=\"\" width=\"600\" height=\"450\" srcset=\"https:\/\/static-blogs.diariosur.es\/wp-content\/uploads\/sites\/49\/2014\/11\/101.jpg 600w, https:\/\/static-blogs.diariosur.es\/wp-content\/uploads\/sites\/49\/2014\/11\/101-300x225.jpg 300w\" sizes=\"(max-width: 600px) 100vw, 600px\" \/><\/a><\/p>\n<p style=\"text-align: center;\"><a href=\"\/pasarelaurbana\/wp-content\/uploads\/sites\/49\/2014\/11\/81.jpg\"><img loading=\"lazy\" class=\"aligncenter size-full wp-image-7881\" title=\"8\" src=\"\/pasarelaurbana\/wp-content\/uploads\/sites\/49\/2014\/11\/81.jpg\" alt=\"\" width=\"600\" height=\"450\" srcset=\"https:\/\/static-blogs.diariosur.es\/wp-content\/uploads\/sites\/49\/2014\/11\/81.jpg 600w, https:\/\/static-blogs.diariosur.es\/wp-content\/uploads\/sites\/49\/2014\/11\/81-300x225.jpg 300w\" sizes=\"(max-width: 600px) 100vw, 600px\" \/><\/a><\/p>\n<p style=\"text-align: center;\"><a href=\"\/pasarelaurbana\/wp-content\/uploads\/sites\/49\/2014\/11\/71.jpg\"><img loading=\"lazy\" class=\"aligncenter size-full wp-image-7880\" title=\"7\" src=\"\/pasarelaurbana\/wp-content\/uploads\/sites\/49\/2014\/11\/71.jpg\" alt=\"\" width=\"600\" height=\"450\" srcset=\"https:\/\/static-blogs.diariosur.es\/wp-content\/uploads\/sites\/49\/2014\/11\/71.jpg 600w, https:\/\/static-blogs.diariosur.es\/wp-content\/uploads\/sites\/49\/2014\/11\/71-300x225.jpg 300w\" sizes=\"(max-width: 600px) 100vw, 600px\" \/><\/a><\/p>\n<p style=\"text-align: center;\"><a href=\"\/pasarelaurbana\/wp-content\/uploads\/sites\/49\/2014\/11\/61.jpg\"><img loading=\"lazy\" class=\"aligncenter size-full wp-image-7873\" title=\"6\" src=\"\/pasarelaurbana\/wp-content\/uploads\/sites\/49\/2014\/11\/61.jpg\" alt=\"\" width=\"600\" height=\"388\" srcset=\"https:\/\/static-blogs.diariosur.es\/wp-content\/uploads\/sites\/49\/2014\/11\/61.jpg 600w, https:\/\/static-blogs.diariosur.es\/wp-content\/uploads\/sites\/49\/2014\/11\/61-300x194.jpg 300w\" sizes=\"(max-width: 600px) 100vw, 600px\" \/><\/a><\/p>\n","protected":false},"excerpt":{"rendered":"<p>\u00a1Buenas! Hoy quiero hablaros de una cajita de belleza que est\u00e1 estos d\u00edas de celebraci\u00f3n. Guapabox cumple su primer a\u00f1ito de vida y lo hace con una caja chul\u00edsima llena de productos s\u00faper \u00fatiles para el ritual de belleza diario. \u00a1Yo ya la tengo y tengo que confesar que me ha encantado! Si el mes [&hellip;]<\/p>\n","protected":false},"author":54,"featured_media":0,"comment_status":"open","ping_status":"open","sticky":false,"template":"","format":"standard","meta":[],"categories":[2],"tags":[],"_links":{"self":[{"href":"https:\/\/blogs.diariosur.es\/pasarelaurbana\/wp-json\/wp\/v2\/posts\/7871"}],"collection":[{"href":"https:\/\/blogs.diariosur.es\/pasarelaurbana\/wp-json\/wp\/v2\/posts"}],"about":[{"href":"https:\/\/blogs.diariosur.es\/pasarelaurbana\/wp-json\/wp\/v2\/types\/post"}],"author":[{"embeddable":true,"href":"https:\/\/blogs.diariosur.es\/pasarelaurbana\/wp-json\/wp\/v2\/users\/54"}],"replies":[{"embeddable":true,"href":"https:\/\/blogs.diariosur.es\/pasarelaurbana\/wp-json\/wp\/v2\/comments?post=7871"}],"version-history":[{"count":0,"href":"https:\/\/blogs.diariosur.es\/pasarelaurbana\/wp-json\/wp\/v2\/posts\/7871\/revisions"}],"wp:attachment":[{"href":"https:\/\/blogs.diariosur.es\/pasarelaurbana\/wp-json\/wp\/v2\/media?parent=7871"}],"wp:term":[{"taxonomy":"category","embeddable":true,"href":"https:\/\/blogs.diariosur.es\/pasarelaurbana\/wp-json\/wp\/v2\/categories?post=7871"},{"taxonomy":"post_tag","embeddable":true,"href":"https:\/\/blogs.diariosur.es\/pasarelaurbana\/wp-json\/wp\/v2\/tags?post=7871"}],"curies":[{"name":"wp","href":"https:\/\/api.w.org\/{rel}","templated":true}]}}