{"id":7900,"date":"2014-11-15T01:08:20","date_gmt":"2014-11-15T00:08:20","guid":{"rendered":"http:\/\/blogs.diariosur.es\/pasarelaurbana\/?p=7900"},"modified":"2014-11-15T01:08:20","modified_gmt":"2014-11-15T00:08:20","slug":"el-armario-british-de-mario-camino","status":"publish","type":"post","link":"https:\/\/blogs.diariosur.es\/pasarelaurbana\/2014\/11\/15\/el-armario-british-de-mario-camino\/","title":{"rendered":"El armario &#039;british&#039; de Mario Camino"},"content":{"rendered":"<p style=\"text-align: center;\"><a href=\"\/pasarelaurbana\/wp-content\/uploads\/sites\/49\/2014\/11\/nochecuatro.jpg\"><img loading=\"lazy\" title=\"nochecuatro\" src=\"\/pasarelaurbana\/wp-content\/uploads\/sites\/49\/2014\/11\/nochecuatro.jpg\" alt=\"\" width=\"600\" height=\"800\" \/><\/a><\/p>\n<p style=\"text-align: center;\">Sus sofisticados estilismos destilan sabor ingl\u00e9s por los cuatro costados. Es, lo que podr\u00eda decirse, un perfecto dandi \u2018british\u2019. \u00abO un ni\u00f1o de cualquier college\u00bb, como este Peter Pan eterno prefiere que le cataloguen. Y es que Mario Camino, <strong>dise\u00f1ador de alta costura de Montesco<\/strong>, se resiste a perder esa esencia infantil. Quiz\u00e1s, por eso, el universo personal de este modisto malague\u00f1o de 47 a\u00f1os est\u00e1 dominado por los osos, que \u00e9l mismo cose casi de forma compulsiva desde hace m\u00e1s de una d\u00e9cada. No solo han conquistado cada rinc\u00f3n de su casa y de su tienda de ropa masculina -Mario Teo- sino que est\u00e1n presentes en muchos de sus \u2018outfits\u2019, en los que los integra, a modo de complemento, luci\u00e9ndolos asomados a los bolsillos de sus chaquetas. \u00abMe parecen divertidos y adem\u00e1s me gustan porque denotan una sensibilidad y una delicadeza especial y aportar un contrapunto a los looks m\u00e1s formales, rest\u00e1ndoles seriedad, porque yo tengo mucho de ni\u00f1o chico\u00bb, bromea.<br \/>\nAmante de la moda y de la costura, las agujas se cruzaron en el camino de Mario siendo ni\u00f1o. De la modista de su madre, Presen, con la que se pasaba horas muertas, aprendi\u00f3 casi todo. Con 15 a\u00f1os se hizo su primer abrigo, un dise\u00f1o largo en negro cuyo recuerdo hace que se le dibuje una sonrisa.\u00a0 \u00abEste mundo siempre me ha atra\u00eddo\u00bb, admite.<br \/>\nSu mayor inspiraci\u00f3n es la cultura brit\u00e1nica, de la que toma el grueso de las se\u00f1as de identidad de sus estilismos, en los que no faltan el estampado tart\u00e1n o los cuadros de pr\u00edncipe de Gales, los botones con escudos, las americanas o las camisas lisas blancas y celestes. Eso s\u00ed, matiza que \u00e9l no es ning\u00fan dandi impecable. \u00abYo me considero m\u00e1s bien un \u2018hippie pijo\u2019 porque siempre incorporo un punto cutre: ya sea un roto en un pantal\u00f3n, un deshilachado o algo antiguo ro\u00eddo\u00bb.<br \/>\nTodos los looks de Camino siguen la misma l\u00ednea. Tanto es as\u00ed, que apenas hay diferencia entre sus \u2018outfits\u2019 de d\u00eda o de noche, \u00abno soy de reservar nada para ocasiones especiales\u00bb, advierte este apasionado de los sombreros de lluvia &#8211; \u00abnunca uso paraguas\u00bb- y de los complementos vintage heredados de sus padres y abuelos, que le acompa\u00f1an all\u00e1 donde va. \u00bfTres man\u00edas confesables? No tiene ropa negra, nunca usa jerseys de cuello alto y los vaqueros apenas tienen cabida en su armario.\u00a1F<\/p>\n<p style=\"text-align: center;\">Os dejo con sus estilismos al detalle. \u00a1Feliz fin de semana! Os espero en Twitter @almunogues e Instagram @almudena30<\/p>\n<p style=\"text-align: center;\"><!--more--><\/p>\n<p style=\"text-align: center;\">LOOK DE D\u00cdA<\/p>\n<p style=\"text-align: center;\"><a href=\"\/pasarelaurbana\/wp-content\/uploads\/sites\/49\/2014\/11\/diauno.jpg\"><img loading=\"lazy\" class=\"aligncenter size-full wp-image-7889\" title=\"diauno\" src=\"\/pasarelaurbana\/wp-content\/uploads\/sites\/49\/2014\/11\/diauno.jpg\" alt=\"\" width=\"600\" height=\"450\" srcset=\"https:\/\/static-blogs.diariosur.es\/wp-content\/uploads\/sites\/49\/2014\/11\/diauno.jpg 600w, https:\/\/static-blogs.diariosur.es\/wp-content\/uploads\/sites\/49\/2014\/11\/diauno-300x225.jpg 300w\" sizes=\"(max-width: 600px) 100vw, 600px\" \/><\/a><\/p>\n<p style=\"text-align: center;\"><a href=\"\/pasarelaurbana\/wp-content\/uploads\/sites\/49\/2014\/11\/disdos.jpg\"><img loading=\"lazy\" class=\"aligncenter size-full wp-image-7885\" title=\"disdos\" src=\"\/pasarelaurbana\/wp-content\/uploads\/sites\/49\/2014\/11\/disdos.jpg\" alt=\"\" width=\"600\" height=\"800\" srcset=\"https:\/\/static-blogs.diariosur.es\/wp-content\/uploads\/sites\/49\/2014\/11\/disdos.jpg 600w, https:\/\/static-blogs.diariosur.es\/wp-content\/uploads\/sites\/49\/2014\/11\/disdos-225x300.jpg 225w\" sizes=\"(max-width: 600px) 100vw, 600px\" \/><\/a><\/p>\n<p style=\"text-align: center;\"><a href=\"\/pasarelaurbana\/wp-content\/uploads\/sites\/49\/2014\/11\/diatres.jpg\"><img loading=\"lazy\" class=\"aligncenter size-full wp-image-7888\" title=\"diatres\" src=\"\/pasarelaurbana\/wp-content\/uploads\/sites\/49\/2014\/11\/diatres.jpg\" alt=\"\" width=\"600\" height=\"450\" srcset=\"https:\/\/static-blogs.diariosur.es\/wp-content\/uploads\/sites\/49\/2014\/11\/diatres.jpg 600w, https:\/\/static-blogs.diariosur.es\/wp-content\/uploads\/sites\/49\/2014\/11\/diatres-300x225.jpg 300w\" sizes=\"(max-width: 600px) 100vw, 600px\" \/><\/a><\/p>\n<p style=\"text-align: center;\"><a href=\"\/pasarelaurbana\/wp-content\/uploads\/sites\/49\/2014\/11\/diacuatro.jpg\"><img loading=\"lazy\" class=\"aligncenter size-full wp-image-7887\" title=\"diacuatro\" src=\"\/pasarelaurbana\/wp-content\/uploads\/sites\/49\/2014\/11\/diacuatro.jpg\" alt=\"\" width=\"600\" height=\"450\" srcset=\"https:\/\/static-blogs.diariosur.es\/wp-content\/uploads\/sites\/49\/2014\/11\/diacuatro.jpg 600w, https:\/\/static-blogs.diariosur.es\/wp-content\/uploads\/sites\/49\/2014\/11\/diacuatro-300x225.jpg 300w\" sizes=\"(max-width: 600px) 100vw, 600px\" \/><\/a><\/p>\n<p style=\"text-align: center;\"><a href=\"\/pasarelaurbana\/wp-content\/uploads\/sites\/49\/2014\/11\/diacicno.jpg\"><img loading=\"lazy\" class=\"aligncenter size-full wp-image-7886\" title=\"diacicno\" src=\"\/pasarelaurbana\/wp-content\/uploads\/sites\/49\/2014\/11\/diacicno.jpg\" alt=\"\" width=\"600\" height=\"800\" srcset=\"https:\/\/static-blogs.diariosur.es\/wp-content\/uploads\/sites\/49\/2014\/11\/diacicno.jpg 600w, https:\/\/static-blogs.diariosur.es\/wp-content\/uploads\/sites\/49\/2014\/11\/diacicno-225x300.jpg 225w\" sizes=\"(max-width: 600px) 100vw, 600px\" \/><\/a><\/p>\n<p style=\"text-align: center;\">Para el d\u00eda, Camino propone una chaqueta con cuello de contraste, pajarita y gemelos de osos (todo de<strong> Mario Teo)<\/strong>. Remata el look con pantal\u00f3n y guantes de<strong> Zara<\/strong>, cintur\u00f3n <strong>Roberto Verino<\/strong>, zapatos de <strong>Antonio Parriego<\/strong> y reloj <strong>Omega<\/strong>.<\/p>\n<p style=\"text-align: center;\">PARA SALIR A CENAR:<\/p>\n<p style=\"text-align: center;\"><a href=\"\/pasarelaurbana\/wp-content\/uploads\/sites\/49\/2014\/11\/nocheuno.jpg\"><img loading=\"lazy\" class=\"aligncenter size-full wp-image-7890\" title=\"nocheuno\" src=\"\/pasarelaurbana\/wp-content\/uploads\/sites\/49\/2014\/11\/nocheuno.jpg\" alt=\"\" width=\"600\" height=\"800\" srcset=\"https:\/\/static-blogs.diariosur.es\/wp-content\/uploads\/sites\/49\/2014\/11\/nocheuno.jpg 600w, https:\/\/static-blogs.diariosur.es\/wp-content\/uploads\/sites\/49\/2014\/11\/nocheuno-225x300.jpg 225w\" sizes=\"(max-width: 600px) 100vw, 600px\" \/><\/a><\/p>\n<p style=\"text-align: center;\"><a href=\"\/pasarelaurbana\/wp-content\/uploads\/sites\/49\/2014\/11\/nochedos.jpg\"><img loading=\"lazy\" class=\"aligncenter size-full wp-image-7893\" title=\"nochedos\" src=\"\/pasarelaurbana\/wp-content\/uploads\/sites\/49\/2014\/11\/nochedos.jpg\" alt=\"\" width=\"600\" height=\"800\" srcset=\"https:\/\/static-blogs.diariosur.es\/wp-content\/uploads\/sites\/49\/2014\/11\/nochedos.jpg 600w, https:\/\/static-blogs.diariosur.es\/wp-content\/uploads\/sites\/49\/2014\/11\/nochedos-225x300.jpg 225w\" sizes=\"(max-width: 600px) 100vw, 600px\" \/><\/a><\/p>\n<p style=\"text-align: center;\"><a href=\"\/pasarelaurbana\/wp-content\/uploads\/sites\/49\/2014\/11\/nochetres.jpg\"><img loading=\"lazy\" class=\"aligncenter  wp-image-7894\" title=\"nochetres\" src=\"\/pasarelaurbana\/wp-content\/uploads\/sites\/49\/2014\/11\/nochetres.jpg\" alt=\"\" width=\"600\" height=\"450\" srcset=\"https:\/\/static-blogs.diariosur.es\/wp-content\/uploads\/sites\/49\/2014\/11\/nochetres.jpg 600w, https:\/\/static-blogs.diariosur.es\/wp-content\/uploads\/sites\/49\/2014\/11\/nochetres-300x225.jpg 300w\" sizes=\"(max-width: 600px) 100vw, 600px\" \/><\/a><\/p>\n<p style=\"text-align: center;\"><a href=\"\/pasarelaurbana\/wp-content\/uploads\/sites\/49\/2014\/11\/nochecinco.jpg\"><img loading=\"lazy\" class=\"aligncenter size-full wp-image-7891\" title=\"nochecinco\" src=\"\/pasarelaurbana\/wp-content\/uploads\/sites\/49\/2014\/11\/nochecinco.jpg\" alt=\"\" width=\"600\" height=\"450\" srcset=\"https:\/\/static-blogs.diariosur.es\/wp-content\/uploads\/sites\/49\/2014\/11\/nochecinco.jpg 600w, https:\/\/static-blogs.diariosur.es\/wp-content\/uploads\/sites\/49\/2014\/11\/nochecinco-300x225.jpg 300w\" sizes=\"(max-width: 600px) 100vw, 600px\" \/><\/a><\/p>\n<p style=\"text-align: center;\">Para salir a cenar Camino elige un look en tonos tierra compuesto por camisa blanca de <strong>Del Piero,<\/strong> chaqueta marr\u00f3n -con broche vintage en la solapa-, corbata a rayas y un original chaleco-bufanda de cuadros ingleses (precioso, me gusta adem\u00e1s para looks de chica ce\u00f1ido con un peque\u00f1o cintur\u00f3n), todo de <strong>Mario Teo.<\/strong> Completa el \u2018outfit\u2019 con pantal\u00f3n chino beige y zapatos de <strong>Zara<\/strong> y cintur\u00f3n <strong>Gucci<\/strong>.<\/p>\n<p style=\"text-align: center;\">SU APUESTA PARA UN EVENTO ESPECIAL:<\/p>\n<p style=\"text-align: center;\"><a href=\"\/pasarelaurbana\/wp-content\/uploads\/sites\/49\/2014\/11\/eventouno.jpg\"><img loading=\"lazy\" class=\"aligncenter size-full wp-image-7895\" title=\"eventouno\" src=\"\/pasarelaurbana\/wp-content\/uploads\/sites\/49\/2014\/11\/eventouno.jpg\" alt=\"\" width=\"600\" height=\"800\" srcset=\"https:\/\/static-blogs.diariosur.es\/wp-content\/uploads\/sites\/49\/2014\/11\/eventouno.jpg 600w, https:\/\/static-blogs.diariosur.es\/wp-content\/uploads\/sites\/49\/2014\/11\/eventouno-225x300.jpg 225w\" sizes=\"(max-width: 600px) 100vw, 600px\" \/><\/a><\/p>\n<p style=\"text-align: center;\"><a href=\"\/pasarelaurbana\/wp-content\/uploads\/sites\/49\/2014\/11\/eventodos.jpg\"><img loading=\"lazy\" class=\"aligncenter size-full wp-image-7896\" title=\"eventodos\" src=\"\/pasarelaurbana\/wp-content\/uploads\/sites\/49\/2014\/11\/eventodos.jpg\" alt=\"\" width=\"600\" height=\"800\" srcset=\"https:\/\/static-blogs.diariosur.es\/wp-content\/uploads\/sites\/49\/2014\/11\/eventodos.jpg 600w, https:\/\/static-blogs.diariosur.es\/wp-content\/uploads\/sites\/49\/2014\/11\/eventodos-225x300.jpg 225w\" sizes=\"(max-width: 600px) 100vw, 600px\" \/><\/a><\/p>\n<p style=\"text-align: center;\"><a href=\"\/pasarelaurbana\/wp-content\/uploads\/sites\/49\/2014\/11\/eventocuatro.jpg\"><img loading=\"lazy\" class=\"aligncenter  wp-image-7898\" title=\"eventocuatro\" src=\"\/pasarelaurbana\/wp-content\/uploads\/sites\/49\/2014\/11\/eventocuatro.jpg\" alt=\"\" width=\"600\" height=\"800\" srcset=\"https:\/\/static-blogs.diariosur.es\/wp-content\/uploads\/sites\/49\/2014\/11\/eventocuatro.jpg 600w, https:\/\/static-blogs.diariosur.es\/wp-content\/uploads\/sites\/49\/2014\/11\/eventocuatro-225x300.jpg 225w\" sizes=\"(max-width: 600px) 100vw, 600px\" \/><\/a><\/p>\n<p style=\"text-align: center;\">Su apuesta para un evento? Este impecable traje de <strong>Montesco Alta Costura<\/strong> con aires de college ingl\u00e9s. Zapatos burdeos de<strong> Guy Laroche,\u00a0<\/strong>pajarita de tart\u00e1n de<strong> Mario Teo<\/strong> y pa\u00f1uelo de seda burdeos tra\u00eddo de Ir\u00e1n por un amigo.<\/p>\n<p style=\"text-align: center;\"><span style=\"text-decoration: underline;\">SUS PRENDAS ESPECIALES<\/span><\/p>\n<p style=\"text-align: center;\"><a href=\"\/pasarelaurbana\/wp-content\/uploads\/sites\/49\/2014\/11\/especialseis.jpg\"><img loading=\"lazy\" class=\"aligncenter size-full wp-image-7905\" title=\"especialseis\" src=\"\/pasarelaurbana\/wp-content\/uploads\/sites\/49\/2014\/11\/especialseis.jpg\" alt=\"\" width=\"600\" height=\"800\" srcset=\"https:\/\/static-blogs.diariosur.es\/wp-content\/uploads\/sites\/49\/2014\/11\/especialseis.jpg 600w, https:\/\/static-blogs.diariosur.es\/wp-content\/uploads\/sites\/49\/2014\/11\/especialseis-225x300.jpg 225w\" sizes=\"(max-width: 600px) 100vw, 600px\" \/><\/a><\/p>\n<p style=\"text-align: center;\"><a href=\"\/pasarelaurbana\/wp-content\/uploads\/sites\/49\/2014\/11\/especialdos.jpg\"><img loading=\"lazy\" class=\"aligncenter size-full wp-image-7904\" title=\"especialdos\" src=\"\/pasarelaurbana\/wp-content\/uploads\/sites\/49\/2014\/11\/especialdos.jpg\" alt=\"\" width=\"600\" height=\"800\" srcset=\"https:\/\/static-blogs.diariosur.es\/wp-content\/uploads\/sites\/49\/2014\/11\/especialdos.jpg 600w, https:\/\/static-blogs.diariosur.es\/wp-content\/uploads\/sites\/49\/2014\/11\/especialdos-225x300.jpg 225w\" sizes=\"(max-width: 600px) 100vw, 600px\" \/><\/a><\/p>\n<p style=\"text-align: center;\">Sobre estas l\u00edneas, un polo azul marino y una corbata que pertenecieron a su padre de joven y \u00a0que Mario se sigue poniendo.<\/p>\n<p style=\"text-align: center;\"><a href=\"\/pasarelaurbana\/wp-content\/uploads\/sites\/49\/2014\/11\/especialtres.jpg\"><img loading=\"lazy\" class=\"aligncenter size-full wp-image-7906\" title=\"especialtres\" src=\"\/pasarelaurbana\/wp-content\/uploads\/sites\/49\/2014\/11\/especialtres.jpg\" alt=\"\" width=\"600\" height=\"800\" srcset=\"https:\/\/static-blogs.diariosur.es\/wp-content\/uploads\/sites\/49\/2014\/11\/especialtres.jpg 600w, https:\/\/static-blogs.diariosur.es\/wp-content\/uploads\/sites\/49\/2014\/11\/especialtres-225x300.jpg 225w\" sizes=\"(max-width: 600px) 100vw, 600px\" \/><\/a><\/p>\n<p style=\"text-align: center;\">Entre las prendas especiales del dise\u00f1ador de alta costura figura este chaleco con mu\u00f1ecos de<strong> Moschino<\/strong>, que lleva con \u00e9l muchos a\u00f1os.<\/p>\n<p style=\"text-align: center;\"><a href=\"\/pasarelaurbana\/wp-content\/uploads\/sites\/49\/2014\/11\/especialcuatro.jpg\"><img loading=\"lazy\" class=\"aligncenter size-full wp-image-7903\" title=\"especialcuatro\" src=\"\/pasarelaurbana\/wp-content\/uploads\/sites\/49\/2014\/11\/especialcuatro.jpg\" alt=\"\" width=\"600\" height=\"450\" srcset=\"https:\/\/static-blogs.diariosur.es\/wp-content\/uploads\/sites\/49\/2014\/11\/especialcuatro.jpg 600w, https:\/\/static-blogs.diariosur.es\/wp-content\/uploads\/sites\/49\/2014\/11\/especialcuatro-300x225.jpg 300w\" sizes=\"(max-width: 600px) 100vw, 600px\" \/><\/a><\/p>\n<p style=\"text-align: center;\">M encanta el punto naif que aporta este simp\u00e1tico cintur\u00f3n de Snoopy. Es de la otra mitad de Montesco, Carlos Aguirre. &#8220;Se lo compr\u00f3 cuando ten\u00eda 14 a\u00f1os en Muriel y aqu\u00ed lo tengo&#8221;.<\/p>\n<p style=\"text-align: center;\"><a href=\"\/pasarelaurbana\/wp-content\/uploads\/sites\/49\/2014\/11\/especialcinco.jpg\"><img loading=\"lazy\" class=\"aligncenter size-full wp-image-7902\" title=\"especialcinco\" src=\"\/pasarelaurbana\/wp-content\/uploads\/sites\/49\/2014\/11\/especialcinco.jpg\" alt=\"\" width=\"600\" height=\"800\" srcset=\"https:\/\/static-blogs.diariosur.es\/wp-content\/uploads\/sites\/49\/2014\/11\/especialcinco.jpg 600w, https:\/\/static-blogs.diariosur.es\/wp-content\/uploads\/sites\/49\/2014\/11\/especialcinco-225x300.jpg 225w\" sizes=\"(max-width: 600px) 100vw, 600px\" \/><\/a><\/p>\n<p style=\"text-align: center;\">Sobre estas l\u00edneas, rebeca b\u00e1sica de<strong> Zara<\/strong> que Mario transforma por completo cambi\u00e1ndole los botines y coloc\u00e1ndole broches antiguos de rastros.<\/p>\n<p style=\"text-align: center;\"><a href=\"\/pasarelaurbana\/wp-content\/uploads\/sites\/49\/2014\/11\/especialuno.jpg\"><img loading=\"lazy\" class=\"aligncenter size-full wp-image-7907\" title=\"especialuno\" src=\"\/pasarelaurbana\/wp-content\/uploads\/sites\/49\/2014\/11\/especialuno.jpg\" alt=\"\" width=\"600\" height=\"800\" srcset=\"https:\/\/static-blogs.diariosur.es\/wp-content\/uploads\/sites\/49\/2014\/11\/especialuno.jpg 600w, https:\/\/static-blogs.diariosur.es\/wp-content\/uploads\/sites\/49\/2014\/11\/especialuno-225x300.jpg 225w\" sizes=\"(max-width: 600px) 100vw, 600px\" \/><\/a><\/p>\n<p style=\"text-align: center;\">Esta chaqueta de terciopelo con coderas y escudos es una de sus favoritas, lleva con \u00e9l media vida.<\/p>\n<p style=\"text-align: center;\"><span style=\"text-decoration: underline;\">SUS COMPLEMENTOS:<\/span><\/p>\n<p style=\"text-align: center;\"><a href=\"\/pasarelaurbana\/wp-content\/uploads\/sites\/49\/2014\/11\/complementouno.jpg\"><img loading=\"lazy\" class=\"aligncenter size-full wp-image-7901\" title=\"complementouno\" src=\"\/pasarelaurbana\/wp-content\/uploads\/sites\/49\/2014\/11\/complementouno.jpg\" alt=\"\" width=\"600\" height=\"450\" srcset=\"https:\/\/static-blogs.diariosur.es\/wp-content\/uploads\/sites\/49\/2014\/11\/complementouno.jpg 600w, https:\/\/static-blogs.diariosur.es\/wp-content\/uploads\/sites\/49\/2014\/11\/complementouno-300x225.jpg 300w\" sizes=\"(max-width: 600px) 100vw, 600px\" \/><\/a><\/p>\n<p style=\"text-align: center;\">Arriba, mecheros antiguos <strong>Dupont<\/strong>, botones comprados en <strong>rastros<\/strong> y relojes de bolsillo y broches<strong> de su abuelo<\/strong>. Abajo, el Omega regalo de pedida de<strong> su padre<\/strong> y un alfiler de San Sebasti\u00e1n de Antequera regalo de un amigo.<\/p>\n<p style=\"text-align: center;\"><a href=\"\/pasarelaurbana\/wp-content\/uploads\/sites\/49\/2014\/11\/complementosdos.jpg\"><img loading=\"lazy\" class=\"aligncenter size-full wp-image-7908\" title=\"complementosdos\" src=\"\/pasarelaurbana\/wp-content\/uploads\/sites\/49\/2014\/11\/complementosdos.jpg\" alt=\"\" width=\"600\" height=\"450\" srcset=\"https:\/\/static-blogs.diariosur.es\/wp-content\/uploads\/sites\/49\/2014\/11\/complementosdos.jpg 600w, https:\/\/static-blogs.diariosur.es\/wp-content\/uploads\/sites\/49\/2014\/11\/complementosdos-300x225.jpg 300w\" sizes=\"(max-width: 600px) 100vw, 600px\" \/><\/a><\/p>\n<p style=\"text-align: center;\">\u00a0Los pa\u00f1uelos<strong> bordados por su abuela<\/strong> figuran entre sus tesoros (les gusta llevarlos en la chaqueta). El cintur\u00f3n corbata es de<strong> Mario Teo<\/strong>.<\/p>\n<p style=\"text-align: center;\"><a href=\"\/pasarelaurbana\/wp-content\/uploads\/sites\/49\/2014\/11\/CONMARIO.jpg\"><img loading=\"lazy\" class=\"aligncenter size-full wp-image-7909\" title=\"CONMARIO\" src=\"\/pasarelaurbana\/wp-content\/uploads\/sites\/49\/2014\/11\/CONMARIO.jpg\" alt=\"\" width=\"600\" height=\"800\" srcset=\"https:\/\/static-blogs.diariosur.es\/wp-content\/uploads\/sites\/49\/2014\/11\/CONMARIO.jpg 600w, https:\/\/static-blogs.diariosur.es\/wp-content\/uploads\/sites\/49\/2014\/11\/CONMARIO-225x300.jpg 225w\" sizes=\"(max-width: 600px) 100vw, 600px\" \/><\/a><\/p>\n<p style=\"text-align: center;\">Y terminamos como siempre con una foto del shooting, que hicimos en casa de Mario, un piso precioso en pleno Centro de M\u00e1laga decorado con un gusto exquisito. Agradezco desde aqu\u00ed a Mario su colaboraci\u00f3n en todos los preparativos del reportaje y su amabilidad, \u00a1eres un cielo, adem\u00e1s de un ARTISTA!<\/p>\n<p style=\"text-align: center;\"><span style=\"text-decoration: underline;\">SU RUTA DE TIENDAS<\/span><\/p>\n<p style=\"text-align: center;\">1. <strong>Zara<\/strong>. All\u00ed compra prendas b\u00e1sicas, como rebecas, que personaliza.<br \/>\n2. <strong>Mario Teo<\/strong>. Las prendas de su boutique de calle Santos dominan sus looks.<br \/>\n3. <strong>Antonio Parriego<\/strong>. Esta zapater\u00eda malague\u00f1a es una de sus paradas clave.<br \/>\n4. <strong>Hackett<\/strong>. Es una de sus marcas favoritas, \u00abme gusta su aire ingl\u00e9s\u00bb.<br \/>\n5.<strong>Rastros<\/strong>. En los de\u00a0 Fuengirola y Torremolinos\u00a0 busca piezas vintage.<\/p>\n<p style=\"text-align: center;\">\u00a1Espero que os haya gustado! \u00a1Feliz fin de semana!<\/p>\n","protected":false},"excerpt":{"rendered":"<p>Sus sofisticados estilismos destilan sabor ingl\u00e9s por los cuatro costados. Es, lo que podr\u00eda decirse, un perfecto dandi \u2018british\u2019. \u00abO un ni\u00f1o de cualquier college\u00bb, como este Peter Pan eterno prefiere que le cataloguen. Y es que Mario Camino, dise\u00f1ador de alta costura de Montesco, se resiste a perder esa esencia infantil. Quiz\u00e1s, por eso, [&hellip;]<\/p>\n","protected":false},"author":54,"featured_media":0,"comment_status":"open","ping_status":"open","sticky":false,"template":"","format":"standard","meta":[],"categories":[2],"tags":[],"_links":{"self":[{"href":"https:\/\/blogs.diariosur.es\/pasarelaurbana\/wp-json\/wp\/v2\/posts\/7900"}],"collection":[{"href":"https:\/\/blogs.diariosur.es\/pasarelaurbana\/wp-json\/wp\/v2\/posts"}],"about":[{"href":"https:\/\/blogs.diariosur.es\/pasarelaurbana\/wp-json\/wp\/v2\/types\/post"}],"author":[{"embeddable":true,"href":"https:\/\/blogs.diariosur.es\/pasarelaurbana\/wp-json\/wp\/v2\/users\/54"}],"replies":[{"embeddable":true,"href":"https:\/\/blogs.diariosur.es\/pasarelaurbana\/wp-json\/wp\/v2\/comments?post=7900"}],"version-history":[{"count":0,"href":"https:\/\/blogs.diariosur.es\/pasarelaurbana\/wp-json\/wp\/v2\/posts\/7900\/revisions"}],"wp:attachment":[{"href":"https:\/\/blogs.diariosur.es\/pasarelaurbana\/wp-json\/wp\/v2\/media?parent=7900"}],"wp:term":[{"taxonomy":"category","embeddable":true,"href":"https:\/\/blogs.diariosur.es\/pasarelaurbana\/wp-json\/wp\/v2\/categories?post=7900"},{"taxonomy":"post_tag","embeddable":true,"href":"https:\/\/blogs.diariosur.es\/pasarelaurbana\/wp-json\/wp\/v2\/tags?post=7900"}],"curies":[{"name":"wp","href":"https:\/\/api.w.org\/{rel}","templated":true}]}}