{"id":7973,"date":"2014-11-25T15:29:12","date_gmt":"2014-11-25T14:29:12","guid":{"rendered":"http:\/\/blogs.diariosur.es\/pasarelaurbana\/?p=7973"},"modified":"2014-11-25T15:29:12","modified_gmt":"2014-11-25T14:29:12","slug":"bienvendios-scalpers","status":"publish","type":"post","link":"https:\/\/blogs.diariosur.es\/pasarelaurbana\/2014\/11\/25\/bienvendios-scalpers\/","title":{"rendered":"\u00a1Bienvenidos ScalperS!"},"content":{"rendered":"<div style=\"width: 610px\" class=\"wp-caption aligncenter\"><a href=\"\/pasarelaurbana\/wp-content\/uploads\/sites\/49\/2014\/11\/scalperlore.jpg\"><img loading=\"lazy\" title=\"scalperlore\" src=\"\/pasarelaurbana\/wp-content\/uploads\/sites\/49\/2014\/11\/scalperlore.jpg\" alt=\"Alfonso Vivancos y Borja V\u00e1zquez, dos de los socios de ScalperS.\" width=\"600\" height=\"400\" \/><\/a><p class=\"wp-caption-text\">Alfonso Vivancos y Borja V\u00e1zquez, dos de los socios de ScalperS.<\/p><\/div>\n<p style=\"text-align: center;\">ScalperS ya ha hecho su puesta de largo oficial en M\u00e1laga. Aunque la firma de ropa masculina lleva tiempo instalada en el Centro, fue hace un par de semanas cuando quiso celebrar su presencia en la capital con una fiesta de apertura que cont\u00f3 con la presencia de un centenar de personas. Entre ellas, una servidora, que ya sab\u00e9is que siempre que puedo -o mejor dicho, que el peque me deja porque me tiene absorbida por las tardes- acudo a apoyar este tipo de actos. Entre los asistentes, personalidades de la empresa, la comunicaci\u00f3n y la moda local. Alfonso Vivancos y Borja V\u00e1zquez, los dos socios fundadores de la firma junto a Rafael Medina (que ha cedido sus acciones a su mujer, Laura Vecino) ejercieron de anfitriones de la presentaci\u00f3n de la nueva tienda situada en la<strong> calle Mar\u00edn Garc\u00eda 14.<\/strong> El local respira el mismo aire urbana con un toque industrial y bohemio que est\u00e1 presente en todos los espacios de la ense\u00f1a. <\/p>\n<p style=\"text-align: center;\">La firma de las calaveras -con ese toque entre canalla y dandi-\u00a0 inaugura as\u00ed su tercer punto de venta en la provincia, que se suma a los corners que ya posee en El Corte Ingl\u00e9s M\u00e1laga y Marbella. Los asistentes al evento disfrutaron de un c\u00f3ctel mientras aprovecharon para conocer la colecci\u00f3n oto\u00f1o-invierno de la marca (en la que el burdeos, el azul marino, el verde botella o el beige son claros protagonistas). Sus complementos irreverentes conjugados con una l\u00ednea de sastrer\u00eda cl\u00e1sica y unos b\u00e1sicos vers\u00e1tiles y sofisticados al mismo tiempo son los buques insignia de una casa que se dirige a un hombre actual y elegante, que renuncia a elegir entre confort y estilo. Con \u00e9sta ya son 32 las tiendas que ScalperS posee, contando sus recientes aperturas en M\u00e9xico y Portugal.<\/p>\n<p style=\"text-align: center;\">Pues eso&#8230;\u00a1Bienvenidos!<strong> Os dejo con unas im\u00e1genes del acto y del look que eleg\u00ed para acudir como invitad<\/strong>a, compuesto por mi nuevo bodie de <a href=\"https:\/\/blogs.diariosur.es\/pasarelaurbana\/2014\/11\/19\/sabina-una-tienda-de-obligada-visita-en-calle-la-union\/\">Sabina <\/a>(que me tiene loca) con escotazo de espalda y lazadas en los hombros, falda de print parisino de Aliexpress (mi favorita de este oto\u00f1o), sandalias nude de Zara y limosnera joya de Accessorize.<\/p>\n<p style=\"text-align: center;\"><!--more--><\/p>\n<div id=\"attachment_7974\" style=\"width: 610px\" class=\"wp-caption aligncenter\"><a href=\"\/pasarelaurbana\/wp-content\/uploads\/sites\/49\/2014\/11\/scalpersloredos.jpg\"><img aria-describedby=\"caption-attachment-7974\" loading=\"lazy\" class=\"size-full wp-image-7974\" title=\"scalpersloredos\" src=\"\/pasarelaurbana\/wp-content\/uploads\/sites\/49\/2014\/11\/scalpersloredos.jpg\" alt=\"Fede Mateos, \u00c1lvaro Guti\u00e9rrez, Miguel Calder\u00f3n y Manuel Rodr\u00edguez.\" width=\"600\" height=\"400\" srcset=\"https:\/\/static-blogs.diariosur.es\/wp-content\/uploads\/sites\/49\/2014\/11\/scalpersloredos.jpg 600w, https:\/\/static-blogs.diariosur.es\/wp-content\/uploads\/sites\/49\/2014\/11\/scalpersloredos-300x200.jpg 300w\" sizes=\"(max-width: 600px) 100vw, 600px\" \/><\/a><p id=\"caption-attachment-7974\" class=\"wp-caption-text\">Fede Mateos, \u00c1lvaro Guti\u00e9rrez, Miguel Calder\u00f3n y Manuel Rodr\u00edguez.<\/p><\/div>\n<p style=\"text-align: center;\"><a href=\"\/pasarelaurbana\/wp-content\/uploads\/sites\/49\/2014\/11\/113.jpg\"><img loading=\"lazy\" class=\"aligncenter size-full wp-image-7975\" title=\"1\" src=\"\/pasarelaurbana\/wp-content\/uploads\/sites\/49\/2014\/11\/113.jpg\" alt=\"\" width=\"600\" height=\"450\" srcset=\"https:\/\/static-blogs.diariosur.es\/wp-content\/uploads\/sites\/49\/2014\/11\/113.jpg 600w, https:\/\/static-blogs.diariosur.es\/wp-content\/uploads\/sites\/49\/2014\/11\/113-300x225.jpg 300w\" sizes=\"(max-width: 600px) 100vw, 600px\" \/><\/a><\/p>\n<p style=\"text-align: center;\"><a href=\"\/pasarelaurbana\/wp-content\/uploads\/sites\/49\/2014\/11\/45.jpg\"><img loading=\"lazy\" class=\"aligncenter size-full wp-image-7988\" title=\"4\" src=\"\/pasarelaurbana\/wp-content\/uploads\/sites\/49\/2014\/11\/45.jpg\" alt=\"\" width=\"600\" height=\"450\" srcset=\"https:\/\/static-blogs.diariosur.es\/wp-content\/uploads\/sites\/49\/2014\/11\/45.jpg 600w, https:\/\/static-blogs.diariosur.es\/wp-content\/uploads\/sites\/49\/2014\/11\/45-300x225.jpg 300w\" sizes=\"(max-width: 600px) 100vw, 600px\" \/><\/a><\/p>\n<p style=\"text-align: center;\"><a href=\"\/pasarelaurbana\/wp-content\/uploads\/sites\/49\/2014\/11\/54.jpg\"><img loading=\"lazy\" class=\"aligncenter size-full wp-image-7979\" title=\"5\" src=\"\/pasarelaurbana\/wp-content\/uploads\/sites\/49\/2014\/11\/54.jpg\" alt=\"\" width=\"600\" height=\"800\" srcset=\"https:\/\/static-blogs.diariosur.es\/wp-content\/uploads\/sites\/49\/2014\/11\/54.jpg 600w, https:\/\/static-blogs.diariosur.es\/wp-content\/uploads\/sites\/49\/2014\/11\/54-225x300.jpg 225w\" sizes=\"(max-width: 600px) 100vw, 600px\" \/><\/a><\/p>\n<p style=\"text-align: center;\"><a href=\"\/pasarelaurbana\/wp-content\/uploads\/sites\/49\/2014\/11\/64.jpg\"><img loading=\"lazy\" class=\"aligncenter size-full wp-image-7980\" title=\"6\" src=\"\/pasarelaurbana\/wp-content\/uploads\/sites\/49\/2014\/11\/64.jpg\" alt=\"\" width=\"600\" height=\"800\" srcset=\"https:\/\/static-blogs.diariosur.es\/wp-content\/uploads\/sites\/49\/2014\/11\/64.jpg 600w, https:\/\/static-blogs.diariosur.es\/wp-content\/uploads\/sites\/49\/2014\/11\/64-225x300.jpg 225w\" sizes=\"(max-width: 600px) 100vw, 600px\" \/><\/a><\/p>\n<p style=\"text-align: center;\"><a href=\"\/pasarelaurbana\/wp-content\/uploads\/sites\/49\/2014\/11\/114.jpg\"><img loading=\"lazy\" class=\"aligncenter size-full wp-image-7984\" title=\"11\" src=\"\/pasarelaurbana\/wp-content\/uploads\/sites\/49\/2014\/11\/114.jpg\" alt=\"\" width=\"600\" height=\"450\" srcset=\"https:\/\/static-blogs.diariosur.es\/wp-content\/uploads\/sites\/49\/2014\/11\/114.jpg 600w, https:\/\/static-blogs.diariosur.es\/wp-content\/uploads\/sites\/49\/2014\/11\/114-300x225.jpg 300w\" sizes=\"(max-width: 600px) 100vw, 600px\" \/><\/a><\/p>\n<p style=\"text-align: center;\"><a href=\"\/pasarelaurbana\/wp-content\/uploads\/sites\/49\/2014\/11\/123.jpg\"><img loading=\"lazy\" class=\"aligncenter size-full wp-image-7985\" title=\"12\" src=\"\/pasarelaurbana\/wp-content\/uploads\/sites\/49\/2014\/11\/123.jpg\" alt=\"\" width=\"600\" height=\"450\" srcset=\"https:\/\/static-blogs.diariosur.es\/wp-content\/uploads\/sites\/49\/2014\/11\/123.jpg 600w, https:\/\/static-blogs.diariosur.es\/wp-content\/uploads\/sites\/49\/2014\/11\/123-300x225.jpg 300w\" sizes=\"(max-width: 600px) 100vw, 600px\" \/><\/a><\/p>\n<p style=\"text-align: center;\"><a href=\"\/pasarelaurbana\/wp-content\/uploads\/sites\/49\/2014\/11\/133.jpg\"><img loading=\"lazy\" class=\"aligncenter size-full wp-image-7986\" title=\"13\" src=\"\/pasarelaurbana\/wp-content\/uploads\/sites\/49\/2014\/11\/133.jpg\" alt=\"\" width=\"600\" height=\"800\" srcset=\"https:\/\/static-blogs.diariosur.es\/wp-content\/uploads\/sites\/49\/2014\/11\/133.jpg 600w, https:\/\/static-blogs.diariosur.es\/wp-content\/uploads\/sites\/49\/2014\/11\/133-225x300.jpg 225w\" sizes=\"(max-width: 600px) 100vw, 600px\" \/><\/a><\/p>\n<p style=\"text-align: center;\"><a href=\"\/pasarelaurbana\/wp-content\/uploads\/sites\/49\/2014\/11\/24.jpg\"><img loading=\"lazy\" class=\"aligncenter size-full wp-image-7976\" title=\"2\" src=\"\/pasarelaurbana\/wp-content\/uploads\/sites\/49\/2014\/11\/24.jpg\" alt=\"\" width=\"600\" height=\"450\" srcset=\"https:\/\/static-blogs.diariosur.es\/wp-content\/uploads\/sites\/49\/2014\/11\/24.jpg 600w, https:\/\/static-blogs.diariosur.es\/wp-content\/uploads\/sites\/49\/2014\/11\/24-300x225.jpg 300w\" sizes=\"(max-width: 600px) 100vw, 600px\" \/><\/a><\/p>\n<p style=\"text-align: center;\"><a href=\"\/pasarelaurbana\/wp-content\/uploads\/sites\/49\/2014\/11\/104.jpg\"><img loading=\"lazy\" class=\"aligncenter size-full wp-image-7983\" title=\"10\" src=\"\/pasarelaurbana\/wp-content\/uploads\/sites\/49\/2014\/11\/104.jpg\" alt=\"\" width=\"600\" height=\"600\" srcset=\"https:\/\/static-blogs.diariosur.es\/wp-content\/uploads\/sites\/49\/2014\/11\/104.jpg 600w, https:\/\/static-blogs.diariosur.es\/wp-content\/uploads\/sites\/49\/2014\/11\/104-150x150.jpg 150w, https:\/\/static-blogs.diariosur.es\/wp-content\/uploads\/sites\/49\/2014\/11\/104-300x300.jpg 300w\" sizes=\"(max-width: 600px) 100vw, 600px\" \/><\/a><\/p>\n<p style=\"text-align: center;\"><a href=\"\/pasarelaurbana\/wp-content\/uploads\/sites\/49\/2014\/11\/94.jpg\"><img loading=\"lazy\" class=\"aligncenter size-full wp-image-7982\" title=\"9\" src=\"\/pasarelaurbana\/wp-content\/uploads\/sites\/49\/2014\/11\/94.jpg\" alt=\"\" width=\"600\" height=\"800\" srcset=\"https:\/\/static-blogs.diariosur.es\/wp-content\/uploads\/sites\/49\/2014\/11\/94.jpg 600w, https:\/\/static-blogs.diariosur.es\/wp-content\/uploads\/sites\/49\/2014\/11\/94-225x300.jpg 225w\" sizes=\"(max-width: 600px) 100vw, 600px\" \/><\/a><\/p>\n<p style=\"text-align: center;\">\u00a1Hasta el jueves!<\/p>\n<p>&nbsp;<\/p>\n","protected":false},"excerpt":{"rendered":"<p>ScalperS ya ha hecho su puesta de largo oficial en M\u00e1laga. Aunque la firma de ropa masculina lleva tiempo instalada en el Centro, fue hace un par de semanas cuando quiso celebrar su presencia en la capital con una fiesta de apertura que cont\u00f3 con la presencia de un centenar de personas. Entre ellas, una [&hellip;]<\/p>\n","protected":false},"author":54,"featured_media":0,"comment_status":"open","ping_status":"open","sticky":false,"template":"","format":"standard","meta":[],"categories":[2],"tags":[],"_links":{"self":[{"href":"https:\/\/blogs.diariosur.es\/pasarelaurbana\/wp-json\/wp\/v2\/posts\/7973"}],"collection":[{"href":"https:\/\/blogs.diariosur.es\/pasarelaurbana\/wp-json\/wp\/v2\/posts"}],"about":[{"href":"https:\/\/blogs.diariosur.es\/pasarelaurbana\/wp-json\/wp\/v2\/types\/post"}],"author":[{"embeddable":true,"href":"https:\/\/blogs.diariosur.es\/pasarelaurbana\/wp-json\/wp\/v2\/users\/54"}],"replies":[{"embeddable":true,"href":"https:\/\/blogs.diariosur.es\/pasarelaurbana\/wp-json\/wp\/v2\/comments?post=7973"}],"version-history":[{"count":0,"href":"https:\/\/blogs.diariosur.es\/pasarelaurbana\/wp-json\/wp\/v2\/posts\/7973\/revisions"}],"wp:attachment":[{"href":"https:\/\/blogs.diariosur.es\/pasarelaurbana\/wp-json\/wp\/v2\/media?parent=7973"}],"wp:term":[{"taxonomy":"category","embeddable":true,"href":"https:\/\/blogs.diariosur.es\/pasarelaurbana\/wp-json\/wp\/v2\/categories?post=7973"},{"taxonomy":"post_tag","embeddable":true,"href":"https:\/\/blogs.diariosur.es\/pasarelaurbana\/wp-json\/wp\/v2\/tags?post=7973"}],"curies":[{"name":"wp","href":"https:\/\/api.w.org\/{rel}","templated":true}]}}