{"id":7991,"date":"2014-11-29T02:02:53","date_gmt":"2014-11-29T01:02:53","guid":{"rendered":"http:\/\/blogs.diariosur.es\/pasarelaurbana\/?p=7991"},"modified":"2014-11-29T02:02:53","modified_gmt":"2014-11-29T01:02:53","slug":"el-armario-de-may-ramirez","status":"publish","type":"post","link":"https:\/\/blogs.diariosur.es\/pasarelaurbana\/2014\/11\/29\/el-armario-de-may-ramirez\/","title":{"rendered":"El armario de May Ram\u00edrez"},"content":{"rendered":"<p style=\"text-align: center;\"><a href=\"\/pasarelaurbana\/wp-content\/uploads\/sites\/49\/2014\/11\/105.jpg\"><img loading=\"lazy\" title=\"10\" src=\"\/pasarelaurbana\/wp-content\/uploads\/sites\/49\/2014\/11\/105.jpg\" alt=\"\" width=\"600\" height=\"800\" \/><\/a><\/p>\n<p style=\"text-align: center;\">De base cl\u00e1sica pero siempre con un punto actual. Con la sobriedad por bandera, en los sofisticados looks de May Ram\u00edrez reinan las prendas atemporales de fondo de armario que cuidadosamente elige para burlar las caprichosas modas caducas. \u00bfSu m\u00e1xima? La discreta elegancia. Ese arte de lograr ir siempre perfecta e impecable sin acaparar miradas. Algo que domina a la perfecci\u00f3n esta economista, vicepresidenta segunda del Club de Leones M\u00e1laga-Limonar y madre de dos ni\u00f1os.<br \/>\nLa moda, reconoce, es uno de los ejes de su vida. Una forma de enfrentarse al mundo. \u00abEl c\u00f3mo vistas te da actitud, autoestima, seguridad&#8230;es un reflejo de la personalidad de cada cual\u00bb, advierte. Desde muy joven May se sinti\u00f3 atra\u00edda por toda esta industria. \u00abEstudiando la carrera me pidieron que desfilara en la antigua Pe\u00f1a Malaguista para recaudar fondos para un viaje y hace poco repet\u00ed con Gemma Mel\u00e9, aunque me muero de verg\u00fcenza\u00bb, revela.<br \/>\nLas chaquetas diplom\u00e1ticas, las camisas cl\u00e1sicas de estampados lisos, los pantalones pitillo y los vestidos rectos tipo t\u00fanica son los claros protagonistas de sus looks de diario, en los que predominan los tonos tierra. Tampoco faltan en sus estilismos \u00abde batalla\u00bb los abrigos de tres cuartos, \u00abque llevo usando media vida porque me encantan\u00bb, las botas planas y las manoletinas joya. Y es que, como recalca, la funcionalidad y la comodidad son dos de los pilares de sus \u2018outfits\u2019, en los que siempre cuela alg\u00fan gui\u00f1o informal y juvenil que reste seriedad al resultado final.<br \/>\nAl caer el sol, Ram\u00edrez -poco amiga de los riesgos- apuesta a caballo ganador y es de las incondicionales al negro, color que rige sus looks de noche. \u00abTambi\u00e9n me gustan mucho el burdeos o el marr\u00f3n, que combino con algunas notas de colores m\u00e1s vivos en los complementos\u00bb, sostiene. Para los eventos especiales, sin embargo, intenta recurrir siempre al que es su color fetiche: el verde esperanza, por el que siente una especial debilidad. Los complementos son pieza clave en sus estilismos, casi siempre aderezados por un brazalete llamativo o\u00a0 un collar XL de pedrer\u00eda. \u00bfSu consejo para capear la crisis? Reciclar prendas antiguas y adaptarlas a las tendencias actuales con la ayuda de una buena modista.<\/p>\n<p style=\"text-align: center;\">Os dejo con sus looks al detalle en fotos. \u00a1Espero que os guste! \u00a1Hasta el lunes!<\/p>\n<p style=\"text-align: center;\"><!--more--><\/p>\n<p style=\"text-align: center;\"><span style=\"text-decoration: underline;\">LOOK DE D\u00cdA<\/span>:<\/p>\n<p style=\"text-align: center;\"><a href=\"\/pasarelaurbana\/wp-content\/uploads\/sites\/49\/2014\/11\/115.jpg\"><img loading=\"lazy\" class=\"aligncenter size-full wp-image-7993\" title=\"1\" src=\"\/pasarelaurbana\/wp-content\/uploads\/sites\/49\/2014\/11\/115.jpg\" alt=\"\" width=\"600\" height=\"800\" srcset=\"https:\/\/static-blogs.diariosur.es\/wp-content\/uploads\/sites\/49\/2014\/11\/115.jpg 600w, https:\/\/static-blogs.diariosur.es\/wp-content\/uploads\/sites\/49\/2014\/11\/115-225x300.jpg 225w\" sizes=\"(max-width: 600px) 100vw, 600px\" \/><\/a><\/p>\n<p style=\"text-align: center;\"><a href=\"\/pasarelaurbana\/wp-content\/uploads\/sites\/49\/2014\/11\/25.jpg\"><img loading=\"lazy\" class=\"aligncenter size-full wp-image-7994\" title=\"2\" src=\"\/pasarelaurbana\/wp-content\/uploads\/sites\/49\/2014\/11\/25.jpg\" alt=\"\" width=\"600\" height=\"450\" srcset=\"https:\/\/static-blogs.diariosur.es\/wp-content\/uploads\/sites\/49\/2014\/11\/25.jpg 600w, https:\/\/static-blogs.diariosur.es\/wp-content\/uploads\/sites\/49\/2014\/11\/25-300x225.jpg 300w\" sizes=\"(max-width: 600px) 100vw, 600px\" \/><\/a><\/p>\n<p style=\"text-align: center;\"><a href=\"\/pasarelaurbana\/wp-content\/uploads\/sites\/49\/2014\/11\/35.jpg\"><img loading=\"lazy\" class=\"aligncenter size-full wp-image-7995\" title=\"3\" src=\"\/pasarelaurbana\/wp-content\/uploads\/sites\/49\/2014\/11\/35.jpg\" alt=\"\" width=\"600\" height=\"450\" srcset=\"https:\/\/static-blogs.diariosur.es\/wp-content\/uploads\/sites\/49\/2014\/11\/35.jpg 600w, https:\/\/static-blogs.diariosur.es\/wp-content\/uploads\/sites\/49\/2014\/11\/35-300x225.jpg 300w\" sizes=\"(max-width: 600px) 100vw, 600px\" \/><\/a><\/p>\n<p style=\"text-align: center;\"><a href=\"\/pasarelaurbana\/wp-content\/uploads\/sites\/49\/2014\/11\/46.jpg\"><img loading=\"lazy\" class=\"aligncenter size-full wp-image-7996\" title=\"4\" src=\"\/pasarelaurbana\/wp-content\/uploads\/sites\/49\/2014\/11\/46.jpg\" alt=\"\" width=\"600\" height=\"800\" srcset=\"https:\/\/static-blogs.diariosur.es\/wp-content\/uploads\/sites\/49\/2014\/11\/46.jpg 600w, https:\/\/static-blogs.diariosur.es\/wp-content\/uploads\/sites\/49\/2014\/11\/46-225x300.jpg 225w\" sizes=\"(max-width: 600px) 100vw, 600px\" \/><\/a><\/p>\n<p style=\"text-align: center;\"><a href=\"\/pasarelaurbana\/wp-content\/uploads\/sites\/49\/2014\/11\/55.jpg\"><img loading=\"lazy\" class=\"aligncenter size-full wp-image-7997\" title=\"5\" src=\"\/pasarelaurbana\/wp-content\/uploads\/sites\/49\/2014\/11\/55.jpg\" alt=\"\" width=\"600\" height=\"800\" srcset=\"https:\/\/static-blogs.diariosur.es\/wp-content\/uploads\/sites\/49\/2014\/11\/55.jpg 600w, https:\/\/static-blogs.diariosur.es\/wp-content\/uploads\/sites\/49\/2014\/11\/55-225x300.jpg 225w\" sizes=\"(max-width: 600px) 100vw, 600px\" \/><\/a><\/p>\n<p style=\"text-align: center;\">Para un d\u00eda de batalla, la vicepresidenta del Club de Leones M\u00e1laga-Limonar elige camisa negra con cuello beb\u00e9 de<strong> Hoss,<\/strong> rebec\u00f3n con solapa de colores de<strong> Save the Queen<\/strong> -con un punto \u00e9tnico- y pantalones de <strong>Divina Providencia<\/strong>. Las botas altas el\u00e1sticas son de<strong> \u00d3palo<\/strong>.<\/p>\n<p style=\"text-align: center;\"><span style=\"text-decoration: underline;\">PARA SALIR A CENAR:<\/span><\/p>\n<p style=\"text-align: center;\"><a href=\"\/pasarelaurbana\/wp-content\/uploads\/sites\/49\/2014\/11\/6ok.jpg\"><img loading=\"lazy\" class=\"aligncenter size-full wp-image-7999\" title=\"6ok\" src=\"\/pasarelaurbana\/wp-content\/uploads\/sites\/49\/2014\/11\/6ok.jpg\" alt=\"\" width=\"600\" height=\"800\" srcset=\"https:\/\/static-blogs.diariosur.es\/wp-content\/uploads\/sites\/49\/2014\/11\/6ok.jpg 600w, https:\/\/static-blogs.diariosur.es\/wp-content\/uploads\/sites\/49\/2014\/11\/6ok-225x300.jpg 225w\" sizes=\"(max-width: 600px) 100vw, 600px\" \/><\/a><\/p>\n<p style=\"text-align: center;\"><a href=\"\/pasarelaurbana\/wp-content\/uploads\/sites\/49\/2014\/11\/65.jpg\"><img loading=\"lazy\" class=\"aligncenter size-full wp-image-7998\" title=\"6\" src=\"\/pasarelaurbana\/wp-content\/uploads\/sites\/49\/2014\/11\/65.jpg\" alt=\"\" width=\"600\" height=\"800\" srcset=\"https:\/\/static-blogs.diariosur.es\/wp-content\/uploads\/sites\/49\/2014\/11\/65.jpg 600w, https:\/\/static-blogs.diariosur.es\/wp-content\/uploads\/sites\/49\/2014\/11\/65-225x300.jpg 225w\" sizes=\"(max-width: 600px) 100vw, 600px\" \/><\/a><\/p>\n<p style=\"text-align: center;\"><a href=\"\/pasarelaurbana\/wp-content\/uploads\/sites\/49\/2014\/11\/74.jpg\"><img loading=\"lazy\" class=\"aligncenter size-full wp-image-8000\" title=\"7\" src=\"\/pasarelaurbana\/wp-content\/uploads\/sites\/49\/2014\/11\/74.jpg\" alt=\"\" width=\"600\" height=\"450\" srcset=\"https:\/\/static-blogs.diariosur.es\/wp-content\/uploads\/sites\/49\/2014\/11\/74.jpg 600w, https:\/\/static-blogs.diariosur.es\/wp-content\/uploads\/sites\/49\/2014\/11\/74-300x225.jpg 300w\" sizes=\"(max-width: 600px) 100vw, 600px\" \/><\/a><\/p>\n<p style=\"text-align: center;\"><a href=\"\/pasarelaurbana\/wp-content\/uploads\/sites\/49\/2014\/11\/85.jpg\"><img loading=\"lazy\" class=\"aligncenter size-full wp-image-8001\" title=\"8\" src=\"\/pasarelaurbana\/wp-content\/uploads\/sites\/49\/2014\/11\/85.jpg\" alt=\"\" width=\"600\" height=\"450\" srcset=\"https:\/\/static-blogs.diariosur.es\/wp-content\/uploads\/sites\/49\/2014\/11\/85.jpg 600w, https:\/\/static-blogs.diariosur.es\/wp-content\/uploads\/sites\/49\/2014\/11\/85-300x225.jpg 300w\" sizes=\"(max-width: 600px) 100vw, 600px\" \/><\/a><\/p>\n<p style=\"text-align: center;\">\u00bfSu apuesta para salir a cenar en oto\u00f1o? Un vestido negro de <strong>Cop Copine<\/strong>, abrigo con tigres de<strong> Mercedes de Miguel<\/strong>, salones negros y bolso plateado con collar joya.<\/p>\n<p style=\"text-align: center;\">SU PROPUESTA <span style=\"text-decoration: underline;\">PARA ASISTIR A UN EVENTO:<\/span><\/p>\n<p style=\"text-align: center;\"><a href=\"\/pasarelaurbana\/wp-content\/uploads\/sites\/49\/2014\/11\/95.jpg\"><img loading=\"lazy\" class=\"aligncenter size-full wp-image-8002\" title=\"9\" src=\"\/pasarelaurbana\/wp-content\/uploads\/sites\/49\/2014\/11\/95.jpg\" alt=\"\" width=\"600\" height=\"800\" srcset=\"https:\/\/static-blogs.diariosur.es\/wp-content\/uploads\/sites\/49\/2014\/11\/95.jpg 600w, https:\/\/static-blogs.diariosur.es\/wp-content\/uploads\/sites\/49\/2014\/11\/95-225x300.jpg 225w\" sizes=\"(max-width: 600px) 100vw, 600px\" \/><\/a><\/p>\n<p style=\"text-align: center;\"><a href=\"\/pasarelaurbana\/wp-content\/uploads\/sites\/49\/2014\/11\/116.jpg\"><img loading=\"lazy\" class=\"aligncenter size-full wp-image-8004\" title=\"11\" src=\"\/pasarelaurbana\/wp-content\/uploads\/sites\/49\/2014\/11\/116.jpg\" alt=\"\" width=\"600\" height=\"450\" srcset=\"https:\/\/static-blogs.diariosur.es\/wp-content\/uploads\/sites\/49\/2014\/11\/116.jpg 600w, https:\/\/static-blogs.diariosur.es\/wp-content\/uploads\/sites\/49\/2014\/11\/116-300x225.jpg 300w\" sizes=\"(max-width: 600px) 100vw, 600px\" \/><\/a><\/p>\n<p style=\"text-align: center;\"><a href=\"\/pasarelaurbana\/wp-content\/uploads\/sites\/49\/2014\/11\/124.jpg\"><img loading=\"lazy\" class=\"aligncenter size-full wp-image-8005\" title=\"12\" src=\"\/pasarelaurbana\/wp-content\/uploads\/sites\/49\/2014\/11\/124.jpg\" alt=\"\" width=\"600\" height=\"800\" srcset=\"https:\/\/static-blogs.diariosur.es\/wp-content\/uploads\/sites\/49\/2014\/11\/124.jpg 600w, https:\/\/static-blogs.diariosur.es\/wp-content\/uploads\/sites\/49\/2014\/11\/124-225x300.jpg 225w\" sizes=\"(max-width: 600px) 100vw, 600px\" \/><\/a><\/p>\n<p style=\"text-align: center;\"><a href=\"\/pasarelaurbana\/wp-content\/uploads\/sites\/49\/2014\/11\/134.jpg\"><img loading=\"lazy\" class=\"aligncenter size-full wp-image-8006\" title=\"13\" src=\"\/pasarelaurbana\/wp-content\/uploads\/sites\/49\/2014\/11\/134.jpg\" alt=\"\" width=\"600\" height=\"450\" srcset=\"https:\/\/static-blogs.diariosur.es\/wp-content\/uploads\/sites\/49\/2014\/11\/134.jpg 600w, https:\/\/static-blogs.diariosur.es\/wp-content\/uploads\/sites\/49\/2014\/11\/134-300x225.jpg 300w\" sizes=\"(max-width: 600px) 100vw, 600px\" \/><\/a><\/p>\n<p style=\"text-align: center;\"><a href=\"\/pasarelaurbana\/wp-content\/uploads\/sites\/49\/2014\/11\/142.jpg\"><img loading=\"lazy\" class=\"aligncenter size-full wp-image-8007\" title=\"14\" src=\"\/pasarelaurbana\/wp-content\/uploads\/sites\/49\/2014\/11\/142.jpg\" alt=\"\" width=\"600\" height=\"450\" srcset=\"https:\/\/static-blogs.diariosur.es\/wp-content\/uploads\/sites\/49\/2014\/11\/142.jpg 600w, https:\/\/static-blogs.diariosur.es\/wp-content\/uploads\/sites\/49\/2014\/11\/142-300x225.jpg 300w\" sizes=\"(max-width: 600px) 100vw, 600px\" \/><\/a><\/p>\n<p style=\"text-align: center;\">Para acudir a un evento especial, May se decanta por un elegante conjunto de vestido y chaqueta a juego con un original \u2018print animal\u2019 rojo, ambos de \u2018Opalo de la firma<strong> \u2018Caracter\u2019<\/strong>. Completa el look con cintur\u00f3n con hoja dorada y clutch sobre de la dise\u00f1ador malague\u00f1a<strong> Laura Olea<\/strong>, tacones burdeos de<strong> \u00d3palo<\/strong>\u00a0 y brazalete de <strong>Anette&#038;Mimi.<\/strong><\/p>\n<p style=\"text-align: center;\"><span style=\"text-decoration: underline;\">UNA PRENDA ESPECIAL<\/span>:<\/p>\n<p style=\"text-align: center;\"><a href=\"\/pasarelaurbana\/wp-content\/uploads\/sites\/49\/2014\/11\/172.jpg\"><img loading=\"lazy\" class=\"aligncenter size-full wp-image-8010\" title=\"17\" src=\"\/pasarelaurbana\/wp-content\/uploads\/sites\/49\/2014\/11\/172.jpg\" alt=\"\" width=\"600\" height=\"800\" srcset=\"https:\/\/static-blogs.diariosur.es\/wp-content\/uploads\/sites\/49\/2014\/11\/172.jpg 600w, https:\/\/static-blogs.diariosur.es\/wp-content\/uploads\/sites\/49\/2014\/11\/172-225x300.jpg 225w\" sizes=\"(max-width: 600px) 100vw, 600px\" \/><\/a><\/p>\n<p style=\"text-align: center;\">Entre las prendas m\u00e1s especiales de su armario figura este precioso abrigo de piel de<strong> \u00d3palo<\/strong>, una joya atemporal clave para los meses de fr\u00edo.<\/p>\n<p style=\"text-align: center;\">SUS COMPLEMENTOS:<\/p>\n<p style=\"text-align: center;\"><a href=\"\/pasarelaurbana\/wp-content\/uploads\/sites\/49\/2014\/11\/152.jpg\"><img loading=\"lazy\" class=\"aligncenter size-full wp-image-8008\" title=\"15\" src=\"\/pasarelaurbana\/wp-content\/uploads\/sites\/49\/2014\/11\/152.jpg\" alt=\"\" width=\"600\" height=\"450\" srcset=\"https:\/\/static-blogs.diariosur.es\/wp-content\/uploads\/sites\/49\/2014\/11\/152.jpg 600w, https:\/\/static-blogs.diariosur.es\/wp-content\/uploads\/sites\/49\/2014\/11\/152-300x225.jpg 300w\" sizes=\"(max-width: 600px) 100vw, 600px\" \/><\/a><\/p>\n<p style=\"text-align: center;\">Sobre estas l\u00edneas, algunos de sus complementos favoritos, en los que no faltan las perlas, los medallones de n\u00e1car o los detalles florales. Los de la foto son de la marca <strong>Anette&#038;Mimi<\/strong>, a la venta en la boutique malague\u00f1a \u00d3palo.<\/p>\n<p style=\"text-align: center;\"><a href=\"\/pasarelaurbana\/wp-content\/uploads\/sites\/49\/2014\/11\/162.jpg\"><img loading=\"lazy\" class=\"aligncenter  wp-image-8009\" title=\"16\" src=\"\/pasarelaurbana\/wp-content\/uploads\/sites\/49\/2014\/11\/162.jpg\" alt=\"\" width=\"600\" height=\"450\" srcset=\"https:\/\/static-blogs.diariosur.es\/wp-content\/uploads\/sites\/49\/2014\/11\/162.jpg 600w, https:\/\/static-blogs.diariosur.es\/wp-content\/uploads\/sites\/49\/2014\/11\/162-300x225.jpg 300w\" sizes=\"(max-width: 600px) 100vw, 600px\" \/><\/a><\/p>\n<p style=\"text-align: center;\">Una muestra de su colecci\u00f3n de colgantes minimalistas y pendientes, con ba\u00f1o de oro y piedras semipreciosas de la firma <strong>Anette&#038;Mimi<\/strong>.<\/p>\n<p style=\"text-align: center;\"><a href=\"\/pasarelaurbana\/wp-content\/uploads\/sites\/49\/2014\/11\/182.jpg\"><img loading=\"lazy\" class=\"aligncenter size-full wp-image-7992\" title=\"18\" src=\"\/pasarelaurbana\/wp-content\/uploads\/sites\/49\/2014\/11\/182.jpg\" alt=\"\" width=\"600\" height=\"800\" srcset=\"https:\/\/static-blogs.diariosur.es\/wp-content\/uploads\/sites\/49\/2014\/11\/182.jpg 600w, https:\/\/static-blogs.diariosur.es\/wp-content\/uploads\/sites\/49\/2014\/11\/182-225x300.jpg 225w\" sizes=\"(max-width: 600px) 100vw, 600px\" \/><\/a><\/p>\n<p style=\"text-align: center;\">Y terminamos como siempre con una foto del shooting. Un mill\u00f3n de gracias desde aqu\u00ed tanto a <strong>Juanibel, due\u00f1a de \u00d3palo,<\/strong> por abrirnos una vez m\u00e1s las puertas de su preciosa tienda para dejarnos hacer este reportaje como a <strong>May,<\/strong> por ser un cielo y contribuir a que todo saliera perfecto. \u00a0Con gente tan maravillosa como ellas da gusto trabajar. Para la ocasi\u00f3n llev\u00e9 camisa vaquera de Pull&#038;bear, falda de Aliexpress y kitten heels plateados de Zara (de los que no me separo este oto\u00f1o porque son comod\u00edsimos). May lleva conjunto de dos piezas de \u00d3palo, elegant\u00edsimo.<\/p>\n<p style=\"text-align: center;\"><span style=\"text-decoration: underline;\">SU RUTA DE TIENDAS:<\/span><\/p>\n<p style=\"text-align: center;\">1. <strong>Zara<\/strong>. En la franquicia compra prendas b\u00e1sicas de fondo de armario.<br \/>\n2. <strong>\u00d3palo<\/strong>. Esta tienda malague\u00f1a de c\/ C\u00edster es imprescindible para May.<br \/>\n3. <strong>Jayma<\/strong>. En esta boutique de El Palo busca prendas para ocasiones especiales.<br \/>\n4.<strong> Roberto Verino<\/strong>. Una de sus marcas favoritas,\u00a0 sobre todo para chaquetas<br \/>\n5. <strong>Purificaci\u00f3n Garc\u00eda<\/strong>. \u00abMe encanta la calidad de su ropa y sus cortes\u00bb.<\/p>\n<p style=\"text-align: center;\">Lo dicho&#8230;\u00a1Hasta el lunes!<\/p>\n","protected":false},"excerpt":{"rendered":"<p>De base cl\u00e1sica pero siempre con un punto actual. Con la sobriedad por bandera, en los sofisticados looks de May Ram\u00edrez reinan las prendas atemporales de fondo de armario que cuidadosamente elige para burlar las caprichosas modas caducas. \u00bfSu m\u00e1xima? La discreta elegancia. Ese arte de lograr ir siempre perfecta e impecable sin acaparar miradas. [&hellip;]<\/p>\n","protected":false},"author":54,"featured_media":0,"comment_status":"open","ping_status":"open","sticky":false,"template":"","format":"standard","meta":[],"categories":[2],"tags":[],"_links":{"self":[{"href":"https:\/\/blogs.diariosur.es\/pasarelaurbana\/wp-json\/wp\/v2\/posts\/7991"}],"collection":[{"href":"https:\/\/blogs.diariosur.es\/pasarelaurbana\/wp-json\/wp\/v2\/posts"}],"about":[{"href":"https:\/\/blogs.diariosur.es\/pasarelaurbana\/wp-json\/wp\/v2\/types\/post"}],"author":[{"embeddable":true,"href":"https:\/\/blogs.diariosur.es\/pasarelaurbana\/wp-json\/wp\/v2\/users\/54"}],"replies":[{"embeddable":true,"href":"https:\/\/blogs.diariosur.es\/pasarelaurbana\/wp-json\/wp\/v2\/comments?post=7991"}],"version-history":[{"count":0,"href":"https:\/\/blogs.diariosur.es\/pasarelaurbana\/wp-json\/wp\/v2\/posts\/7991\/revisions"}],"wp:attachment":[{"href":"https:\/\/blogs.diariosur.es\/pasarelaurbana\/wp-json\/wp\/v2\/media?parent=7991"}],"wp:term":[{"taxonomy":"category","embeddable":true,"href":"https:\/\/blogs.diariosur.es\/pasarelaurbana\/wp-json\/wp\/v2\/categories?post=7991"},{"taxonomy":"post_tag","embeddable":true,"href":"https:\/\/blogs.diariosur.es\/pasarelaurbana\/wp-json\/wp\/v2\/tags?post=7991"}],"curies":[{"name":"wp","href":"https:\/\/api.w.org\/{rel}","templated":true}]}}