{"id":8011,"date":"2014-11-28T18:44:11","date_gmt":"2014-11-28T17:44:11","guid":{"rendered":"http:\/\/blogs.diariosur.es\/pasarelaurbana\/?p=8011"},"modified":"2014-11-28T18:44:11","modified_gmt":"2014-11-28T17:44:11","slug":"la-semana-en-cinco-links-vol-v","status":"publish","type":"post","link":"https:\/\/blogs.diariosur.es\/pasarelaurbana\/2014\/11\/28\/la-semana-en-cinco-links-vol-v\/","title":{"rendered":"La semana en cinco links (vol V)"},"content":{"rendered":"<p style=\"text-align: center;\"><a href=\"\/pasarelaurbana\/wp-content\/uploads\/sites\/49\/2014\/11\/semana.jpg\"><img loading=\"lazy\" class=\"aligncenter size-full wp-image-8012\" title=\"semana\" src=\"\/pasarelaurbana\/wp-content\/uploads\/sites\/49\/2014\/11\/semana.jpg\" alt=\"\" width=\"600\" height=\"600\" srcset=\"https:\/\/static-blogs.diariosur.es\/wp-content\/uploads\/sites\/49\/2014\/11\/semana.jpg 600w, https:\/\/static-blogs.diariosur.es\/wp-content\/uploads\/sites\/49\/2014\/11\/semana-150x150.jpg 150w, https:\/\/static-blogs.diariosur.es\/wp-content\/uploads\/sites\/49\/2014\/11\/semana-300x300.jpg 300w\" sizes=\"(max-width: 600px) 100vw, 600px\" \/><\/a><\/p>\n<p style=\"text-align: center;\">\u00a1Aqu\u00ed estamos un viernes m\u00e1s! \u00bfC\u00f3mo os ha ido la semana? A mi se me ha hecho larguiiiisima. Entre que llevo currando desde el s\u00e1bado (y siete d\u00edas seguidos se notan mucho) y que no hemos parado de noticias (vaya dos \u00faltimos d\u00edas con las lluvias y el tornado) estoy hoy ya arrastr\u00e1ndome. Pero bueno, ahora a pensar en el finde en disfrutarlo al m\u00e1ximo. Para celebrarlo os dejo mi resumen semanal en forma de 5 links. Cinco caprichos, cinco descubrimientos, cinco direcciones al fin y al cabo que quiero compartir con vosotr@s a modo de inspiraci\u00f3n. \u00a1Vamos all\u00e1!<\/p>\n<p style=\"text-align: center;\">1. <strong>En mi lista de Reyes<\/strong>: ya figura este precioso bolso de la firma malague\u00f1a <a href=\"http:\/\/verablonde.com\/\" rel=\"external nofollow\">VeraBlonde,<\/a> con una piel de primera calidad (es un gustazo tocarlo) y un dise\u00f1o que me ha enamorado. \u00a1La lazada en la cadena es una preciosidad! \u00a1Puro amor! Y como he sido taaaan buena seguro que me lo traen, ah\u00ed lo dejo jejejejej.<\/p>\n<p style=\"text-align: center;\">2. <strong>Una obsesi\u00f3n<\/strong>: porque siempre he querido tener una Polaroid, porque me gusta lo retro y soy de las que no puedo parar de hacer foto a todas las cosas bonitas que veo&#8230;estoy enamorada hasta la m\u00e9dula de<a href=\"http:\/\/www.fujifilm.eu\/es\/productos\/fotografia-analogica\/p\/instax-mini-8\/\" rel=\"external nofollow\"> esta preciosa c\u00e1mara<\/a> que necesito en mi vida urgentemente. Los Reyes este a\u00f1o van a tener donde elegir jeje.<\/p>\n<p style=\"text-align: center;\">3. <strong>Perfecto para estas fiestas<\/strong>: UN LBD -vestido negro de c\u00f3ctel de toda la vida en cristiano- es un b\u00e1sico de fondo de armario y<a href=\"http:\/\/www.suiteblanco.com\/es\/es_es\/nuevo\/night\/vestido-palabra-de-honor-pasamaner-a-combinada-40441320199.html\" rel=\"external nofollow\"> este me parece ideal para cualquier reuni\u00f3n navide\u00f1a<\/a> con amigos, con compa\u00f1eros de trabajo, con la familia&#8230;.Me encanta la tela, el escote, el volumen de la falda&#8230;\u00a1Me lo apunto!<\/p>\n<p style=\"text-align: center;\">4. <strong>I love renos<\/strong>: Me parecen entra\u00f1ables y super cuquis. Soy as\u00ed de cursi e infantil, as\u00ed soy yo. Es por eso que en cuanto vi <a href=\"http:\/\/www.oysho.com\/es\/es\/prendas\/christmas-dreams\/zapatilla-alta-reno-c1234002p4694002.html?typeCategory=0\" rel=\"external nofollow\">estas zapas para estar calentita <\/a>en casa estas fiestas me dio el flechazo. \u00bfNo son precios\u00edsimas?<\/p>\n<p style=\"text-align: center;\">5. Para cocinar este finde: Me apunto<a href=\"http:\/\/www.velocidadcuchara.com\/mermelada-de-castanas-casera\/\" rel=\"external nofollow\"> esta receta de mermelada de casta\u00f1as q<\/a>ue tiene pintaza y que adem\u00e1s es perfecta para envasar en mini tarritos y regalar esta Navidad a los invitados a casa. \u00bfos gusta la idea? Yo pienso hacerla, ya os contar\u00e9 en redes sociales.<\/p>\n<p style=\"text-align: center;\">Esto es todo por hoy, os espero ma\u00f1ana con un nuevo especial moda en SUR en el que nos colaremos en otro armario de un personaje conocido de M\u00e1laga.<\/p>\n<p style=\"text-align: center;\">\u00a1Feliz finde!<\/p>\n","protected":false},"excerpt":{"rendered":"<p>\u00a1Aqu\u00ed estamos un viernes m\u00e1s! \u00bfC\u00f3mo os ha ido la semana? A mi se me ha hecho larguiiiisima. Entre que llevo currando desde el s\u00e1bado (y siete d\u00edas seguidos se notan mucho) y que no hemos parado de noticias (vaya dos \u00faltimos d\u00edas con las lluvias y el tornado) estoy hoy ya arrastr\u00e1ndome. Pero bueno, [&hellip;]<\/p>\n","protected":false},"author":54,"featured_media":0,"comment_status":"open","ping_status":"open","sticky":false,"template":"","format":"standard","meta":[],"categories":[2],"tags":[],"_links":{"self":[{"href":"https:\/\/blogs.diariosur.es\/pasarelaurbana\/wp-json\/wp\/v2\/posts\/8011"}],"collection":[{"href":"https:\/\/blogs.diariosur.es\/pasarelaurbana\/wp-json\/wp\/v2\/posts"}],"about":[{"href":"https:\/\/blogs.diariosur.es\/pasarelaurbana\/wp-json\/wp\/v2\/types\/post"}],"author":[{"embeddable":true,"href":"https:\/\/blogs.diariosur.es\/pasarelaurbana\/wp-json\/wp\/v2\/users\/54"}],"replies":[{"embeddable":true,"href":"https:\/\/blogs.diariosur.es\/pasarelaurbana\/wp-json\/wp\/v2\/comments?post=8011"}],"version-history":[{"count":0,"href":"https:\/\/blogs.diariosur.es\/pasarelaurbana\/wp-json\/wp\/v2\/posts\/8011\/revisions"}],"wp:attachment":[{"href":"https:\/\/blogs.diariosur.es\/pasarelaurbana\/wp-json\/wp\/v2\/media?parent=8011"}],"wp:term":[{"taxonomy":"category","embeddable":true,"href":"https:\/\/blogs.diariosur.es\/pasarelaurbana\/wp-json\/wp\/v2\/categories?post=8011"},{"taxonomy":"post_tag","embeddable":true,"href":"https:\/\/blogs.diariosur.es\/pasarelaurbana\/wp-json\/wp\/v2\/tags?post=8011"}],"curies":[{"name":"wp","href":"https:\/\/api.w.org\/{rel}","templated":true}]}}