{"id":8064,"date":"2014-12-10T18:43:25","date_gmt":"2014-12-10T17:43:25","guid":{"rendered":"http:\/\/blogs.diariosur.es\/pasarelaurbana\/?p=8064"},"modified":"2014-12-10T18:43:25","modified_gmt":"2014-12-10T17:43:25","slug":"a-presumir-de-calcetines","status":"publish","type":"post","link":"https:\/\/blogs.diariosur.es\/pasarelaurbana\/2014\/12\/10\/a-presumir-de-calcetines\/","title":{"rendered":"\u00a1A presumir de calcetines!"},"content":{"rendered":"<p style=\"text-align: center;\">\u00a1Feliz mi\u00e9rcoles! \u00bfC\u00f3mo llev\u00e1is la semana? Yo a tope, con mucho mucho l\u00edo en el trabajo y en casa&#8230;as\u00ed que hasta ahora me ha sido imposible sentarme cinco minutos a actualizar el blog. Este puente he estado montando la casa de Navidad. Todos los a\u00f1os a\u00f1os os ense\u00f1o el resultado ( ya sab\u00e9is las que me segu\u00eds que, como yo digo, soy muy muy friki de la deco navide\u00f1a, es que no lo puedo remediar, me vuelve loca!!) as\u00ed que prometo entrada inspiradora en breve. Dicho esto, hoy quer\u00eda hablaros de una tendencia que si bien lleva varias temporadas luchando por hacerse un hueco en la pasarela urbana lo cierto es que este oto\u00f1o saborea su momento \u00e1lgido, convertida en un claro must-have. Eso s\u00ed, \u00a1aviso! Es arriesgada, complicada de llevar y no apta para cl\u00e1sicas y conservadoras. El dictamen de lo &#8216;it&#8217; encumbra estos d\u00edas al trono de los imprescindibles a un accesorio t\u00edmido que tradicionalmente se ha dejado ver m\u00e1s bien poco. Me refiero a los calcetines. \u00a1S\u00ed, a los calcetines! Si eres de los que entona el &#8220;yo en la vida los llevar\u00e9 por fuera o me los pondr\u00e9 con sandalias&#8221; te animo a que eches un ojo a las im\u00e1genes de street style que os he seleccionado. \u00a0A mi me parecen todos ellos looks interesant\u00edsimos. Diferentes, eso s\u00ed, pero llenos de contrastes que me animan a atreverme y copiar Confieso que una servidora era de las reticentes. Pero \u00faltimamente digamos que me he tirado a la piscina en esto de ense\u00f1ar calzas y estoy animad\u00edsima. Para iniciarme he empezado con unos discretos calcetines cortitos de lana negros que me pongo con mis botines moteros combinados con faldas tipo lady o vestidos. \u00a1Y me encantan!<\/p>\n<p style=\"text-align: center;\">Dolce &#038; Gabbana, Tory Burch o Jeremy Scott son algunos de los grandes de la industria de la moda que\u00a0los han subido a la pasarela siguiendo los pasos de lo que ya hicieron Chanel o Prada en sus propuestas primavera-verano de este a\u00f1o.\u00a0Mulberry y Red Valentino\u00a0tambi\u00e9n han apostado por el exhibicionismo del calcet\u00edn coloc\u00e1ndolos en los pies de Cara Delevingne\u00a0y\u00a0Lottie Moss en sus \u00faltimas campa\u00f1as. \u00bfC\u00f3mo lucirlos? Aqu\u00ed entra en juego la creatividad de cada cual y los riesgos que se est\u00e9n dispuestos a asumir. Si buscar parejas extremas, atr\u00e9vete a llevarlos con stilettos y si quieres empezar con un nivel m\u00e1s b\u00e1sico una de las f\u00f3rmulas m\u00e1s repetidas es maridarlos con zapatillas deportivas o botas tipo monta\u00f1a, eso s\u00ed siempre dejando que se vean bien. Los blancos o los m\u00e1s &#8216;sporty&#8217; con las caracter\u00edsticas rayas rojas y azules arrasan entre las fashionistas (yo sin embargo comulgo poco con ellos la verdad) pero para las m\u00e1s principiantes los negros o grises son la mejor alternativa.<\/p>\n<p style=\"text-align: center;\">Y vosotras, \u00bfos anim\u00e1is a presumir de calcetines? Os animo a probar, \u00a1es divertido! \u00a1Hasta el viernes!<\/p>\n<p style=\"text-align: center;\"><a href=\"\/pasarelaurbana\/wp-content\/uploads\/sites\/49\/2014\/12\/streetseis1.jpg\"><img loading=\"lazy\" title=\"streetseis\" src=\"\/pasarelaurbana\/wp-content\/uploads\/sites\/49\/2014\/12\/streetseis1.jpg\" alt=\"\" width=\"600\" height=\"462\" \/><\/a><\/p>\n<p style=\"text-align: center;\"><!--more--><\/p>\n<p style=\"text-align: center;\"><a href=\"\/pasarelaurbana\/wp-content\/uploads\/sites\/49\/2014\/12\/streetnueve1.jpg\">\u00a0<\/a><a href=\"\/pasarelaurbana\/wp-content\/uploads\/sites\/49\/2014\/12\/streetsiete1.jpg\"><img loading=\"lazy\" title=\"streetsiete\" src=\"\/pasarelaurbana\/wp-content\/uploads\/sites\/49\/2014\/12\/streetsiete1.jpg\" alt=\"\" width=\"600\" height=\"481\" \/><\/a><a href=\"\/pasarelaurbana\/wp-content\/uploads\/sites\/49\/2014\/12\/streetnueve1.jpg\"><img loading=\"lazy\" class=\"aligncenter size-full wp-image-8074\" title=\"streetnueve\" src=\"\/pasarelaurbana\/wp-content\/uploads\/sites\/49\/2014\/12\/streetnueve1.jpg\" alt=\"\" width=\"450\" height=\"300\" srcset=\"https:\/\/static-blogs.diariosur.es\/wp-content\/uploads\/sites\/49\/2014\/12\/streetnueve1.jpg 450w, https:\/\/static-blogs.diariosur.es\/wp-content\/uploads\/sites\/49\/2014\/12\/streetnueve1-300x200.jpg 300w\" sizes=\"(max-width: 450px) 100vw, 450px\" \/><\/a><\/p>\n<p><a href=\"\/pasarelaurbana\/wp-content\/uploads\/sites\/49\/2014\/12\/streetocho1.jpg\"><img loading=\"lazy\" class=\"aligncenter size-full wp-image-8075\" title=\"streetocho\" src=\"\/pasarelaurbana\/wp-content\/uploads\/sites\/49\/2014\/12\/streetocho1.jpg\" alt=\"\" width=\"267\" height=\"400\" srcset=\"https:\/\/static-blogs.diariosur.es\/wp-content\/uploads\/sites\/49\/2014\/12\/streetocho1.jpg 267w, https:\/\/static-blogs.diariosur.es\/wp-content\/uploads\/sites\/49\/2014\/12\/streetocho1-200x300.jpg 200w\" sizes=\"(max-width: 267px) 100vw, 267px\" \/><\/a><\/p>\n<p>&nbsp;<\/p>\n<p><a href=\"\/pasarelaurbana\/wp-content\/uploads\/sites\/49\/2014\/12\/streetdos1.jpg\"><img loading=\"lazy\" class=\"aligncenter size-full wp-image-8073\" title=\"streetdos\" src=\"\/pasarelaurbana\/wp-content\/uploads\/sites\/49\/2014\/12\/streetdos1.jpg\" alt=\"\" width=\"450\" height=\"600\" srcset=\"https:\/\/static-blogs.diariosur.es\/wp-content\/uploads\/sites\/49\/2014\/12\/streetdos1.jpg 450w, https:\/\/static-blogs.diariosur.es\/wp-content\/uploads\/sites\/49\/2014\/12\/streetdos1-225x300.jpg 225w\" sizes=\"(max-width: 450px) 100vw, 450px\" \/><\/a><\/p>\n<p><a href=\"\/pasarelaurbana\/wp-content\/uploads\/sites\/49\/2014\/12\/streetcuatro1.jpg\"><img loading=\"lazy\" class=\"aligncenter size-full wp-image-8072\" title=\"streetcuatro\" src=\"\/pasarelaurbana\/wp-content\/uploads\/sites\/49\/2014\/12\/streetcuatro1.jpg\" alt=\"\" width=\"600\" height=\"300\" srcset=\"https:\/\/static-blogs.diariosur.es\/wp-content\/uploads\/sites\/49\/2014\/12\/streetcuatro1.jpg 600w, https:\/\/static-blogs.diariosur.es\/wp-content\/uploads\/sites\/49\/2014\/12\/streetcuatro1-300x150.jpg 300w\" sizes=\"(max-width: 600px) 100vw, 600px\" \/><\/a><\/p>\n<p>&nbsp;<\/p>\n","protected":false},"excerpt":{"rendered":"<p>\u00a1Feliz mi\u00e9rcoles! \u00bfC\u00f3mo llev\u00e1is la semana? Yo a tope, con mucho mucho l\u00edo en el trabajo y en casa&#8230;as\u00ed que hasta ahora me ha sido imposible sentarme cinco minutos a actualizar el blog. Este puente he estado montando la casa de Navidad. Todos los a\u00f1os a\u00f1os os ense\u00f1o el resultado ( ya sab\u00e9is las que [&hellip;]<\/p>\n","protected":false},"author":54,"featured_media":0,"comment_status":"open","ping_status":"open","sticky":false,"template":"","format":"standard","meta":[],"categories":[2],"tags":[],"_links":{"self":[{"href":"https:\/\/blogs.diariosur.es\/pasarelaurbana\/wp-json\/wp\/v2\/posts\/8064"}],"collection":[{"href":"https:\/\/blogs.diariosur.es\/pasarelaurbana\/wp-json\/wp\/v2\/posts"}],"about":[{"href":"https:\/\/blogs.diariosur.es\/pasarelaurbana\/wp-json\/wp\/v2\/types\/post"}],"author":[{"embeddable":true,"href":"https:\/\/blogs.diariosur.es\/pasarelaurbana\/wp-json\/wp\/v2\/users\/54"}],"replies":[{"embeddable":true,"href":"https:\/\/blogs.diariosur.es\/pasarelaurbana\/wp-json\/wp\/v2\/comments?post=8064"}],"version-history":[{"count":0,"href":"https:\/\/blogs.diariosur.es\/pasarelaurbana\/wp-json\/wp\/v2\/posts\/8064\/revisions"}],"wp:attachment":[{"href":"https:\/\/blogs.diariosur.es\/pasarelaurbana\/wp-json\/wp\/v2\/media?parent=8064"}],"wp:term":[{"taxonomy":"category","embeddable":true,"href":"https:\/\/blogs.diariosur.es\/pasarelaurbana\/wp-json\/wp\/v2\/categories?post=8064"},{"taxonomy":"post_tag","embeddable":true,"href":"https:\/\/blogs.diariosur.es\/pasarelaurbana\/wp-json\/wp\/v2\/tags?post=8064"}],"curies":[{"name":"wp","href":"https:\/\/api.w.org\/{rel}","templated":true}]}}