{"id":8078,"date":"2014-12-13T09:37:24","date_gmt":"2014-12-13T08:37:24","guid":{"rendered":"http:\/\/blogs.diariosur.es\/pasarelaurbana\/?p=8078"},"modified":"2014-12-13T09:37:24","modified_gmt":"2014-12-13T08:37:24","slug":"un-otono-subido-de-tono","status":"publish","type":"post","link":"https:\/\/blogs.diariosur.es\/pasarelaurbana\/2014\/12\/13\/un-otono-subido-de-tono\/","title":{"rendered":"Un oto\u00f1o subido de tono"},"content":{"rendered":"<p style=\"text-align: center;\"><a href=\"\/pasarelaurbana\/wp-content\/uploads\/sites\/49\/2014\/12\/montaje1.jpg\"><img loading=\"lazy\" class=\"aligncenter size-full wp-image-8094\" title=\"montaje\" src=\"\/pasarelaurbana\/wp-content\/uploads\/sites\/49\/2014\/12\/montaje1.jpg\" alt=\"\" width=\"600\" height=\"600\" srcset=\"https:\/\/static-blogs.diariosur.es\/wp-content\/uploads\/sites\/49\/2014\/12\/montaje1.jpg 600w, https:\/\/static-blogs.diariosur.es\/wp-content\/uploads\/sites\/49\/2014\/12\/montaje1-150x150.jpg 150w, https:\/\/static-blogs.diariosur.es\/wp-content\/uploads\/sites\/49\/2014\/12\/montaje1-300x300.jpg 300w\" sizes=\"(max-width: 600px) 100vw, 600px\" \/><\/a>El oto\u00f1o es gris. Siempre lo ha sido. Aunque en M\u00e1laga, la luz, el buen tiempo y el mar ayudan a que esa sobria paleta adquiera otros matices. En los armarios, la ca\u00edda de las primeras hojas suele traer de la mano el dominio del siempre tan socorrido negro, marrones y dem\u00e1s tonos tierra, que comparten protagonismo crom\u00e1tico con colores igual de t\u00edpicos de esta \u00e9poca como el azul marino, el verde botella o el burdeos, de plena tendencia en su versi\u00f3n vino tinto. En la pasarela urbana triunfan los looks regidos por ellos, que desfilan por las calles de M\u00e1laga en clara mayor\u00eda. Sin embargo, y aunque muy poco a poco, su reinado empieza a flaquear y el \u2018street style\u2019 comienza a hacerle hueco a otras tonalidades, m\u00e1s vivas y primaverales, que contribuyen a restar tristeza y alegrar la estampa urbana. M\u00e1s alicientes para apostar por ellos: son 100% favorecedores, suavizan las facciones, restan a\u00f1os y destilan energ\u00eda positiva.<br \/>\nLa paleta pastel es una de las que pisa fuerte esta temporada. Por ella apostaron grandes como Chanel, Blugirl, Miu Miu y Giambattista Valli. Las tiendas \u2018low cost\u2019 han cogido el testigo, aunque t\u00edmidamente, con los abrigos de colores dulces como principal propuesta. Mar\u00eda del Mar Cop\u00e9, una auxiliar de enfermer\u00eda malague\u00f1a, es una firme defensora de estos tonos, que se resiste a aparcar en cuanto bajan las temperaturas.Ejemplo de ello es el outfit que luce en esta p\u00e1gina, un total look en un delicado agua marina con acertadas notas en crudo. El naranja -en su versi\u00f3n m\u00e1s \u00e1cida- y el caldera (que ti\u00f1e el abrigo de Carlyn Abels, una gu\u00eda tur\u00edstica afincada en M\u00e1laga- son otras interesantes opciones que est\u00e1n de moda, rivalizando con el rosa, uno de los tonos revelaci\u00f3n de este oto\u00f1o.<\/p>\n<p style=\"text-align: center;\">Os dejo con las 4 protagonistas del &#8216;street style&#8217; de esta semana. \u00a1Feliz finde!<\/p>\n<p style=\"text-align: center;\"><!--more--><\/p>\n<p style=\"text-align: center;\"><a href=\"\/pasarelaurbana\/wp-content\/uploads\/sites\/49\/2014\/12\/110.jpg\"><img loading=\"lazy\" class=\"aligncenter size-full wp-image-8080\" title=\"1\" src=\"\/pasarelaurbana\/wp-content\/uploads\/sites\/49\/2014\/12\/110.jpg\" alt=\"\" width=\"600\" height=\"800\" srcset=\"https:\/\/static-blogs.diariosur.es\/wp-content\/uploads\/sites\/49\/2014\/12\/110.jpg 600w, https:\/\/static-blogs.diariosur.es\/wp-content\/uploads\/sites\/49\/2014\/12\/110-225x300.jpg 225w\" sizes=\"(max-width: 600px) 100vw, 600px\" \/><\/a><\/p>\n<p style=\"text-align: center;\"><a href=\"\/pasarelaurbana\/wp-content\/uploads\/sites\/49\/2014\/12\/22.jpg\"><img loading=\"lazy\" class=\"aligncenter size-full wp-image-8081\" title=\"2\" src=\"\/pasarelaurbana\/wp-content\/uploads\/sites\/49\/2014\/12\/22.jpg\" alt=\"\" width=\"600\" height=\"800\" srcset=\"https:\/\/static-blogs.diariosur.es\/wp-content\/uploads\/sites\/49\/2014\/12\/22.jpg 600w, https:\/\/static-blogs.diariosur.es\/wp-content\/uploads\/sites\/49\/2014\/12\/22-225x300.jpg 225w\" sizes=\"(max-width: 600px) 100vw, 600px\" \/><\/a><\/p>\n<p style=\"text-align: center;\"><a href=\"\/pasarelaurbana\/wp-content\/uploads\/sites\/49\/2014\/12\/32.jpg\"><img loading=\"lazy\" class=\"aligncenter  wp-image-8082\" title=\"3\" src=\"\/pasarelaurbana\/wp-content\/uploads\/sites\/49\/2014\/12\/32.jpg\" alt=\"\" width=\"600\" height=\"800\" srcset=\"https:\/\/static-blogs.diariosur.es\/wp-content\/uploads\/sites\/49\/2014\/12\/32.jpg 600w, https:\/\/static-blogs.diariosur.es\/wp-content\/uploads\/sites\/49\/2014\/12\/32-225x300.jpg 225w\" sizes=\"(max-width: 600px) 100vw, 600px\" \/><\/a><\/p>\n<p style=\"text-align: center;\"><a href=\"\/pasarelaurbana\/wp-content\/uploads\/sites\/49\/2014\/12\/42.jpg\"><img loading=\"lazy\" class=\"aligncenter size-full wp-image-8083\" title=\"4\" src=\"\/pasarelaurbana\/wp-content\/uploads\/sites\/49\/2014\/12\/42.jpg\" alt=\"\" width=\"600\" height=\"800\" srcset=\"https:\/\/static-blogs.diariosur.es\/wp-content\/uploads\/sites\/49\/2014\/12\/42.jpg 600w, https:\/\/static-blogs.diariosur.es\/wp-content\/uploads\/sites\/49\/2014\/12\/42-225x300.jpg 225w\" sizes=\"(max-width: 600px) 100vw, 600px\" \/><\/a><\/p>\n<p style=\"text-align: center;\"><strong>Mar\u00eda del Mar Cop\u00e9<\/strong>. Auxiliar de enfermer\u00eda.<\/p>\n<p style=\"text-align: center;\"><span style=\"text-decoration: underline;\">Los colores pastel, unos aliados contra el fr\u00edo favorecedores<\/span><br \/>\nMar\u00eda del Mar Cop\u00e9, una auxiliar de enfermer\u00eda malague\u00f1a, es una firme defensora de los tono pasteles, que se resiste a aparcar por el simple hecho de que bajen las temperaturas. \u00abMe aburren los colores oto\u00f1ales, al final vamos todos vestidos casi iguales, as\u00ed que intento buscar opciones con esta alternativa, con la que me siento c\u00f3moda y me encuentro m\u00e1s favorecida\u00bb, nos explica. Ejemplo de ello es el \u2018outfit\u2019 que luce en esta p\u00e1gina, un total look en un delicado agua marina con acertadas notas en crudo. As\u00ed, Cop\u00e9 reivindica las prendas y complementos subidos de tono para alegrar los d\u00edas invernales que, por norma, suelen estar dominados por las tonalidades m\u00e1s oscuras y sobrias de la paleta. En su caso, acierta con un jersey de Pull&#038;Bear\u00a0 en un rom\u00e1ntico verde menta, que marida con pantalones entubados en el mismo color, anorak en un celeste apagado -que le da un punto m\u00e1s desenfadado e informal-, y shopping bag en la misma gama crom\u00e1tica, de Misako.Remata el conjunto con unas deportivas blancas con plataforma, claves esta temporada.<\/p>\n<p style=\"text-align: center;\">Jersey:  Pull&#038;Bear.  <\/p>\n<p style=\"text-align: center;\">Pantalones: Zara.  <\/p>\n<p style=\"text-align: center;\">Anorak y collar joya: Lefties.<\/p>\n<p style=\"text-align: center;\">Bolso: Misako.<\/p>\n<p style=\"text-align: center;\">Deportivas: Zapater\u00eda de barrio.<\/p>\n<p style=\"text-align: center;\"><a href=\"\/pasarelaurbana\/wp-content\/uploads\/sites\/49\/2014\/12\/52.jpg\"><img loading=\"lazy\" class=\"aligncenter size-full wp-image-8084\" title=\"5\" src=\"\/pasarelaurbana\/wp-content\/uploads\/sites\/49\/2014\/12\/52.jpg\" alt=\"\" width=\"600\" height=\"800\" srcset=\"https:\/\/static-blogs.diariosur.es\/wp-content\/uploads\/sites\/49\/2014\/12\/52.jpg 600w, https:\/\/static-blogs.diariosur.es\/wp-content\/uploads\/sites\/49\/2014\/12\/52-225x300.jpg 225w\" sizes=\"(max-width: 600px) 100vw, 600px\" \/><\/a><\/p>\n<p style=\"text-align: center;\"><a href=\"\/pasarelaurbana\/wp-content\/uploads\/sites\/49\/2014\/12\/62.jpg\"><img loading=\"lazy\" class=\"aligncenter size-full wp-image-8085\" title=\"6\" src=\"\/pasarelaurbana\/wp-content\/uploads\/sites\/49\/2014\/12\/62.jpg\" alt=\"\" width=\"600\" height=\"800\" srcset=\"https:\/\/static-blogs.diariosur.es\/wp-content\/uploads\/sites\/49\/2014\/12\/62.jpg 600w, https:\/\/static-blogs.diariosur.es\/wp-content\/uploads\/sites\/49\/2014\/12\/62-225x300.jpg 225w\" sizes=\"(max-width: 600px) 100vw, 600px\" \/><\/a><\/p>\n<p style=\"text-align: center;\"><a href=\"\/pasarelaurbana\/wp-content\/uploads\/sites\/49\/2014\/12\/72.jpg\"><img loading=\"lazy\" class=\"aligncenter size-full wp-image-8086\" title=\"7\" src=\"\/pasarelaurbana\/wp-content\/uploads\/sites\/49\/2014\/12\/72.jpg\" alt=\"\" width=\"600\" height=\"800\" srcset=\"https:\/\/static-blogs.diariosur.es\/wp-content\/uploads\/sites\/49\/2014\/12\/72.jpg 600w, https:\/\/static-blogs.diariosur.es\/wp-content\/uploads\/sites\/49\/2014\/12\/72-225x300.jpg 225w\" sizes=\"(max-width: 600px) 100vw, 600px\" \/><\/a><\/p>\n<p style=\"text-align: center;\"><strong>Sof\u00eda Moretti<\/strong>. Estudiante de Relaciones Internacionales. 24 a\u00f1os<\/p>\n<p style=\"text-align: center;\"><span style=\"text-decoration: underline;\">Para las m\u00e1s cl\u00e1sicas: un pa\u00f1uelo llamativo marca la diferencia<\/span><br \/>\nUna buena f\u00f3rmula para aquellas m\u00e1s sobrias que se resisten a incorporar tonos m\u00e1s subidos en sus looks oto\u00f1ales pasa por reservar esa nota a los complementos.\u00a0 As\u00ed hace Sof\u00eda Moretti, una estudiante de Relaciones Internacionales de 24 a\u00f1os, que apuesta por un alegre pa\u00f1uelo para avivar un look dominado por colores oscuros. El toque chic lo pone con unas gafas redondas de Ray-Ban y unas botas de monta\u00f1a, uno de los calzados de moda este oto\u00f1o.<\/p>\n<p style=\"text-align: center;\">Trenka: Comprada en Argentina.<\/p>\n<p style=\"text-align: center;\"> Jersey: Gap.<\/p>\n<p style=\"text-align: center;\">Pantalones: H&#038;M.<\/p>\n<p style=\"text-align: center;\">Botas: Timberland.<\/p>\n<p style=\"text-align: center;\">Pa\u00f1uelo: Rapsodia.<\/p>\n<p style=\"text-align: center;\">Gafas: Ray-Ban.<\/p>\n<p style=\"text-align: center;\"><a href=\"\/pasarelaurbana\/wp-content\/uploads\/sites\/49\/2014\/12\/82.jpg\"><img loading=\"lazy\" class=\"aligncenter size-full wp-image-8087\" title=\"8\" src=\"\/pasarelaurbana\/wp-content\/uploads\/sites\/49\/2014\/12\/82.jpg\" alt=\"\" width=\"600\" height=\"800\" srcset=\"https:\/\/static-blogs.diariosur.es\/wp-content\/uploads\/sites\/49\/2014\/12\/82.jpg 600w, https:\/\/static-blogs.diariosur.es\/wp-content\/uploads\/sites\/49\/2014\/12\/82-225x300.jpg 225w\" sizes=\"(max-width: 600px) 100vw, 600px\" \/><\/a><\/p>\n<p style=\"text-align: center;\"><a href=\"\/pasarelaurbana\/wp-content\/uploads\/sites\/49\/2014\/12\/92.jpg\"><img loading=\"lazy\" class=\"aligncenter size-full wp-image-8088\" title=\"9\" src=\"\/pasarelaurbana\/wp-content\/uploads\/sites\/49\/2014\/12\/92.jpg\" alt=\"\" width=\"600\" height=\"800\" srcset=\"https:\/\/static-blogs.diariosur.es\/wp-content\/uploads\/sites\/49\/2014\/12\/92.jpg 600w, https:\/\/static-blogs.diariosur.es\/wp-content\/uploads\/sites\/49\/2014\/12\/92-225x300.jpg 225w\" sizes=\"(max-width: 600px) 100vw, 600px\" \/><\/a><\/p>\n<p style=\"text-align: center;\"><a href=\"\/pasarelaurbana\/wp-content\/uploads\/sites\/49\/2014\/12\/102.jpg\"><img loading=\"lazy\" class=\"aligncenter size-full wp-image-8089\" title=\"10\" src=\"\/pasarelaurbana\/wp-content\/uploads\/sites\/49\/2014\/12\/102.jpg\" alt=\"\" width=\"600\" height=\"800\" srcset=\"https:\/\/static-blogs.diariosur.es\/wp-content\/uploads\/sites\/49\/2014\/12\/102.jpg 600w, https:\/\/static-blogs.diariosur.es\/wp-content\/uploads\/sites\/49\/2014\/12\/102-225x300.jpg 225w\" sizes=\"(max-width: 600px) 100vw, 600px\" \/><\/a><\/p>\n<p style=\"text-align: center;\"><a href=\"\/pasarelaurbana\/wp-content\/uploads\/sites\/49\/2014\/12\/112.jpg\"><img loading=\"lazy\" class=\"aligncenter size-full wp-image-8090\" title=\"11\" src=\"\/pasarelaurbana\/wp-content\/uploads\/sites\/49\/2014\/12\/112.jpg\" alt=\"\" width=\"600\" height=\"800\" srcset=\"https:\/\/static-blogs.diariosur.es\/wp-content\/uploads\/sites\/49\/2014\/12\/112.jpg 600w, https:\/\/static-blogs.diariosur.es\/wp-content\/uploads\/sites\/49\/2014\/12\/112-225x300.jpg 225w\" sizes=\"(max-width: 600px) 100vw, 600px\" \/><\/a><\/p>\n<p style=\"text-align: center;\"><strong>Miriam G\u00f3mez<\/strong>. Enfermera. 33 a\u00f1os<\/p>\n<p style=\"text-align: center;\"><span style=\"text-decoration: underline;\">El rosa, uno de los protagonistas de la temporada<\/span><br \/>\nMiriam G\u00f3mez confiesa que tiene debilidad por el rosa. \u00abMe encanta desde siempre, es una fijaci\u00f3n que tengo desde peque\u00f1a. Tengo un sinf\u00edn de prendas de este tono en mi armario\u00bb, nos explic\u00f3 el pasado martes cuando nos la encontramos durante nuestra sesi\u00f3n de \u2018street style\u2019 por calle Larios. Desde lejos, nos llam\u00f3 la atenci\u00f3n su look, construido con una base gris marengo con llamativos toques de su color favorito en los complementos. Para la ocasi\u00f3n, esta enfermera malague\u00f1a de 33 a\u00f1os eligi\u00f3 una trenka de Element -que luce a modo de vestido-, botas negras de Massimo Dutti -perfectas para tener de fondo de armario- pa\u00f1uelo rosa y bolso en el mismo tono de Tous.<\/p>\n<p style=\"text-align: center;\">Trenka:\u00a0 Element.  <\/p>\n<p style=\"text-align: center;\">Pa\u00f1uelo: Fondo de armario.<\/p>\n<p style=\"text-align: center;\">Botas:\u00a0 Massimo Dutti.<\/p>\n<p style=\"text-align: center;\">Bolso: Tous.<\/p>\n<p style=\"text-align: center;\"><a href=\"\/pasarelaurbana\/wp-content\/uploads\/sites\/49\/2014\/12\/122.jpg\"><img loading=\"lazy\" class=\"aligncenter size-full wp-image-8091\" title=\"12\" src=\"\/pasarelaurbana\/wp-content\/uploads\/sites\/49\/2014\/12\/122.jpg\" alt=\"\" width=\"600\" height=\"800\" srcset=\"https:\/\/static-blogs.diariosur.es\/wp-content\/uploads\/sites\/49\/2014\/12\/122.jpg 600w, https:\/\/static-blogs.diariosur.es\/wp-content\/uploads\/sites\/49\/2014\/12\/122-225x300.jpg 225w\" sizes=\"(max-width: 600px) 100vw, 600px\" \/><\/a><\/p>\n<p style=\"text-align: center;\"><a href=\"\/pasarelaurbana\/wp-content\/uploads\/sites\/49\/2014\/12\/132.jpg\"><img loading=\"lazy\" class=\"aligncenter size-full wp-image-8092\" title=\"13\" src=\"\/pasarelaurbana\/wp-content\/uploads\/sites\/49\/2014\/12\/132.jpg\" alt=\"\" width=\"600\" height=\"800\" srcset=\"https:\/\/static-blogs.diariosur.es\/wp-content\/uploads\/sites\/49\/2014\/12\/132.jpg 600w, https:\/\/static-blogs.diariosur.es\/wp-content\/uploads\/sites\/49\/2014\/12\/132-225x300.jpg 225w\" sizes=\"(max-width: 600px) 100vw, 600px\" \/><\/a><\/p>\n<p style=\"text-align: center;\"><a href=\"\/pasarelaurbana\/wp-content\/uploads\/sites\/49\/2014\/12\/142.jpg\"><img loading=\"lazy\" class=\"aligncenter size-full wp-image-8093\" title=\"14\" src=\"\/pasarelaurbana\/wp-content\/uploads\/sites\/49\/2014\/12\/142.jpg\" alt=\"\" width=\"600\" height=\"800\" srcset=\"https:\/\/static-blogs.diariosur.es\/wp-content\/uploads\/sites\/49\/2014\/12\/142.jpg 600w, https:\/\/static-blogs.diariosur.es\/wp-content\/uploads\/sites\/49\/2014\/12\/142-225x300.jpg 225w\" sizes=\"(max-width: 600px) 100vw, 600px\" \/><\/a><\/p>\n<p style=\"text-align: center;\"><a href=\"\/pasarelaurbana\/wp-content\/uploads\/sites\/49\/2014\/12\/152.jpg\"><img loading=\"lazy\" class=\"aligncenter size-full wp-image-8079\" title=\"15\" src=\"\/pasarelaurbana\/wp-content\/uploads\/sites\/49\/2014\/12\/152.jpg\" alt=\"\" width=\"600\" height=\"800\" srcset=\"https:\/\/static-blogs.diariosur.es\/wp-content\/uploads\/sites\/49\/2014\/12\/152.jpg 600w, https:\/\/static-blogs.diariosur.es\/wp-content\/uploads\/sites\/49\/2014\/12\/152-225x300.jpg 225w\" sizes=\"(max-width: 600px) 100vw, 600px\" \/><\/a><\/p>\n<p style=\"text-align: center;\"><strong>Carlyn Abels.<\/strong> Gu\u00eda tur\u00edstica.24 a\u00f1os<\/p>\n<p style=\"text-align: center;\"><span style=\"text-decoration: underline;\">El naranja, otro imprescindible, en clave \u2018sporty\u2019<\/span><br \/>\nEl naranja pisa fuerte esta temporada. Se lleva tanto en su versi\u00f3n m\u00e1s \u00e1cida y subida de tono como en su alternativa caldera. En ambos casos, se trata de un color que transmite alegr\u00eda y energ\u00eda. Ejemplo de ello es el \u2018outfit\u2019 de Carlyn Abels, una gu\u00eda tur\u00edstica de 24 a\u00f1os afincada en Torremolinos. Para una jornada de gestiones por el Centro eligi\u00f3 un abrigo caldera de Bershka combinado en clave \u2018sporty\u2019 con un vestido de rayas, un gorro morado de lana y unas Converse grises.<\/p>\n<p style=\"text-align: center;\">Jersey y gorro: H&#038;M.<\/p>\n<p style=\"text-align: center;\">Abrigo: Bershka.<\/p>\n<p style=\"text-align: center;\">Deportivas: Converse.<\/p>\n<p style=\"text-align: center;\">Bolso: Tra\u00eddo de Bangkok.<\/p>\n","protected":false},"excerpt":{"rendered":"<p>El oto\u00f1o es gris. Siempre lo ha sido. Aunque en M\u00e1laga, la luz, el buen tiempo y el mar ayudan a que esa sobria paleta adquiera otros matices. En los armarios, la ca\u00edda de las primeras hojas suele traer de la mano el dominio del siempre tan socorrido negro, marrones y dem\u00e1s tonos tierra, que [&hellip;]<\/p>\n","protected":false},"author":54,"featured_media":0,"comment_status":"open","ping_status":"open","sticky":false,"template":"","format":"standard","meta":[],"categories":[2],"tags":[],"_links":{"self":[{"href":"https:\/\/blogs.diariosur.es\/pasarelaurbana\/wp-json\/wp\/v2\/posts\/8078"}],"collection":[{"href":"https:\/\/blogs.diariosur.es\/pasarelaurbana\/wp-json\/wp\/v2\/posts"}],"about":[{"href":"https:\/\/blogs.diariosur.es\/pasarelaurbana\/wp-json\/wp\/v2\/types\/post"}],"author":[{"embeddable":true,"href":"https:\/\/blogs.diariosur.es\/pasarelaurbana\/wp-json\/wp\/v2\/users\/54"}],"replies":[{"embeddable":true,"href":"https:\/\/blogs.diariosur.es\/pasarelaurbana\/wp-json\/wp\/v2\/comments?post=8078"}],"version-history":[{"count":0,"href":"https:\/\/blogs.diariosur.es\/pasarelaurbana\/wp-json\/wp\/v2\/posts\/8078\/revisions"}],"wp:attachment":[{"href":"https:\/\/blogs.diariosur.es\/pasarelaurbana\/wp-json\/wp\/v2\/media?parent=8078"}],"wp:term":[{"taxonomy":"category","embeddable":true,"href":"https:\/\/blogs.diariosur.es\/pasarelaurbana\/wp-json\/wp\/v2\/categories?post=8078"},{"taxonomy":"post_tag","embeddable":true,"href":"https:\/\/blogs.diariosur.es\/pasarelaurbana\/wp-json\/wp\/v2\/tags?post=8078"}],"curies":[{"name":"wp","href":"https:\/\/api.w.org\/{rel}","templated":true}]}}