{"id":8126,"date":"2014-12-19T18:21:27","date_gmt":"2014-12-19T17:21:27","guid":{"rendered":"http:\/\/blogs.diariosur.es\/pasarelaurbana\/?p=8126"},"modified":"2014-12-19T18:21:27","modified_gmt":"2014-12-19T17:21:27","slug":"mi-semana-en-cinco-links-vol-vii","status":"publish","type":"post","link":"https:\/\/blogs.diariosur.es\/pasarelaurbana\/2014\/12\/19\/mi-semana-en-cinco-links-vol-vii\/","title":{"rendered":"Mi semana en cinco links (vol VII)"},"content":{"rendered":"<p><a href=\"\/pasarelaurbana\/wp-content\/uploads\/sites\/49\/2014\/12\/montajedic.jpg\"><img loading=\"lazy\" class=\"aligncenter size-full wp-image-8127\" title=\"montajedic\" src=\"\/pasarelaurbana\/wp-content\/uploads\/sites\/49\/2014\/12\/montajedic.jpg\" alt=\"\" width=\"600\" height=\"600\" srcset=\"https:\/\/static-blogs.diariosur.es\/wp-content\/uploads\/sites\/49\/2014\/12\/montajedic.jpg 600w, https:\/\/static-blogs.diariosur.es\/wp-content\/uploads\/sites\/49\/2014\/12\/montajedic-150x150.jpg 150w, https:\/\/static-blogs.diariosur.es\/wp-content\/uploads\/sites\/49\/2014\/12\/montajedic-300x300.jpg 300w\" sizes=\"(max-width: 600px) 100vw, 600px\" \/><\/a><\/p>\n<p style=\"text-align: center;\">\u00a1Aqu\u00ed estamos un viernes m\u00e1s con un poco de inspiraci\u00f3n! De esa que una acaba teniendo en su cabeza dando vueltas todo el fin de semana. Y es que las propuestas que os traigo hoy son bonitas a m\u00e1s no poder. O al menos para mi, jejeje. Como toca por la \u00e9poca en la que estamos, el resumen es navide\u00f1o al 100%. Ideas para ni\u00f1os, para presentar un postre saludable, para vestir en una cena especial o para decorar la casa con piezas especiales hechas con vuestras manitas. \u00a1Y no me vale eso de &#8220;soy un desastre y yo eso no se hacerlo&#8221;! \u00a1No se\u00e1is flojas y probad, que como siempre digo-y es cierto- solo hay que tener ganas y ponerse. As\u00ed que ea! manos a la obra que tenemos por delante las vacaciones navide\u00f1as. \u00a1Comenzamos el repaso! Y recordad: ma\u00f1ana nuevo especial &#8216;street style&#8217; malague\u00f1o en el blog , esta vez muy peludo. \u00a1no os los perd\u00e1is! Y ahora s\u00ed, iniciamos el repaso:<\/p>\n<p style=\"text-align: center;\">1. <strong>Deco-flechazo<\/strong>: <a href=\"http:\/\/www.lacasazulshop.com\/product\/cojines-felices\" rel=\"external nofollow\">Estos cojines para la habitaci\u00f3n infantil me vuelven loca.<\/a> Miden 40&#215;40 y est\u00e1n dise\u00f1ado por Mar\u00eda Lorenzo para Ol\u00e9 mis Cojines. Me parecen ideales.<\/p>\n<p style=\"text-align: center;\">2. <strong>Para una cena especial:<\/strong> lo reconozco, tengo debilidad por los metalizados, y <a href=\"http:\/\/www.suiteblanco.com\/es\/es_es\/night-14\/vestido-jacquard-metalizado-40441720191.html\" rel=\"external nofollow\">este vestidazo de Blanco <\/a>me parece sencillamente perfecto. El corte es una maravilla. \u00a1Tengo que prob\u00e1rmelo!<\/p>\n<p style=\"text-align: center;\">3<strong> Para copiar:<\/strong> <a href=\"http:\/\/www.mummycrafts.com\/blog\/adornos-navidenos-como-hacer-coronas-de-navidad\/\" rel=\"external nofollow\">Este DIY es nivel tontita como yo digo<\/a>, \u00a1as\u00ed que no me valen excusas de que es muy complicado! Solo ten\u00e9is que haceros con una corona de porexpan, alfileres y blondas. \u00a1Queda preciosa!<\/p>\n<p style=\"text-align: center;\">4. <strong>Para sorprender a los invitados<\/strong>: Este <a href=\"http:\/\/navidad.es\/14410\/brocheta-navidena-con-forma-de-papa-noel\/\" rel=\"external nofollow\">postre es facil\u00edsimo de preparar,<\/a> saludable -que en medio de tanta empachera navide\u00f1a se agradece- y seguro a que a los peques les encanta. \u00a1Hay que hacerlo!<\/p>\n<p style=\"text-align: center;\">5. <strong>Un bel\u00e9n muy mol\u00f3n<\/strong>: El que propone MrWonderful con <a href=\"http:\/\/muymolon.com\/2014\/12\/15\/escargable-y-tutorial-para-hacer-un-belen-muy-wonder\/\" rel=\"external nofollow\">este imprimible gratuito a disposici\u00f3n en su blog.<\/a> \u00a1Para hacer con ni\u00f1os! Viene hasta con su tutorial, \u00a1qu\u00e9 grande son estos chicos!<\/p>\n<p style=\"text-align: center;\">\u00a1Y esto es todo por hoy! Ma\u00f1ana m\u00e1s y mejor. Sed felices<\/p>\n","protected":false},"excerpt":{"rendered":"<p>\u00a1Aqu\u00ed estamos un viernes m\u00e1s con un poco de inspiraci\u00f3n! De esa que una acaba teniendo en su cabeza dando vueltas todo el fin de semana. Y es que las propuestas que os traigo hoy son bonitas a m\u00e1s no poder. O al menos para mi, jejeje. Como toca por la \u00e9poca en la que [&hellip;]<\/p>\n","protected":false},"author":54,"featured_media":0,"comment_status":"open","ping_status":"open","sticky":false,"template":"","format":"standard","meta":[],"categories":[2],"tags":[],"_links":{"self":[{"href":"https:\/\/blogs.diariosur.es\/pasarelaurbana\/wp-json\/wp\/v2\/posts\/8126"}],"collection":[{"href":"https:\/\/blogs.diariosur.es\/pasarelaurbana\/wp-json\/wp\/v2\/posts"}],"about":[{"href":"https:\/\/blogs.diariosur.es\/pasarelaurbana\/wp-json\/wp\/v2\/types\/post"}],"author":[{"embeddable":true,"href":"https:\/\/blogs.diariosur.es\/pasarelaurbana\/wp-json\/wp\/v2\/users\/54"}],"replies":[{"embeddable":true,"href":"https:\/\/blogs.diariosur.es\/pasarelaurbana\/wp-json\/wp\/v2\/comments?post=8126"}],"version-history":[{"count":0,"href":"https:\/\/blogs.diariosur.es\/pasarelaurbana\/wp-json\/wp\/v2\/posts\/8126\/revisions"}],"wp:attachment":[{"href":"https:\/\/blogs.diariosur.es\/pasarelaurbana\/wp-json\/wp\/v2\/media?parent=8126"}],"wp:term":[{"taxonomy":"category","embeddable":true,"href":"https:\/\/blogs.diariosur.es\/pasarelaurbana\/wp-json\/wp\/v2\/categories?post=8126"},{"taxonomy":"post_tag","embeddable":true,"href":"https:\/\/blogs.diariosur.es\/pasarelaurbana\/wp-json\/wp\/v2\/tags?post=8126"}],"curies":[{"name":"wp","href":"https:\/\/api.w.org\/{rel}","templated":true}]}}