{"id":8128,"date":"2014-12-29T16:10:19","date_gmt":"2014-12-29T15:10:19","guid":{"rendered":"http:\/\/blogs.diariosur.es\/pasarelaurbana\/?p=8128"},"modified":"2014-12-29T16:10:19","modified_gmt":"2014-12-29T15:10:19","slug":"hazlo-tu-mismo-los-mejores-diy-de-navidad","status":"publish","type":"post","link":"https:\/\/blogs.diariosur.es\/pasarelaurbana\/2014\/12\/29\/hazlo-tu-mismo-los-mejores-diy-de-navidad\/","title":{"rendered":"\u00a1Hazlo tu mismo! Los mejores DIY de Navidad"},"content":{"rendered":"<p style=\"text-align: center;\">\u00a1Buenas! Ya estoy de vuelta tras las mini vacaciones navide\u00f1as (\u00a1que bien que se agradecen!). Hemos pasado unos d\u00edas de descanso total en La Alpujarra, as\u00ed que regreso con las pilas cargadas. Antes de irme de viaje se me qued\u00f3 pendiente publicar este resumen con <strong>propuestas de DIY -&#8216;Do it yopurself&#8217;, o hazlo tu mismo<\/strong>&#8211; que he ido recopilando en las \u00faltimas semanas y que me parecen chul\u00edsimas para copiar. Se que para muchas de ellas ya quiz\u00e1s sea tarde, pero os las dejo a modo de inspiraci\u00f3n para el a\u00f1o que viene o, por qu\u00e9 no, para que os entreteng\u00e1is una de estas tardes de fr\u00edo que vienen. Muchas son perfectas para hacer con ni\u00f1os, as\u00ed que tambi\u00e9n es un buen plan para compartir con ellos. \u00a1Seguro que les encanta! Otras son ideales para servir la mesa la pr\u00f3xima Nochevieja que ya tenemos a la vuelta de la esquina. \u00a1Comenzamos el repaso! \u00a1Espero que os guste!<\/p>\n<p style=\"text-align: center;\"><a href=\"\/pasarelaurbana\/wp-content\/uploads\/sites\/49\/2014\/12\/115.jpg\"><img loading=\"lazy\" class=\"aligncenter size-full wp-image-8130\" title=\"1\" src=\"\/pasarelaurbana\/wp-content\/uploads\/sites\/49\/2014\/12\/115.jpg\" alt=\"\" width=\"600\" height=\"600\" srcset=\"https:\/\/static-blogs.diariosur.es\/wp-content\/uploads\/sites\/49\/2014\/12\/115.jpg 600w, https:\/\/static-blogs.diariosur.es\/wp-content\/uploads\/sites\/49\/2014\/12\/115-150x150.jpg 150w, https:\/\/static-blogs.diariosur.es\/wp-content\/uploads\/sites\/49\/2014\/12\/115-300x300.jpg 300w\" sizes=\"(max-width: 600px) 100vw, 600px\" \/><\/a><!--more--><\/p>\n<p style=\"text-align: center;\">\u00bfQu\u00e9 os parecen estas cuatro ideas de<strong> coronas navide\u00f1as<\/strong>? son f\u00e1ciles de hacer y los materiales no requieren grandes desembolsos. De blondas de papel, de gominolas, de nubes o de restos de papeles. \u00a1Preciosas!<\/p>\n<p><a href=\"\/pasarelaurbana\/wp-content\/uploads\/sites\/49\/2014\/12\/24.jpg\"><img loading=\"lazy\" class=\"aligncenter size-full wp-image-8131\" title=\"2\" src=\"\/pasarelaurbana\/wp-content\/uploads\/sites\/49\/2014\/12\/24.jpg\" alt=\"\" width=\"600\" height=\"400\" srcset=\"https:\/\/static-blogs.diariosur.es\/wp-content\/uploads\/sites\/49\/2014\/12\/24.jpg 600w, https:\/\/static-blogs.diariosur.es\/wp-content\/uploads\/sites\/49\/2014\/12\/24-300x200.jpg 300w\" sizes=\"(max-width: 600px) 100vw, 600px\" \/><\/a><\/p>\n<p style=\"text-align: center;\"><a href=\"http:\/\/muymolon.com\/2014\/12\/15\/escargable-y-tutorial-para-hacer-un-belen-muy-wonder\/\" rel=\"external nofollow\">Esta portal de bel\u00e9n dise\u00f1ado por Mr Wonderfu<\/a>l que os pod\u00e9is descargar de forma gratuita de su blog -con instrucciones de montaje incuidas- me parece chul\u00edsimo para un dormitorio infantil.<\/p>\n<p style=\"text-align: center;\"><a href=\"\/pasarelaurbana\/wp-content\/uploads\/sites\/49\/2014\/12\/54.jpg\"><img loading=\"lazy\" class=\"aligncenter size-full wp-image-8134\" title=\"5\" src=\"\/pasarelaurbana\/wp-content\/uploads\/sites\/49\/2014\/12\/54.jpg\" alt=\"\" width=\"600\" height=\"740\" srcset=\"https:\/\/static-blogs.diariosur.es\/wp-content\/uploads\/sites\/49\/2014\/12\/54.jpg 600w, https:\/\/static-blogs.diariosur.es\/wp-content\/uploads\/sites\/49\/2014\/12\/54-243x300.jpg 243w\" sizes=\"(max-width: 600px) 100vw, 600px\" \/><\/a><\/p>\n<p style=\"text-align: center;\">\u00bfQu\u00e9 ten\u00e9is<strong> cortadores de galletas<\/strong> sin usar? \u00a1Pues buscad papeles bonitos de fondo y voil\u00e1! Unos originales adornos para el \u00e1rbol.<\/p>\n<p style=\"text-align: center;\"><a href=\"\/pasarelaurbana\/wp-content\/uploads\/sites\/49\/2014\/12\/64.jpg\"><img loading=\"lazy\" class=\"aligncenter size-full wp-image-8135\" title=\"6\" src=\"\/pasarelaurbana\/wp-content\/uploads\/sites\/49\/2014\/12\/64.jpg\" alt=\"\" width=\"600\" height=\"450\" srcset=\"https:\/\/static-blogs.diariosur.es\/wp-content\/uploads\/sites\/49\/2014\/12\/64.jpg 600w, https:\/\/static-blogs.diariosur.es\/wp-content\/uploads\/sites\/49\/2014\/12\/64-300x225.jpg 300w\" sizes=\"(max-width: 600px) 100vw, 600px\" \/><\/a><\/p>\n<p style=\"text-align: center;\">Crear este micromundo que nos traslada a un <strong>bosque de hadas navide\u00f1o<\/strong> es muy sencillo. el que veis en la foto lo ha hecho una servidora con una quesera comprada en un chino, musgo y troquintos -tambi\u00e9n de un todo a cien-, mini arbolitos y un cervati\u00f1o que compr\u00e9 en Viveros Guzm\u00e1n. Queda precioso en la cocina. Abajo ten\u00e9is otra versi\u00f3n m\u00e1s sencilla con botes de cristal. \u00a1Quedan genial en cualquier rinc\u00f3n!<\/p>\n<p style=\"text-align: center;\"><a href=\"\/pasarelaurbana\/wp-content\/uploads\/sites\/49\/2014\/12\/84.jpg\"><img loading=\"lazy\" class=\"aligncenter size-full wp-image-8137\" title=\"8\" src=\"\/pasarelaurbana\/wp-content\/uploads\/sites\/49\/2014\/12\/84.jpg\" alt=\"\" width=\"600\" height=\"867\" srcset=\"https:\/\/static-blogs.diariosur.es\/wp-content\/uploads\/sites\/49\/2014\/12\/84.jpg 600w, https:\/\/static-blogs.diariosur.es\/wp-content\/uploads\/sites\/49\/2014\/12\/84-208x300.jpg 208w\" sizes=\"(max-width: 600px) 100vw, 600px\" \/><\/a><\/p>\n<p style=\"text-align: center;\"><a href=\"\/pasarelaurbana\/wp-content\/uploads\/sites\/49\/2014\/12\/94.jpg\"><img loading=\"lazy\" class=\"aligncenter size-full wp-image-8138\" title=\"9\" src=\"\/pasarelaurbana\/wp-content\/uploads\/sites\/49\/2014\/12\/94.jpg\" alt=\"\" width=\"600\" height=\"616\" srcset=\"https:\/\/static-blogs.diariosur.es\/wp-content\/uploads\/sites\/49\/2014\/12\/94.jpg 600w, https:\/\/static-blogs.diariosur.es\/wp-content\/uploads\/sites\/49\/2014\/12\/94-292x300.jpg 292w\" sizes=\"(max-width: 600px) 100vw, 600px\" \/><\/a><\/p>\n<p style=\"text-align: center;\">Estos arbolitos con<strong> corchos de botellas<\/strong> me parece una maravilla. Para decorarlos pod\u00e9is usar washi tapes monos.<\/p>\n<p style=\"text-align: center;\"><a href=\"\/pasarelaurbana\/wp-content\/uploads\/sites\/49\/2014\/12\/124.jpg\"><img loading=\"lazy\" class=\"aligncenter size-full wp-image-8141\" title=\"12\" src=\"\/pasarelaurbana\/wp-content\/uploads\/sites\/49\/2014\/12\/124.jpg\" alt=\"\" width=\"600\" height=\"600\" srcset=\"https:\/\/static-blogs.diariosur.es\/wp-content\/uploads\/sites\/49\/2014\/12\/124.jpg 600w, https:\/\/static-blogs.diariosur.es\/wp-content\/uploads\/sites\/49\/2014\/12\/124-150x150.jpg 150w, https:\/\/static-blogs.diariosur.es\/wp-content\/uploads\/sites\/49\/2014\/12\/124-300x300.jpg 300w\" sizes=\"(max-width: 600px) 100vw, 600px\" \/><\/a><\/p>\n<p style=\"text-align: center;\">Sobre estas l\u00edneas, <strong>otra idea genial con blondas<\/strong>. Crear un bonito centro de mesa creando con ellas figuras de arbolitos. Un palo de brochetas sirve de gu\u00eda.<\/p>\n<p style=\"text-align: center;\"><a href=\"\/pasarelaurbana\/wp-content\/uploads\/sites\/49\/2014\/12\/104.jpg\"><img loading=\"lazy\" class=\"aligncenter size-full wp-image-8139\" title=\"10\" src=\"\/pasarelaurbana\/wp-content\/uploads\/sites\/49\/2014\/12\/104.jpg\" alt=\"\" width=\"600\" height=\"901\" srcset=\"https:\/\/static-blogs.diariosur.es\/wp-content\/uploads\/sites\/49\/2014\/12\/104.jpg 600w, https:\/\/static-blogs.diariosur.es\/wp-content\/uploads\/sites\/49\/2014\/12\/104-200x300.jpg 200w\" sizes=\"(max-width: 600px) 100vw, 600px\" \/><\/a><\/p>\n<p style=\"text-align: center;\">\u00bfQu\u00e9 no ten\u00e9is un centro para decorar la mesa? Pod\u00e9is improvisar este con copas de vino, bolas de Navidad y velas. Low cost y original, \u00a1qu\u00e9 m\u00e1s se puede pedir!<\/p>\n<p style=\"text-align: center;\"><a href=\"\/pasarelaurbana\/wp-content\/uploads\/sites\/49\/2014\/12\/143.jpg\"><img loading=\"lazy\" class=\"aligncenter size-full wp-image-8143\" title=\"14\" src=\"\/pasarelaurbana\/wp-content\/uploads\/sites\/49\/2014\/12\/143.jpg\" alt=\"\" width=\"600\" height=\"2647\" srcset=\"https:\/\/static-blogs.diariosur.es\/wp-content\/uploads\/sites\/49\/2014\/12\/143.jpg 600w, https:\/\/static-blogs.diariosur.es\/wp-content\/uploads\/sites\/49\/2014\/12\/143-68x300.jpg 68w, https:\/\/static-blogs.diariosur.es\/wp-content\/uploads\/sites\/49\/2014\/12\/143-232x1024.jpg 232w\" sizes=\"(max-width: 600px) 100vw, 600px\" \/><\/a><\/p>\n<p style=\"text-align: center;\"><a href=\"\/pasarelaurbana\/wp-content\/uploads\/sites\/49\/2014\/12\/153.jpg\"><img loading=\"lazy\" class=\"aligncenter size-full wp-image-8129\" title=\"15\" src=\"\/pasarelaurbana\/wp-content\/uploads\/sites\/49\/2014\/12\/153.jpg\" alt=\"\" width=\"600\" height=\"400\" srcset=\"https:\/\/static-blogs.diariosur.es\/wp-content\/uploads\/sites\/49\/2014\/12\/153.jpg 600w, https:\/\/static-blogs.diariosur.es\/wp-content\/uploads\/sites\/49\/2014\/12\/153-300x200.jpg 300w\" sizes=\"(max-width: 600px) 100vw, 600px\" \/><\/a><\/p>\n<p style=\"text-align: center;\">Arriba,<strong> dos ideas para decorar el \u00e1rbol<\/strong> con cosas de andar por casa, creando cucuruchos de helado con cartones y papeles de seda y guirnaldas con pajaritas de pasta que pod\u00e9is te\u00f1ir de colores.<\/p>\n<p style=\"text-align: center;\"><a href=\"\/pasarelaurbana\/wp-content\/uploads\/sites\/49\/2014\/12\/34.jpg\"><img loading=\"lazy\" class=\"aligncenter size-full wp-image-8132\" title=\"3\" src=\"\/pasarelaurbana\/wp-content\/uploads\/sites\/49\/2014\/12\/34.jpg\" alt=\"\" width=\"600\" height=\"744\" srcset=\"https:\/\/static-blogs.diariosur.es\/wp-content\/uploads\/sites\/49\/2014\/12\/34.jpg 600w, https:\/\/static-blogs.diariosur.es\/wp-content\/uploads\/sites\/49\/2014\/12\/34-242x300.jpg 242w\" sizes=\"(max-width: 600px) 100vw, 600px\" \/><\/a><\/p>\n<p style=\"text-align: center;\">Idea para presentar sandwiches saludables.<\/p>\n<p style=\"text-align: center;\"><a href=\"\/pasarelaurbana\/wp-content\/uploads\/sites\/49\/2014\/12\/44.jpg\"><img loading=\"lazy\" class=\"aligncenter size-full wp-image-8133\" title=\"4\" src=\"\/pasarelaurbana\/wp-content\/uploads\/sites\/49\/2014\/12\/44.jpg\" alt=\"\" width=\"600\" height=\"775\" srcset=\"https:\/\/static-blogs.diariosur.es\/wp-content\/uploads\/sites\/49\/2014\/12\/44.jpg 600w, https:\/\/static-blogs.diariosur.es\/wp-content\/uploads\/sites\/49\/2014\/12\/44-232x300.jpg 232w\" sizes=\"(max-width: 600px) 100vw, 600px\" \/><\/a><\/p>\n<p style=\"text-align: center;\">Estos <strong>gorritos con fresas<\/strong> me parecen mon\u00edsimos. Quedan muys vistosos y son f\u00e1ciles de hacer, igual que la<strong> corona con hojaldres de salchicha<\/strong> de abajo. \u00a1El lazo est\u00e1 hecho con pimiento rojo!<\/p>\n<p style=\"text-align: center;\"><a href=\"\/pasarelaurbana\/wp-content\/uploads\/sites\/49\/2014\/12\/74.jpg\"><img loading=\"lazy\" class=\"aligncenter size-full wp-image-8136\" title=\"7\" src=\"\/pasarelaurbana\/wp-content\/uploads\/sites\/49\/2014\/12\/74.jpg\" alt=\"\" width=\"600\" height=\"442\" srcset=\"https:\/\/static-blogs.diariosur.es\/wp-content\/uploads\/sites\/49\/2014\/12\/74.jpg 600w, https:\/\/static-blogs.diariosur.es\/wp-content\/uploads\/sites\/49\/2014\/12\/74-300x221.jpg 300w\" sizes=\"(max-width: 600px) 100vw, 600px\" \/><\/a><\/p>\n<p style=\"text-align: center;\"><a href=\"\/pasarelaurbana\/wp-content\/uploads\/sites\/49\/2014\/12\/116.jpg\"><img loading=\"lazy\" class=\"aligncenter size-full wp-image-8140\" title=\"11\" src=\"\/pasarelaurbana\/wp-content\/uploads\/sites\/49\/2014\/12\/116.jpg\" alt=\"\" width=\"600\" height=\"438\" srcset=\"https:\/\/static-blogs.diariosur.es\/wp-content\/uploads\/sites\/49\/2014\/12\/116.jpg 600w, https:\/\/static-blogs.diariosur.es\/wp-content\/uploads\/sites\/49\/2014\/12\/116-300x219.jpg 300w\" sizes=\"(max-width: 600px) 100vw, 600px\" \/><\/a><\/p>\n<p style=\"text-align: center;\">Sobre estas l\u00edneas otra sugerencia para servir la fruta, intercalando <strong>rodajas de pl\u00e1tano y fresa<\/strong> para dibujar bastoncillos navide\u00f1os. \u00a1Queda precioso! Y terminamos con otra alternativa con fresas, que dan mucho juego.<\/p>\n<p style=\"text-align: center;\"><a href=\"\/pasarelaurbana\/wp-content\/uploads\/sites\/49\/2014\/12\/133.jpg\"><img loading=\"lazy\" class=\"aligncenter size-full wp-image-8142\" title=\"13\" src=\"\/pasarelaurbana\/wp-content\/uploads\/sites\/49\/2014\/12\/133.jpg\" alt=\"\" width=\"600\" height=\"838\" srcset=\"https:\/\/static-blogs.diariosur.es\/wp-content\/uploads\/sites\/49\/2014\/12\/133.jpg 600w, https:\/\/static-blogs.diariosur.es\/wp-content\/uploads\/sites\/49\/2014\/12\/133-215x300.jpg 215w\" sizes=\"(max-width: 600px) 100vw, 600px\" \/><\/a><\/p>\n<p>&nbsp;<\/p>\n","protected":false},"excerpt":{"rendered":"<p>\u00a1Buenas! Ya estoy de vuelta tras las mini vacaciones navide\u00f1as (\u00a1que bien que se agradecen!). Hemos pasado unos d\u00edas de descanso total en La Alpujarra, as\u00ed que regreso con las pilas cargadas. Antes de irme de viaje se me qued\u00f3 pendiente publicar este resumen con propuestas de DIY -&#8216;Do it yopurself&#8217;, o hazlo tu mismo&#8211; [&hellip;]<\/p>\n","protected":false},"author":54,"featured_media":0,"comment_status":"open","ping_status":"open","sticky":false,"template":"","format":"standard","meta":[],"categories":[2],"tags":[],"_links":{"self":[{"href":"https:\/\/blogs.diariosur.es\/pasarelaurbana\/wp-json\/wp\/v2\/posts\/8128"}],"collection":[{"href":"https:\/\/blogs.diariosur.es\/pasarelaurbana\/wp-json\/wp\/v2\/posts"}],"about":[{"href":"https:\/\/blogs.diariosur.es\/pasarelaurbana\/wp-json\/wp\/v2\/types\/post"}],"author":[{"embeddable":true,"href":"https:\/\/blogs.diariosur.es\/pasarelaurbana\/wp-json\/wp\/v2\/users\/54"}],"replies":[{"embeddable":true,"href":"https:\/\/blogs.diariosur.es\/pasarelaurbana\/wp-json\/wp\/v2\/comments?post=8128"}],"version-history":[{"count":0,"href":"https:\/\/blogs.diariosur.es\/pasarelaurbana\/wp-json\/wp\/v2\/posts\/8128\/revisions"}],"wp:attachment":[{"href":"https:\/\/blogs.diariosur.es\/pasarelaurbana\/wp-json\/wp\/v2\/media?parent=8128"}],"wp:term":[{"taxonomy":"category","embeddable":true,"href":"https:\/\/blogs.diariosur.es\/pasarelaurbana\/wp-json\/wp\/v2\/categories?post=8128"},{"taxonomy":"post_tag","embeddable":true,"href":"https:\/\/blogs.diariosur.es\/pasarelaurbana\/wp-json\/wp\/v2\/tags?post=8128"}],"curies":[{"name":"wp","href":"https:\/\/api.w.org\/{rel}","templated":true}]}}