{"id":9548,"date":"2016-10-08T08:55:23","date_gmt":"2016-10-08T06:55:23","guid":{"rendered":"http:\/\/blogs.diariosur.es\/pasarelaurbana\/?p=9548"},"modified":"2016-10-08T08:55:23","modified_gmt":"2016-10-08T06:55:23","slug":"mix-de-entretiempo","status":"publish","type":"post","link":"https:\/\/blogs.diariosur.es\/pasarelaurbana\/2016\/10\/08\/mix-de-entretiempo\/","title":{"rendered":"El complicado mix de entretiempo"},"content":{"rendered":"<p style=\"text-align: center;\"><a href=\"\/pasarelaurbana\/wp-content\/uploads\/sites\/49\/2016\/10\/combo-moda.jpg\"><img loading=\"lazy\" class=\"aligncenter size-full wp-image-9562\" title=\"combo-moda\" src=\"\/pasarelaurbana\/wp-content\/uploads\/sites\/49\/2016\/10\/combo-moda.jpg\" alt=\"\" width=\"600\" height=\"600\" srcset=\"https:\/\/static-blogs.diariosur.es\/wp-content\/uploads\/sites\/49\/2016\/10\/combo-moda.jpg 600w, https:\/\/static-blogs.diariosur.es\/wp-content\/uploads\/sites\/49\/2016\/10\/combo-moda-150x150.jpg 150w, https:\/\/static-blogs.diariosur.es\/wp-content\/uploads\/sites\/49\/2016\/10\/combo-moda-300x300.jpg 300w\" sizes=\"(max-width: 600px) 100vw, 600px\" \/><\/a><\/p>\n<p style=\"text-align: center;\">El denominado \u2018vero\u00f1o\u2019 vuelve a ser un octubre m\u00e1s protagonista en las calles de M\u00e1laga. El calendario recuerda que ha llegado la nueva estaci\u00f3n. Pero los term\u00f3metros se resisten a decirle adi\u00f3s al verano, que colea principalmente en las horas centrales del d\u00eda con m\u00e1ximas de hasta 29 grados. El dilema, ante este escenario clim\u00e1tico, surge al abrir las puertas del armario y decidir un estilismo. Un ejercicio complicado que supone para muchos un aut\u00e9ntico quebradero de cabeza. \u00bfQu\u00e9 ponerse para no estar fuera de lugar? \u00bfQu\u00e9 descartar para no acabar empapados de sudor? \u00a1Todo un sudoku! Lograr el equilibrio perfecto es uno de los principales retos que presenta la temporada de entretiempo.<br \/>\nEl pasado mi\u00e9rcoles desplegamos la pasarela urbana por el Centro de la capital para testar c\u00f3mo afronta este desaf\u00edo el \u2018street style\u2019 malague\u00f1o. \u00bfEl resultado? Muchas mezclas imposibles \u2013quiz\u00e1s demasiadas\u2013 que demuestran que acertar no es f\u00e1cil. Pero hay f\u00f3rmulas b\u00e1sicas que funcionan. Y buen ejemplo de ello son los cuatro \u2018looks\u2019 que ilustran esta p\u00e1gina. \u00a1Sal de casa con una chaqueta ligera que ocupe poco en el bolso, como las socorridas bomber, que adem\u00e1s son tendencia! Tira de cl\u00e1sicos que no pasan de moda como una camisa blanca vaporosa de corte rom\u00e1ntico, ponte una falda larga \u2013que es ideal para estos d\u00edas\u2013 combinada con un jersey fino al codo y c\u00e1lzate unos botines con aberturas. \u00a1As\u00ed triunfar\u00e1s!<!--more--><\/p>\n<p><a href=\"\/pasarelaurbana\/wp-content\/uploads\/sites\/49\/2016\/10\/pasarela-2.jpg\"><img loading=\"lazy\" class=\"aligncenter size-full wp-image-9550\" title=\"pasarela (2)\" src=\"\/pasarelaurbana\/wp-content\/uploads\/sites\/49\/2016\/10\/pasarela-2.jpg\" alt=\"\" width=\"600\" height=\"800\" srcset=\"https:\/\/static-blogs.diariosur.es\/wp-content\/uploads\/sites\/49\/2016\/10\/pasarela-2.jpg 600w, https:\/\/static-blogs.diariosur.es\/wp-content\/uploads\/sites\/49\/2016\/10\/pasarela-2-225x300.jpg 225w\" sizes=\"(max-width: 600px) 100vw, 600px\" \/><\/a><\/p>\n<p><a href=\"\/pasarelaurbana\/wp-content\/uploads\/sites\/49\/2016\/10\/14.jpg\"><img loading=\"lazy\" class=\"aligncenter size-full wp-image-9561\" title=\"14\" src=\"\/pasarelaurbana\/wp-content\/uploads\/sites\/49\/2016\/10\/14.jpg\" alt=\"\" width=\"600\" height=\"800\" srcset=\"https:\/\/static-blogs.diariosur.es\/wp-content\/uploads\/sites\/49\/2016\/10\/14.jpg 600w, https:\/\/static-blogs.diariosur.es\/wp-content\/uploads\/sites\/49\/2016\/10\/14-225x300.jpg 225w\" sizes=\"(max-width: 600px) 100vw, 600px\" \/><\/a><\/p>\n<p style=\"text-align: center;\"><strong>Cristina Mata<\/strong>. Publicista. 23 a\u00f1os<\/p>\n<p style=\"text-align: center;\"><span style=\"text-decoration: underline;\">La bomber, la gran triunfadora de la nueva temporada<\/span><\/p>\n<p>La prenda \u2018rockabilly\u2019 por excelencia ha regresado para quedarse esta temporada. Las cazadoras que pusieron de moda las Pink Ladies de Grease son las reinas indiscutibles del oto\u00f1o. Se avecina pues una plaga de estas chaquetas, que ya se palpa en el \u2018street style\u2019 malague\u00f1o. \u00bfSu principal fortaleza? Su versatilidad, ya que tienen la virtud de encajar en todo tipo de \u2018looks\u2019, tanto m\u00e1s informales como m\u00e1s arreglados, aport\u00e9ndoles un toque \u2018sporty chic\u2019. Su ligereza la convierte adem\u00e1s en la aliada perfecta para abrigarse estos d\u00edas de entretiempo, en los que a primera hora de la ma\u00f1ana y al caer el sol apetece ponerse una manga larga. Cristina Mata, una joven publicista de 23 a\u00f1os, apuesta por un modelo de Zara en verde militar \u2013ideal para tener de fondo de armario porque va con casi todo\u2013 para un \u2018outfit\u2019 de diario. En su caso la combina con acierto con camisa vaquera y pantalones pitillo rotos. \u00bfLa guinda? Unas de las zapatillas de moda: las Stan Smith de Adidas, otro comod\u00edn que funciona.<\/p>\n<p style=\"text-align: center;\">Camisa vaquera: H&#038;M.<br \/>\nBomber y vaqueros: Zara.<br \/>\nDeportivas: Stan Smith, Adidas.<\/p>\n<p><a href=\"\/pasarelaurbana\/wp-content\/uploads\/sites\/49\/2016\/10\/pasarela-7.jpg\"><img loading=\"lazy\" class=\"aligncenter size-full wp-image-9555\" title=\"pasarela (7)\" src=\"\/pasarelaurbana\/wp-content\/uploads\/sites\/49\/2016\/10\/pasarela-7.jpg\" alt=\"\" width=\"600\" height=\"800\" srcset=\"https:\/\/static-blogs.diariosur.es\/wp-content\/uploads\/sites\/49\/2016\/10\/pasarela-7.jpg 600w, https:\/\/static-blogs.diariosur.es\/wp-content\/uploads\/sites\/49\/2016\/10\/pasarela-7-225x300.jpg 225w\" sizes=\"(max-width: 600px) 100vw, 600px\" \/><\/a><\/p>\n<p><a href=\"\/pasarelaurbana\/wp-content\/uploads\/sites\/49\/2016\/10\/pasarela-4.jpg\"><img loading=\"lazy\" class=\"aligncenter size-full wp-image-9552\" title=\"pasarela (4)\" src=\"\/pasarelaurbana\/wp-content\/uploads\/sites\/49\/2016\/10\/pasarela-4.jpg\" alt=\"\" width=\"600\" height=\"800\" srcset=\"https:\/\/static-blogs.diariosur.es\/wp-content\/uploads\/sites\/49\/2016\/10\/pasarela-4.jpg 600w, https:\/\/static-blogs.diariosur.es\/wp-content\/uploads\/sites\/49\/2016\/10\/pasarela-4-225x300.jpg 225w\" sizes=\"(max-width: 600px) 100vw, 600px\" \/><\/a><\/p>\n<p style=\"text-align: center;\"><strong>Estrella Toro<\/strong>. Dependienta. 35 a\u00f1os<\/p>\n<p style=\"text-align: center;\"><span style=\"text-decoration: underline;\">\u00a1Al\u00edate con botines con aberturas!<\/span><br \/>\nSon la soluci\u00f3n perfecta. Y es que estos d\u00edas se repite continuamente el dilema: \u00bfqu\u00e9 zapatos ponerse? Las sandalias y cu\u00f1as ya est\u00e1n fuera de lugar. Pero tampoco hace fr\u00edo a\u00fan para botas cerradas. \u00bfEl t\u00e9rmino medio? Unos botines con aberturas como los que calza Estrella Toro. Esta dependienta malague\u00f1a de 35 a\u00f1os elige para ir a trabajar uno de estos zapatos \u2013los denominados \u2018cut out\u2019\u2013 combinados con camiseta con mensaje, pitillos de cuero y un sofisticado maxichaleco vaquero que se convierte en el protagonista de su estilismo. Completa el \u2018look\u2019 con una cadena dorada en forma de tri\u00e1ngulo de Mango.<\/p>\n<p style=\"text-align: center;\">Camiseta: La Maison.<\/p>\n<p style=\"text-align: center;\">Maxi chaleco vaquero ybotines: Stradivarius.<\/p>\n<p style=\"text-align: center;\">Pitillos: Bershka.<\/p>\n<p style=\"text-align: center;\">Collar: Mango.<\/p>\n<p style=\"text-align: center;\"><a href=\"\/pasarelaurbana\/wp-content\/uploads\/sites\/49\/2016\/10\/pasarela-6.jpg\"><img loading=\"lazy\" class=\"aligncenter size-full wp-image-9554\" title=\"pasarela (6)\" src=\"\/pasarelaurbana\/wp-content\/uploads\/sites\/49\/2016\/10\/pasarela-6.jpg\" alt=\"\" width=\"600\" height=\"800\" srcset=\"https:\/\/static-blogs.diariosur.es\/wp-content\/uploads\/sites\/49\/2016\/10\/pasarela-6.jpg 600w, https:\/\/static-blogs.diariosur.es\/wp-content\/uploads\/sites\/49\/2016\/10\/pasarela-6-225x300.jpg 225w\" sizes=\"(max-width: 600px) 100vw, 600px\" \/><\/a><\/p>\n<p style=\"text-align: center;\"><a href=\"\/pasarelaurbana\/wp-content\/uploads\/sites\/49\/2016\/10\/pasarela-3.jpg\"><img loading=\"lazy\" class=\"aligncenter size-full wp-image-9551\" title=\"pasarela (3)\" src=\"\/pasarelaurbana\/wp-content\/uploads\/sites\/49\/2016\/10\/pasarela-3.jpg\" alt=\"\" width=\"600\" height=\"800\" srcset=\"https:\/\/static-blogs.diariosur.es\/wp-content\/uploads\/sites\/49\/2016\/10\/pasarela-3.jpg 600w, https:\/\/static-blogs.diariosur.es\/wp-content\/uploads\/sites\/49\/2016\/10\/pasarela-3-225x300.jpg 225w\" sizes=\"(max-width: 600px) 100vw, 600px\" \/><\/a><\/p>\n<p style=\"text-align: center;\"><strong>Desir\u00e9 Carrascosa<\/strong>. Desempleada. 38 a\u00f1os<\/p>\n<p style=\"text-align: center;\"><span style=\"text-decoration: underline;\">Un \u2018look\u2019 rom\u00e1ntico muy estiloso<\/span><br \/>\nLas faldas largas son otras de esas prendas que mejor encajan en esta \u00e9poca de transici\u00f3n entre el verano \u2013que a\u00fan colea en forma de altas temperaturas\u2013 y un oto\u00f1o a\u00fan t\u00edmido que como es habital en M\u00e1laga no acaba de despegar. Son c\u00f3modas, ligeras y estilosas, as\u00ed que apostar por ellas es un acierto. Nos gusta el modelo floral que luce Desir\u00e9 Carrascosa, una desempleada de 38 a\u00f1os, combinada con camisa blanca al codo y bandolera marfil.<\/p>\n<p style=\"text-align: center;\">Camisa: Blanco.<br \/>\nFalda: Cortefiel.<br \/>\nBolso bandolera: Primark.<\/p>\n<p style=\"text-align: center;\"><a href=\"\/pasarelaurbana\/wp-content\/uploads\/sites\/49\/2016\/10\/pasarela-8.jpg\"><img loading=\"lazy\" class=\"aligncenter size-full wp-image-9556\" title=\"pasarela (8)\" src=\"\/pasarelaurbana\/wp-content\/uploads\/sites\/49\/2016\/10\/pasarela-8.jpg\" alt=\"\" width=\"600\" height=\"800\" srcset=\"https:\/\/static-blogs.diariosur.es\/wp-content\/uploads\/sites\/49\/2016\/10\/pasarela-8.jpg 600w, https:\/\/static-blogs.diariosur.es\/wp-content\/uploads\/sites\/49\/2016\/10\/pasarela-8-225x300.jpg 225w\" sizes=\"(max-width: 600px) 100vw, 600px\" \/><\/a><\/p>\n<p style=\"text-align: center;\"><a href=\"\/pasarelaurbana\/wp-content\/uploads\/sites\/49\/2016\/10\/pasarela-5.jpg\"><img loading=\"lazy\" class=\"aligncenter size-full wp-image-9553\" title=\"pasarela (5)\" src=\"\/pasarelaurbana\/wp-content\/uploads\/sites\/49\/2016\/10\/pasarela-5.jpg\" alt=\"\" width=\"600\" height=\"800\" srcset=\"https:\/\/static-blogs.diariosur.es\/wp-content\/uploads\/sites\/49\/2016\/10\/pasarela-5.jpg 600w, https:\/\/static-blogs.diariosur.es\/wp-content\/uploads\/sites\/49\/2016\/10\/pasarela-5-225x300.jpg 225w\" sizes=\"(max-width: 600px) 100vw, 600px\" \/><\/a><\/p>\n<p style=\"text-align: center;\"><strong>Marina Delange<\/strong>. Empresaria. 42 a\u00f1os<\/p>\n<p style=\"text-align: center;\"><span style=\"text-decoration: underline;\">D\u00faos crom\u00e1ticos que son un valor seguro<\/span><br \/>\nYa lo advertimos la pasada semana en este suplemento: el verde militar llega pisando fuerte este mes. Pues bien, para esos d\u00edas en los que una abre el armario y surgen mil dudas de qu\u00e9 ponerse una estretegia infalible \u2013con cero riesgo pero que funciona\u2013 pasa por elegir una parte de abajo en este color y maridarla con una blusa vaporosa blanca. Un colgante XL \u2013como el que propone Marisa Delange, empresaria de 42 a\u00f1os, de Manuel Torres Joyeros\u2013 y unas gafas llamativas marcan la distinci\u00f3n.<\/p>\n<p style=\"text-align: center;\">Blusa: Massimo Dutti.<\/p>\n<p style=\"text-align: center;\">Falda: Zara.<\/p>\n<p style=\"text-align: center;\">Salones: Coach.<\/p>\n<p style=\"text-align: center;\">Complementos: Manuel Torres Joyero.<\/p>\n<p style=\"text-align: center;\">Gafas: Uterq\u00fce.<\/p>\n<p style=\"text-align: center;\">Bolso: Louis Vuitton.<\/p>\n","protected":false},"excerpt":{"rendered":"<p>El denominado \u2018vero\u00f1o\u2019 vuelve a ser un octubre m\u00e1s protagonista en las calles de M\u00e1laga. El calendario recuerda que ha llegado la nueva estaci\u00f3n. Pero los term\u00f3metros se resisten a decirle adi\u00f3s al verano, que colea principalmente en las horas centrales del d\u00eda con m\u00e1ximas de hasta 29 grados. El dilema, ante este escenario clim\u00e1tico, [&hellip;]<\/p>\n","protected":false},"author":54,"featured_media":0,"comment_status":"open","ping_status":"open","sticky":false,"template":"","format":"standard","meta":[],"categories":[2],"tags":[],"_links":{"self":[{"href":"https:\/\/blogs.diariosur.es\/pasarelaurbana\/wp-json\/wp\/v2\/posts\/9548"}],"collection":[{"href":"https:\/\/blogs.diariosur.es\/pasarelaurbana\/wp-json\/wp\/v2\/posts"}],"about":[{"href":"https:\/\/blogs.diariosur.es\/pasarelaurbana\/wp-json\/wp\/v2\/types\/post"}],"author":[{"embeddable":true,"href":"https:\/\/blogs.diariosur.es\/pasarelaurbana\/wp-json\/wp\/v2\/users\/54"}],"replies":[{"embeddable":true,"href":"https:\/\/blogs.diariosur.es\/pasarelaurbana\/wp-json\/wp\/v2\/comments?post=9548"}],"version-history":[{"count":0,"href":"https:\/\/blogs.diariosur.es\/pasarelaurbana\/wp-json\/wp\/v2\/posts\/9548\/revisions"}],"wp:attachment":[{"href":"https:\/\/blogs.diariosur.es\/pasarelaurbana\/wp-json\/wp\/v2\/media?parent=9548"}],"wp:term":[{"taxonomy":"category","embeddable":true,"href":"https:\/\/blogs.diariosur.es\/pasarelaurbana\/wp-json\/wp\/v2\/categories?post=9548"},{"taxonomy":"post_tag","embeddable":true,"href":"https:\/\/blogs.diariosur.es\/pasarelaurbana\/wp-json\/wp\/v2\/tags?post=9548"}],"curies":[{"name":"wp","href":"https:\/\/api.w.org\/{rel}","templated":true}]}}