{"id":9578,"date":"2016-10-22T01:58:50","date_gmt":"2016-10-21T23:58:50","guid":{"rendered":"http:\/\/blogs.diariosur.es\/pasarelaurbana\/?p=9578"},"modified":"2016-10-22T01:58:50","modified_gmt":"2016-10-21T23:58:50","slug":"el-armario-de-sandra-rojo","status":"publish","type":"post","link":"https:\/\/blogs.diariosur.es\/pasarelaurbana\/2016\/10\/22\/el-armario-de-sandra-rojo\/","title":{"rendered":"El armario de Sandra Rojo"},"content":{"rendered":"<p style=\"text-align: center;\"><a href=\"\/pasarelaurbana\/wp-content\/uploads\/sites\/49\/2016\/10\/bailly-18.jpg\"><img loading=\"lazy\" class=\"aligncenter  wp-image-9596\" title=\"bailly (18)\" src=\"\/pasarelaurbana\/wp-content\/uploads\/sites\/49\/2016\/10\/bailly-18.jpg\" alt=\"\" width=\"600\" height=\"600\" srcset=\"https:\/\/static-blogs.diariosur.es\/wp-content\/uploads\/sites\/49\/2016\/10\/bailly-18.jpg 600w, https:\/\/static-blogs.diariosur.es\/wp-content\/uploads\/sites\/49\/2016\/10\/bailly-18-150x150.jpg 150w, https:\/\/static-blogs.diariosur.es\/wp-content\/uploads\/sites\/49\/2016\/10\/bailly-18-300x300.jpg 300w\" sizes=\"(max-width: 600px) 100vw, 600px\" \/><\/a><\/p>\n<p style=\"text-align: center;\">Tiene alma rom\u00e1ntica y esp\u00edritu bohemio. As\u00ed es ella y as\u00ed, tal cual, es su armario. Cuajado de mezclas. En \u00e9l conviven en armon\u00eda prendas tan dispares como unos pantalones cargo, unas botas moteras o un abrigo s\u00faper lady.\u00a0 \u00abPuedo se la m\u00e1s macarra con looks muy duros y masculinos que de repente me convierto en la m\u00e1s fina de un c\u00f3ctel. Soy muy ecl\u00e9ctica y sobre todo me gusta transgredir, buscar la diferencia\u00bb, confiesa Sandra Rojo.<br \/>\nSu primer apellido quiz\u00e1s no la sit\u00fae, pero el segundo -procedente de su madre, nacida en Francia- la ha convertido en una de las empresarias del sector moda de referencia en la provincia dando nombre a su propia marca: Bailly, que ya suma trece tiendas repartidas por la capital y la Costa del Sol.<br \/>\nLa primera de ellas la abri\u00f3 hace ahora once a\u00f1os en La Carihuela. Por entonces trabajaba en la direcci\u00f3n nacional de los O2 Centro Wellness cuando, sobrepasada por el nivel de estr\u00e9s, decidi\u00f3 irse a la India a meditar y hacer yoga. De vuelta a Espa\u00f1a, en la maleta se trajo un reto: montar su propio negocio. \u00bfY por qu\u00e9 en M\u00e1laga? \u00abPorque aqu\u00ed viv\u00eda la familia del que era mi novio y soy una enamorada de la luz y del mar de esta ciudad. Yo ya me siento malague\u00f1a\u00bb, bromea. Luchadora incansable, durante tres a\u00f1os estuvo compaginando su empleo en Madrid con bajadas a M\u00e1laga en coche cada fin de semana. &#8220;Llegaba aqu\u00ed a las tres de la ma\u00f1ana del viernes y me volv\u00eda el domingo de madrugada tambi\u00e9n, fue una etapa de locos&#8221;, rememora.<br \/>\nTonos empolvados, tut\u00fas, faldas de vuelo o chaquetas de tweed dominan los percheros de sus establecimientos, dirigidos a una mujer muy coqueta y femenina. En los de su casa, por contra, reinan en estos momentos los vaqueros, las camisetas \u2018oversize\u2019 b\u00e1sicas -que combina con chaquetas m\u00e1s especiales con apliques o pedrer\u00eda- los jerseys que trae de mercadillos coreanos y las botas o deportivas. \u00abAhora primo ante todo la comodidad y la funcionalidad\u00bb, defiende. \u00bfOtros de sus mandamientos de estilo? Huir del total look &#8211; \u00absiempre rompo con algo que sorprenda, por ejemplo fui de las primeras en atreverme a llevar una parka con un vestido de fiesta\u00bb, ilustra- lucir espalda siempre que sea posible -le encanta- y lucir vestidos que marquen su figura, sobre todo para salir a cenar, cuando suele decantarse por alg\u00fan modelo liso de tubo.<br \/>\n\u00bfUna man\u00eda? No soporta las medias, que nunca lleva. \u00bfSu gran pasi\u00f3n? Los zapatos y bolsos, \u00aben lo \u00fanico en lo que de vez en cuando me permito alg\u00fan capricho. \u00a1Son una buena inversi\u00f3n!\u00bb, concluye.<\/p>\n<p style=\"text-align: center;\">Os dejo con los looks al detalle de esta empresaria. \u00a1Espero que os guste! \u00a1Feliz fin de semana!<!--more--><strong><\/strong><\/p>\n<p style=\"text-align: center;\"><strong>LOOK DE D\u00cdA:<\/strong> Vaqueros con jersey tra\u00eddo de Corea y botines.<\/p>\n<p><a href=\"\/pasarelaurbana\/wp-content\/uploads\/sites\/49\/2016\/10\/bailly-2.jpg\"><img loading=\"lazy\" class=\"aligncenter size-full wp-image-9580\" title=\"bailly (2)\" src=\"\/pasarelaurbana\/wp-content\/uploads\/sites\/49\/2016\/10\/bailly-2.jpg\" alt=\"\" width=\"600\" height=\"800\" srcset=\"https:\/\/static-blogs.diariosur.es\/wp-content\/uploads\/sites\/49\/2016\/10\/bailly-2.jpg 600w, https:\/\/static-blogs.diariosur.es\/wp-content\/uploads\/sites\/49\/2016\/10\/bailly-2-225x300.jpg 225w\" sizes=\"(max-width: 600px) 100vw, 600px\" \/><\/a><\/p>\n<p style=\"text-align: center;\"><a href=\"\/pasarelaurbana\/wp-content\/uploads\/sites\/49\/2016\/10\/bailly-5.jpg\"><img loading=\"lazy\" class=\"aligncenter size-full wp-image-9583\" title=\"bailly (5)\" src=\"\/pasarelaurbana\/wp-content\/uploads\/sites\/49\/2016\/10\/bailly-5.jpg\" alt=\"\" width=\"600\" height=\"600\" srcset=\"https:\/\/static-blogs.diariosur.es\/wp-content\/uploads\/sites\/49\/2016\/10\/bailly-5.jpg 600w, https:\/\/static-blogs.diariosur.es\/wp-content\/uploads\/sites\/49\/2016\/10\/bailly-5-150x150.jpg 150w, https:\/\/static-blogs.diariosur.es\/wp-content\/uploads\/sites\/49\/2016\/10\/bailly-5-300x300.jpg 300w\" sizes=\"(max-width: 600px) 100vw, 600px\" \/><\/a><\/p>\n<p style=\"text-align: center;\"><a href=\"\/pasarelaurbana\/wp-content\/uploads\/sites\/49\/2016\/10\/top-sandra.jpg\"><img loading=\"lazy\" class=\"aligncenter size-full wp-image-9600\" title=\"top-sandra\" src=\"\/pasarelaurbana\/wp-content\/uploads\/sites\/49\/2016\/10\/top-sandra.jpg\" alt=\"\" width=\"600\" height=\"600\" srcset=\"https:\/\/static-blogs.diariosur.es\/wp-content\/uploads\/sites\/49\/2016\/10\/top-sandra.jpg 600w, https:\/\/static-blogs.diariosur.es\/wp-content\/uploads\/sites\/49\/2016\/10\/top-sandra-150x150.jpg 150w, https:\/\/static-blogs.diariosur.es\/wp-content\/uploads\/sites\/49\/2016\/10\/top-sandra-300x300.jpg 300w\" sizes=\"(max-width: 600px) 100vw, 600px\" \/><\/a><\/p>\n<p style=\"text-align: center;\"><a href=\"\/pasarelaurbana\/wp-content\/uploads\/sites\/49\/2016\/10\/bailly-12.jpg\"><img loading=\"lazy\" class=\"aligncenter size-full wp-image-9590\" title=\"bailly (12)\" src=\"\/pasarelaurbana\/wp-content\/uploads\/sites\/49\/2016\/10\/bailly-12.jpg\" alt=\"\" width=\"600\" height=\"800\" srcset=\"https:\/\/static-blogs.diariosur.es\/wp-content\/uploads\/sites\/49\/2016\/10\/bailly-12.jpg 600w, https:\/\/static-blogs.diariosur.es\/wp-content\/uploads\/sites\/49\/2016\/10\/bailly-12-225x300.jpg 225w\" sizes=\"(max-width: 600px) 100vw, 600px\" \/><\/a><\/p>\n<p style=\"text-align: center;\"><a href=\"\/pasarelaurbana\/wp-content\/uploads\/sites\/49\/2016\/10\/bailly-13.jpg\"><img loading=\"lazy\" class=\"aligncenter size-full wp-image-9591\" title=\"bailly (13)\" src=\"\/pasarelaurbana\/wp-content\/uploads\/sites\/49\/2016\/10\/bailly-13.jpg\" alt=\"\" width=\"600\" height=\"600\" srcset=\"https:\/\/static-blogs.diariosur.es\/wp-content\/uploads\/sites\/49\/2016\/10\/bailly-13.jpg 600w, https:\/\/static-blogs.diariosur.es\/wp-content\/uploads\/sites\/49\/2016\/10\/bailly-13-150x150.jpg 150w, https:\/\/static-blogs.diariosur.es\/wp-content\/uploads\/sites\/49\/2016\/10\/bailly-13-300x300.jpg 300w\" sizes=\"(max-width: 600px) 100vw, 600px\" \/><\/a><\/p>\n<p style=\"text-align: center;\">En sus looks de d\u00eda dominan los vaqueros -sus favoritos son los de<strong> Seven<\/strong>&#8211; con botines o deportivas. En oto\u00f1o le gusta llevarlos con tops originales, como este con el bajo de volantes que compr\u00f3 en un mercadillo coreano..<\/p>\n<p style=\"text-align: center;\">El bolso Chanel es de su fondo de armario y los botines tra\u00eddos de unviaje a Jap\u00f3n (es una enamorada de Asia)<\/p>\n<p style=\"text-align: center;\"><strong>PARA SALIR A CENAR<\/strong>: Todo al negro&#8230;con una nota de color y accesorios dorados<\/p>\n<p style=\"text-align: center;\"><a href=\"\/pasarelaurbana\/wp-content\/uploads\/sites\/49\/2016\/10\/bailly-17.jpg\"><img loading=\"lazy\" class=\"aligncenter size-full wp-image-9595\" title=\"bailly (17)\" src=\"\/pasarelaurbana\/wp-content\/uploads\/sites\/49\/2016\/10\/bailly-17.jpg\" alt=\"\" width=\"600\" height=\"600\" srcset=\"https:\/\/static-blogs.diariosur.es\/wp-content\/uploads\/sites\/49\/2016\/10\/bailly-17.jpg 600w, https:\/\/static-blogs.diariosur.es\/wp-content\/uploads\/sites\/49\/2016\/10\/bailly-17-150x150.jpg 150w, https:\/\/static-blogs.diariosur.es\/wp-content\/uploads\/sites\/49\/2016\/10\/bailly-17-300x300.jpg 300w\" sizes=\"(max-width: 600px) 100vw, 600px\" \/><\/a><\/p>\n<p style=\"text-align: center;\"><a href=\"\/pasarelaurbana\/wp-content\/uploads\/sites\/49\/2016\/10\/bailly-15.jpg\"><img loading=\"lazy\" class=\"aligncenter size-full wp-image-9593\" title=\"bailly (15)\" src=\"\/pasarelaurbana\/wp-content\/uploads\/sites\/49\/2016\/10\/bailly-15.jpg\" alt=\"\" width=\"600\" height=\"600\" srcset=\"https:\/\/static-blogs.diariosur.es\/wp-content\/uploads\/sites\/49\/2016\/10\/bailly-15.jpg 600w, https:\/\/static-blogs.diariosur.es\/wp-content\/uploads\/sites\/49\/2016\/10\/bailly-15-150x150.jpg 150w, https:\/\/static-blogs.diariosur.es\/wp-content\/uploads\/sites\/49\/2016\/10\/bailly-15-300x300.jpg 300w\" sizes=\"(max-width: 600px) 100vw, 600px\" \/><\/a><\/p>\n<p style=\"text-align: center;\"><a href=\"\/pasarelaurbana\/wp-content\/uploads\/sites\/49\/2016\/10\/bailly-7.jpg\"><img loading=\"lazy\" class=\"aligncenter size-full wp-image-9585\" title=\"bailly (7)\" src=\"\/pasarelaurbana\/wp-content\/uploads\/sites\/49\/2016\/10\/bailly-7.jpg\" alt=\"\" width=\"600\" height=\"600\" srcset=\"https:\/\/static-blogs.diariosur.es\/wp-content\/uploads\/sites\/49\/2016\/10\/bailly-7.jpg 600w, https:\/\/static-blogs.diariosur.es\/wp-content\/uploads\/sites\/49\/2016\/10\/bailly-7-150x150.jpg 150w, https:\/\/static-blogs.diariosur.es\/wp-content\/uploads\/sites\/49\/2016\/10\/bailly-7-300x300.jpg 300w\" sizes=\"(max-width: 600px) 100vw, 600px\" \/><\/a><\/p>\n<p style=\"text-align: center;\"><a href=\"\/pasarelaurbana\/wp-content\/uploads\/sites\/49\/2016\/10\/bailly-4.jpg\"><img loading=\"lazy\" class=\"aligncenter size-full wp-image-9582\" title=\"bailly (4)\" src=\"\/pasarelaurbana\/wp-content\/uploads\/sites\/49\/2016\/10\/bailly-4.jpg\" alt=\"\" width=\"600\" height=\"600\" srcset=\"https:\/\/static-blogs.diariosur.es\/wp-content\/uploads\/sites\/49\/2016\/10\/bailly-4.jpg 600w, https:\/\/static-blogs.diariosur.es\/wp-content\/uploads\/sites\/49\/2016\/10\/bailly-4-150x150.jpg 150w, https:\/\/static-blogs.diariosur.es\/wp-content\/uploads\/sites\/49\/2016\/10\/bailly-4-300x300.jpg 300w\" sizes=\"(max-width: 600px) 100vw, 600px\" \/><\/a><\/p>\n<p style=\"text-align: center;\"><a href=\"\/pasarelaurbana\/wp-content\/uploads\/sites\/49\/2016\/10\/bailly-21.jpg\"><img loading=\"lazy\" class=\"aligncenter size-full wp-image-9599\" title=\"bailly (21)\" src=\"\/pasarelaurbana\/wp-content\/uploads\/sites\/49\/2016\/10\/bailly-21.jpg\" alt=\"\" width=\"600\" height=\"592\" srcset=\"https:\/\/static-blogs.diariosur.es\/wp-content\/uploads\/sites\/49\/2016\/10\/bailly-21.jpg 600w, https:\/\/static-blogs.diariosur.es\/wp-content\/uploads\/sites\/49\/2016\/10\/bailly-21-300x296.jpg 300w\" sizes=\"(max-width: 600px) 100vw, 600px\" \/><\/a><\/p>\n<p style=\"text-align: center;\">\u00bfSu apuesta para salir a cenar? Un total look negro compuesto por vestido ce\u00f1ido de <strong>Bailly<\/strong> y unos salones <strong>de Yves Saint Laurent<\/strong> con taconazo de v\u00e9rtigo. La nota de color la pone una chaqueta tipo peluche fucsia. Remata el look con complementos dorados de su tienda.<\/p>\n<p style=\"text-align: center;\"><strong>SU PROPUESTA PARA UN EVENTO<\/strong>: Un mono dise\u00f1ado por ella con complementos en negro<\/p>\n<p style=\"text-align: center;\"><a href=\"\/pasarelaurbana\/wp-content\/uploads\/sites\/49\/2016\/10\/bailly-8.jpg\"><img loading=\"lazy\" class=\"aligncenter size-full wp-image-9586\" title=\"bailly (8)\" src=\"\/pasarelaurbana\/wp-content\/uploads\/sites\/49\/2016\/10\/bailly-8.jpg\" alt=\"\" width=\"600\" height=\"800\" srcset=\"https:\/\/static-blogs.diariosur.es\/wp-content\/uploads\/sites\/49\/2016\/10\/bailly-8.jpg 600w, https:\/\/static-blogs.diariosur.es\/wp-content\/uploads\/sites\/49\/2016\/10\/bailly-8-225x300.jpg 225w\" sizes=\"(max-width: 600px) 100vw, 600px\" \/><\/a><\/p>\n<p style=\"text-align: center;\"><a href=\"\/pasarelaurbana\/wp-content\/uploads\/sites\/49\/2016\/10\/bailly-14.jpg\"><img loading=\"lazy\" class=\"aligncenter size-full wp-image-9592\" title=\"bailly (14)\" src=\"\/pasarelaurbana\/wp-content\/uploads\/sites\/49\/2016\/10\/bailly-14.jpg\" alt=\"\" width=\"600\" height=\"800\" srcset=\"https:\/\/static-blogs.diariosur.es\/wp-content\/uploads\/sites\/49\/2016\/10\/bailly-14.jpg 600w, https:\/\/static-blogs.diariosur.es\/wp-content\/uploads\/sites\/49\/2016\/10\/bailly-14-225x300.jpg 225w\" sizes=\"(max-width: 600px) 100vw, 600px\" \/><\/a><\/p>\n<p style=\"text-align: center;\"><a href=\"\/pasarelaurbana\/wp-content\/uploads\/sites\/49\/2016\/10\/bailly-19.jpg\"><img loading=\"lazy\" class=\"aligncenter size-full wp-image-9597\" title=\"bailly (19)\" src=\"\/pasarelaurbana\/wp-content\/uploads\/sites\/49\/2016\/10\/bailly-19.jpg\" alt=\"\" width=\"600\" height=\"600\" srcset=\"https:\/\/static-blogs.diariosur.es\/wp-content\/uploads\/sites\/49\/2016\/10\/bailly-19.jpg 600w, https:\/\/static-blogs.diariosur.es\/wp-content\/uploads\/sites\/49\/2016\/10\/bailly-19-150x150.jpg 150w, https:\/\/static-blogs.diariosur.es\/wp-content\/uploads\/sites\/49\/2016\/10\/bailly-19-300x300.jpg 300w\" sizes=\"(max-width: 600px) 100vw, 600px\" \/><\/a><\/p>\n<p style=\"text-align: center;\"><a href=\"\/pasarelaurbana\/wp-content\/uploads\/sites\/49\/2016\/10\/bailly-3.jpg\"><img loading=\"lazy\" class=\"aligncenter size-full wp-image-9581\" title=\"bailly (3)\" src=\"\/pasarelaurbana\/wp-content\/uploads\/sites\/49\/2016\/10\/bailly-3.jpg\" alt=\"\" width=\"600\" height=\"800\" srcset=\"https:\/\/static-blogs.diariosur.es\/wp-content\/uploads\/sites\/49\/2016\/10\/bailly-3.jpg 600w, https:\/\/static-blogs.diariosur.es\/wp-content\/uploads\/sites\/49\/2016\/10\/bailly-3-225x300.jpg 225w\" sizes=\"(max-width: 600px) 100vw, 600px\" \/><\/a><\/p>\n<p style=\"text-align: center;\">Este mono verde esmeralda es el m\u00e1s especial de su armario. Fue su primer dise\u00f1o, hace diez a\u00f1os, Lo acompa\u00f1a de salones Louboutin y clutch Jimmy Choo.<\/p>\n<p style=\"text-align: center;\"><strong>UNA ENAMORADA DE LAS CHAQUETAS ROM\u00c1NTICAS<\/strong><\/p>\n<p style=\"text-align: center;\"><a href=\"\/pasarelaurbana\/wp-content\/uploads\/sites\/49\/2016\/10\/bailly-6.jpg\"><img loading=\"lazy\" class=\"aligncenter size-full wp-image-9584\" title=\"bailly (6)\" src=\"\/pasarelaurbana\/wp-content\/uploads\/sites\/49\/2016\/10\/bailly-6.jpg\" alt=\"\" width=\"600\" height=\"600\" srcset=\"https:\/\/static-blogs.diariosur.es\/wp-content\/uploads\/sites\/49\/2016\/10\/bailly-6.jpg 600w, https:\/\/static-blogs.diariosur.es\/wp-content\/uploads\/sites\/49\/2016\/10\/bailly-6-150x150.jpg 150w, https:\/\/static-blogs.diariosur.es\/wp-content\/uploads\/sites\/49\/2016\/10\/bailly-6-300x300.jpg 300w\" sizes=\"(max-width: 600px) 100vw, 600px\" \/><\/a><\/p>\n<p style=\"text-align: center;\"><a href=\"\/pasarelaurbana\/wp-content\/uploads\/sites\/49\/2016\/10\/bailly-1.jpg\"><img loading=\"lazy\" class=\"aligncenter size-full wp-image-9579\" title=\"bailly (1)\" src=\"\/pasarelaurbana\/wp-content\/uploads\/sites\/49\/2016\/10\/bailly-1.jpg\" alt=\"\" width=\"600\" height=\"600\" srcset=\"https:\/\/static-blogs.diariosur.es\/wp-content\/uploads\/sites\/49\/2016\/10\/bailly-1.jpg 600w, https:\/\/static-blogs.diariosur.es\/wp-content\/uploads\/sites\/49\/2016\/10\/bailly-1-150x150.jpg 150w, https:\/\/static-blogs.diariosur.es\/wp-content\/uploads\/sites\/49\/2016\/10\/bailly-1-300x300.jpg 300w\" sizes=\"(max-width: 600px) 100vw, 600px\" \/><\/a><\/p>\n<p style=\"text-align: center;\"><a href=\"\/pasarelaurbana\/wp-content\/uploads\/sites\/49\/2016\/10\/bailly-10.jpg\"><img loading=\"lazy\" class=\"aligncenter size-full wp-image-9588\" title=\"bailly (10)\" src=\"\/pasarelaurbana\/wp-content\/uploads\/sites\/49\/2016\/10\/bailly-10.jpg\" alt=\"\" width=\"600\" height=\"600\" srcset=\"https:\/\/static-blogs.diariosur.es\/wp-content\/uploads\/sites\/49\/2016\/10\/bailly-10.jpg 600w, https:\/\/static-blogs.diariosur.es\/wp-content\/uploads\/sites\/49\/2016\/10\/bailly-10-150x150.jpg 150w, https:\/\/static-blogs.diariosur.es\/wp-content\/uploads\/sites\/49\/2016\/10\/bailly-10-300x300.jpg 300w\" sizes=\"(max-width: 600px) 100vw, 600px\" \/><\/a><\/p>\n<p style=\"text-align: center;\">\u00a0Los abrigos \u2018lady\u2019 de corte cl\u00e1sico son pieza clave de los estilismos de esta empresaria. El de arriba es de Bailly.<\/p>\n<p style=\"text-align: center;\">\u00abMe pierden las chaquetas tipo Chanel\u00bb, confiesa Sandra. La de la foto es de su fondo de armario.<\/p>\n<p style=\"text-align: center;\"><strong>SUS COMPLEMENTOS:<\/strong>\u00a0Protagonismo de aires \u00e9tnicos<\/p>\n<p style=\"text-align: center;\"><a href=\"\/pasarelaurbana\/wp-content\/uploads\/sites\/49\/2016\/10\/bailly-20.jpg\"><img loading=\"lazy\" class=\"aligncenter size-full wp-image-9598\" title=\"bailly (20)\" src=\"\/pasarelaurbana\/wp-content\/uploads\/sites\/49\/2016\/10\/bailly-20.jpg\" alt=\"\" width=\"600\" height=\"600\" srcset=\"https:\/\/static-blogs.diariosur.es\/wp-content\/uploads\/sites\/49\/2016\/10\/bailly-20.jpg 600w, https:\/\/static-blogs.diariosur.es\/wp-content\/uploads\/sites\/49\/2016\/10\/bailly-20-150x150.jpg 150w, https:\/\/static-blogs.diariosur.es\/wp-content\/uploads\/sites\/49\/2016\/10\/bailly-20-300x300.jpg 300w\" sizes=\"(max-width: 600px) 100vw, 600px\" \/><\/a><\/p>\n<p style=\"text-align: center;\">Entre sus complementos favoritos figuran las pulseras con mensaje, los brazaletes o las tobilleras balinesas. Tambi\u00e9n adora los maxi collares rom\u00e1nticos.<\/p>\n<p style=\"text-align: center;\"><span style=\"text-decoration: underline;\">SU RUTA DE TIENDAS<\/span><\/p>\n<p style=\"text-align: center;\">1<strong>. Bailly<\/strong>.\u00a0 Sandra tiene ya trece tiendas en M\u00e1laga, claves en sus looks.<br \/>\n2. <strong>El templo de Susu<\/strong>. Cada vez que va a Madrid busca aqu\u00ed ropa vintage.<br \/>\n3. <strong>Ushua\u00efa<\/strong>. \u00abMe encantan sus vestidos y camisetas \u2018sexy-c\u00f3modas\u2019\u00bb<br \/>\n4. <strong>Converses.<\/strong> Las zapatillas deportivas no faltan en sus estilismos.<br \/>\n5. <strong>Puerto Ban\u00fas.<\/strong> Puestas a darse un capricho elige a Louboutin o Jimmy Choo.<\/p>\n<p style=\"text-align: center;\"><a href=\"\/pasarelaurbana\/wp-content\/uploads\/sites\/49\/2016\/10\/bailly-11.jpg\"><img loading=\"lazy\" class=\"aligncenter size-full wp-image-9589\" title=\"bailly (11)\" src=\"\/pasarelaurbana\/wp-content\/uploads\/sites\/49\/2016\/10\/bailly-11.jpg\" alt=\"\" width=\"600\" height=\"600\" srcset=\"https:\/\/static-blogs.diariosur.es\/wp-content\/uploads\/sites\/49\/2016\/10\/bailly-11.jpg 600w, https:\/\/static-blogs.diariosur.es\/wp-content\/uploads\/sites\/49\/2016\/10\/bailly-11-150x150.jpg 150w, https:\/\/static-blogs.diariosur.es\/wp-content\/uploads\/sites\/49\/2016\/10\/bailly-11-300x300.jpg 300w\" sizes=\"(max-width: 600px) 100vw, 600px\" \/><\/a><\/p>\n<p style=\"text-align: center;\">Y termino con esta foto de un rinc\u00f3n de su casa, que refleja su car\u00e1cter vitalista. Desde aqu\u00ed mil gracias a Sandra por abrirnos su armario. Una empresaria con garra que sabe cu\u00e1ndo tiene que apretar los dientes. Toda una luchadora capaz de invertir todo sus ahorros en operar a su gato, trabajar los siete d\u00edas de la semana y sacar fuerzas para superar cualquier bache personal que la vida le ponga. \u00a1Un placer conocerte!<\/p>\n","protected":false},"excerpt":{"rendered":"<p>Tiene alma rom\u00e1ntica y esp\u00edritu bohemio. As\u00ed es ella y as\u00ed, tal cual, es su armario. Cuajado de mezclas. En \u00e9l conviven en armon\u00eda prendas tan dispares como unos pantalones cargo, unas botas moteras o un abrigo s\u00faper lady.\u00a0 \u00abPuedo se la m\u00e1s macarra con looks muy duros y masculinos que de repente me convierto [&hellip;]<\/p>\n","protected":false},"author":54,"featured_media":0,"comment_status":"open","ping_status":"open","sticky":false,"template":"","format":"standard","meta":[],"categories":[2],"tags":[],"_links":{"self":[{"href":"https:\/\/blogs.diariosur.es\/pasarelaurbana\/wp-json\/wp\/v2\/posts\/9578"}],"collection":[{"href":"https:\/\/blogs.diariosur.es\/pasarelaurbana\/wp-json\/wp\/v2\/posts"}],"about":[{"href":"https:\/\/blogs.diariosur.es\/pasarelaurbana\/wp-json\/wp\/v2\/types\/post"}],"author":[{"embeddable":true,"href":"https:\/\/blogs.diariosur.es\/pasarelaurbana\/wp-json\/wp\/v2\/users\/54"}],"replies":[{"embeddable":true,"href":"https:\/\/blogs.diariosur.es\/pasarelaurbana\/wp-json\/wp\/v2\/comments?post=9578"}],"version-history":[{"count":0,"href":"https:\/\/blogs.diariosur.es\/pasarelaurbana\/wp-json\/wp\/v2\/posts\/9578\/revisions"}],"wp:attachment":[{"href":"https:\/\/blogs.diariosur.es\/pasarelaurbana\/wp-json\/wp\/v2\/media?parent=9578"}],"wp:term":[{"taxonomy":"category","embeddable":true,"href":"https:\/\/blogs.diariosur.es\/pasarelaurbana\/wp-json\/wp\/v2\/categories?post=9578"},{"taxonomy":"post_tag","embeddable":true,"href":"https:\/\/blogs.diariosur.es\/pasarelaurbana\/wp-json\/wp\/v2\/tags?post=9578"}],"curies":[{"name":"wp","href":"https:\/\/api.w.org\/{rel}","templated":true}]}}