{"id":9602,"date":"2016-10-29T08:46:55","date_gmt":"2016-10-29T06:46:55","guid":{"rendered":"http:\/\/blogs.diariosur.es\/pasarelaurbana\/?p=9602"},"modified":"2016-10-29T08:46:55","modified_gmt":"2016-10-29T06:46:55","slug":"los-cuatro-magnificos-de-la-temporada","status":"publish","type":"post","link":"https:\/\/blogs.diariosur.es\/pasarelaurbana\/2016\/10\/29\/los-cuatro-magnificos-de-la-temporada\/","title":{"rendered":"Los cuatro magn\u00edficos de la temporada"},"content":{"rendered":"<p style=\"text-align: center;\"><a href=\"\/pasarelaurbana\/wp-content\/uploads\/sites\/49\/2016\/10\/combomoda1.jpg\"><img loading=\"lazy\" class=\"aligncenter size-full wp-image-9618\" title=\"combomoda\" src=\"\/pasarelaurbana\/wp-content\/uploads\/sites\/49\/2016\/10\/combomoda1.jpg\" alt=\"\" width=\"600\" height=\"600\" srcset=\"https:\/\/static-blogs.diariosur.es\/wp-content\/uploads\/sites\/49\/2016\/10\/combomoda1.jpg 600w, https:\/\/static-blogs.diariosur.es\/wp-content\/uploads\/sites\/49\/2016\/10\/combomoda1-150x150.jpg 150w, https:\/\/static-blogs.diariosur.es\/wp-content\/uploads\/sites\/49\/2016\/10\/combomoda1-300x300.jpg 300w\" sizes=\"(max-width: 600px) 100vw, 600px\" \/><\/a><\/p>\n<p style=\"text-align: center;\">\u00bfPensando en renovar el armario con alguna prenda de temporada? \u00bfCu\u00e1les son esos fichajes gal\u00e1cticos imprescindibles en el cosmos fashionista cara a este oto\u00f1o\/invierno? Las cartas ya est\u00e1n sobre la mesa, solo hay que saber c\u00f3mo jugarlas&#8230; y el \u2018street style\u2019 es uno de los mejores term\u00f3metros para superar con \u00e9xito esta partida. El pasado mi\u00e9rcoles lo comprobamos en las calles de M\u00e1laga, convertida en una pasarela urbana de tendencias. \u00bfEntre las imprescindibles? La est\u00e9tica de ballet. No har\u00e1 falta que suene \u2018El lago de los cisnes\u2019 para que salgan a escena faldas de tul, maillots o bailarinas de sat\u00e9n. Valentino, Alberta Ferretti o Stella McCartney son algunos de los culpables de que la danza cl\u00e1sica marque el son al que bailen los looks m\u00e1s delicados sobre el asfalto.<br \/>\nY del romanticismo al esp\u00edritu transgresor de los 80. Y es que esta d\u00e9cada vuelve a ser clave esta temporada.Regresan para quedarse las hombreras XL, los vestidos asim\u00e9tricos, tops transparentes o las chaquetas toreras de la movida.<br \/>\nEntre los tejido, el rey es el terciopelo, que conquista hasta los zapatos y -al igual que los acabados metalizados- reivindica hacerse un hueco en los looks de d\u00eda. Para ser la m\u00e1s \u2018in\u2019 ficha tambi\u00e9n una camisa con bordados, una bomber deportiva o un top lencero. \u00bfLos accesorio de moda? Unas gafas de ojos de gata y una gargantilla.<\/p>\n<p style=\"text-align: center;\">\u00a1Os dejo con las cuatro protagonistas del especial &#8216;street style&#8217; de este finde!<\/p>\n<p style=\"text-align: center;\"><!--more--><\/p>\n<p><a href=\"\/pasarelaurbana\/wp-content\/uploads\/sites\/49\/2016\/10\/zoom-4.jpg\"><img loading=\"lazy\" class=\"aligncenter size-full wp-image-9606\" title=\"zoom (4)\" src=\"\/pasarelaurbana\/wp-content\/uploads\/sites\/49\/2016\/10\/zoom-4.jpg\" alt=\"\" width=\"600\" height=\"800\" srcset=\"https:\/\/static-blogs.diariosur.es\/wp-content\/uploads\/sites\/49\/2016\/10\/zoom-4.jpg 600w, https:\/\/static-blogs.diariosur.es\/wp-content\/uploads\/sites\/49\/2016\/10\/zoom-4-225x300.jpg 225w\" sizes=\"(max-width: 600px) 100vw, 600px\" \/><\/a><\/p>\n<p style=\"text-align: center;\"><a href=\"\/pasarelaurbana\/wp-content\/uploads\/sites\/49\/2016\/10\/zoom-5.jpg\"><img loading=\"lazy\" class=\"aligncenter size-full wp-image-9607\" title=\"zoom (5)\" src=\"\/pasarelaurbana\/wp-content\/uploads\/sites\/49\/2016\/10\/zoom-5.jpg\" alt=\"\" width=\"600\" height=\"800\" srcset=\"https:\/\/static-blogs.diariosur.es\/wp-content\/uploads\/sites\/49\/2016\/10\/zoom-5.jpg 600w, https:\/\/static-blogs.diariosur.es\/wp-content\/uploads\/sites\/49\/2016\/10\/zoom-5-225x300.jpg 225w\" sizes=\"(max-width: 600px) 100vw, 600px\" \/><\/a><\/p>\n<p style=\"text-align: center;\"><a href=\"\/pasarelaurbana\/wp-content\/uploads\/sites\/49\/2016\/10\/16.jpg\"><img loading=\"lazy\" class=\"aligncenter size-full wp-image-9615\" title=\"16\" src=\"\/pasarelaurbana\/wp-content\/uploads\/sites\/49\/2016\/10\/16.jpg\" alt=\"\" width=\"600\" height=\"800\" srcset=\"https:\/\/static-blogs.diariosur.es\/wp-content\/uploads\/sites\/49\/2016\/10\/16.jpg 600w, https:\/\/static-blogs.diariosur.es\/wp-content\/uploads\/sites\/49\/2016\/10\/16-225x300.jpg 225w\" sizes=\"(max-width: 600px) 100vw, 600px\" \/><\/a><\/p>\n<p style=\"text-align: center;\"><a href=\"\/pasarelaurbana\/wp-content\/uploads\/sites\/49\/2016\/10\/zoom-11.jpg\"><img loading=\"lazy\" class=\"aligncenter size-full wp-image-9611\" title=\"zoom (11)\" src=\"\/pasarelaurbana\/wp-content\/uploads\/sites\/49\/2016\/10\/zoom-11.jpg\" alt=\"\" width=\"600\" height=\"800\" srcset=\"https:\/\/static-blogs.diariosur.es\/wp-content\/uploads\/sites\/49\/2016\/10\/zoom-11.jpg 600w, https:\/\/static-blogs.diariosur.es\/wp-content\/uploads\/sites\/49\/2016\/10\/zoom-11-225x300.jpg 225w\" sizes=\"(max-width: 600px) 100vw, 600px\" \/><\/a><\/p>\n<p style=\"text-align: center;\"><strong>Perly Azulay<\/strong>. Empresaria.<\/p>\n<p style=\"text-align: center;\"><span style=\"text-decoration: underline;\">Top lencero y bomber, la pareja de la temporada<\/span><br \/>\nEs sexy y a su vez c\u00f3moda. Rom\u00e1ntica pero con un toque deportivo que le resta seriedad y la convierte en todoterreno. Por estos y muchos motivos m\u00e1s la pareja formada por los tops lenceros y las chaquetas bomber son el d\u00fao estrella de la temporada. Por separado son plena tendencia, pero juntos ya son la bomba. Optar por ellos es garant\u00eda de \u00e9xito. No necesitan m\u00e1s que un pantal\u00f3n b\u00e1sico o una falda midi -les van muy bien las de tul o alg\u00fan modelo metalizado plisado- para crear un look de sobresaliente. As\u00ed lo demuestra Perly Azulay, la empresaria due\u00f1a de las tiendas del Centro que llevan su apellido. Para una jornada de trabajo elige un \u2018outfit\u2019 con prendas de su boutique compuesto por un top lencero negro &#8211; \u00abes lo m\u00e1s vendido este oto\u00f1o desde que los trajimos\u00bb, advierte-, una llamativa bomber con \u2018print\u2019 floral -ideal para este mes de entretiempo por su ligereza y su versatilidad- y unos pantalones entubados. Remata el estilismo con unos botines marrones y un \u2018shopping bag\u2019 en el mismo tono.<\/p>\n<p style=\"text-align: center;\">Top lencero, bomber, pantalones y botines: Azulay.<\/p>\n<p style=\"text-align: center;\">Bolso: Dkny.<\/p>\n<p style=\"text-align: center;\">Gafas: Loewe.<\/p>\n<p style=\"text-align: center;\"><a href=\"\/pasarelaurbana\/wp-content\/uploads\/sites\/49\/2016\/10\/zoom-9.jpg\"><img loading=\"lazy\" class=\"aligncenter size-full wp-image-9609\" title=\"zoom (9)\" src=\"\/pasarelaurbana\/wp-content\/uploads\/sites\/49\/2016\/10\/zoom-9.jpg\" alt=\"\" width=\"600\" height=\"800\" srcset=\"https:\/\/static-blogs.diariosur.es\/wp-content\/uploads\/sites\/49\/2016\/10\/zoom-9.jpg 600w, https:\/\/static-blogs.diariosur.es\/wp-content\/uploads\/sites\/49\/2016\/10\/zoom-9-225x300.jpg 225w\" sizes=\"(max-width: 600px) 100vw, 600px\" \/><\/a><\/p>\n<p style=\"text-align: center;\"><a href=\"\/pasarelaurbana\/wp-content\/uploads\/sites\/49\/2016\/10\/zoom-10.jpg\"><img loading=\"lazy\" class=\"aligncenter size-full wp-image-9610\" title=\"zoom (10)\" src=\"\/pasarelaurbana\/wp-content\/uploads\/sites\/49\/2016\/10\/zoom-10.jpg\" alt=\"\" width=\"600\" height=\"800\" srcset=\"https:\/\/static-blogs.diariosur.es\/wp-content\/uploads\/sites\/49\/2016\/10\/zoom-10.jpg 600w, https:\/\/static-blogs.diariosur.es\/wp-content\/uploads\/sites\/49\/2016\/10\/zoom-10-225x300.jpg 225w\" sizes=\"(max-width: 600px) 100vw, 600px\" \/><\/a><\/p>\n<p style=\"text-align: center;\"><a href=\"\/pasarelaurbana\/wp-content\/uploads\/sites\/49\/2016\/10\/zoom-2.jpg\"><img loading=\"lazy\" class=\"aligncenter size-full wp-image-9604\" title=\"zoom (2)\" src=\"\/pasarelaurbana\/wp-content\/uploads\/sites\/49\/2016\/10\/zoom-2.jpg\" alt=\"\" width=\"600\" height=\"800\" srcset=\"https:\/\/static-blogs.diariosur.es\/wp-content\/uploads\/sites\/49\/2016\/10\/zoom-2.jpg 600w, https:\/\/static-blogs.diariosur.es\/wp-content\/uploads\/sites\/49\/2016\/10\/zoom-2-225x300.jpg 225w\" sizes=\"(max-width: 600px) 100vw, 600px\" \/><\/a><\/p>\n<p style=\"text-align: center;\"><strong>Carmen Godoy<\/strong>. Administradora de empresas. 49 a\u00f1os<\/p>\n<p style=\"text-align: center;\"><span style=\"text-decoration: underline;\">\u00a1Ap\u00fantate al \u2018sporty\u2019 chic y a los parches!<\/span><br \/>\nCarmen Godoy es una amante de los vestidos. Y si son c\u00f3modos mejor que mejor. Este modelo de Zara &#8211; tipo beisbolera- con parches es uno de los imprescindibles para estar a la moda estos meses, en los que la est\u00e9tica deportiva sigue llevando la batuta del \u2018street style\u2019. Esta administradora de una empresa, de 49 a\u00f1os acierta con este dise\u00f1o recto en tejido de sudadera y con aplicaciones, juvenil y favorecedor. Lo acompa\u00f1a de bandolera multilogo de Bimba y Lola y deportivas de la misma firma con la puntera plateada. Perfecta tanto para dar un paseo como para una comida informal.<\/p>\n<p style=\"text-align: center;\">Vestido beisbolero: Zara.<\/p>\n<p style=\"text-align: center;\">Bolso y deportivas: Bimba y Lola.<\/p>\n<p style=\"text-align: center;\">Gafas: Michael Kors.<\/p>\n<p style=\"text-align: center;\"><a href=\"\/pasarelaurbana\/wp-content\/uploads\/sites\/49\/2016\/10\/zoom-8.jpg\"><img loading=\"lazy\" class=\"aligncenter size-full wp-image-9608\" title=\"zoom (8)\" src=\"\/pasarelaurbana\/wp-content\/uploads\/sites\/49\/2016\/10\/zoom-8.jpg\" alt=\"\" width=\"600\" height=\"800\" srcset=\"https:\/\/static-blogs.diariosur.es\/wp-content\/uploads\/sites\/49\/2016\/10\/zoom-8.jpg 600w, https:\/\/static-blogs.diariosur.es\/wp-content\/uploads\/sites\/49\/2016\/10\/zoom-8-225x300.jpg 225w\" sizes=\"(max-width: 600px) 100vw, 600px\" \/><\/a><\/p>\n<p style=\"text-align: center;\"><a href=\"\/pasarelaurbana\/wp-content\/uploads\/sites\/49\/2016\/10\/13.jpg\"><img loading=\"lazy\" class=\"aligncenter size-full wp-image-9613\" title=\"13\" src=\"\/pasarelaurbana\/wp-content\/uploads\/sites\/49\/2016\/10\/13.jpg\" alt=\"\" width=\"600\" height=\"800\" srcset=\"https:\/\/static-blogs.diariosur.es\/wp-content\/uploads\/sites\/49\/2016\/10\/13.jpg 600w, https:\/\/static-blogs.diariosur.es\/wp-content\/uploads\/sites\/49\/2016\/10\/13-225x300.jpg 225w\" sizes=\"(max-width: 600px) 100vw, 600px\" \/><\/a><\/p>\n<p style=\"text-align: center;\"><a href=\"\/pasarelaurbana\/wp-content\/uploads\/sites\/49\/2016\/10\/zoom-3.jpg\"><img loading=\"lazy\" class=\"aligncenter size-full wp-image-9605\" title=\"zoom (3)\" src=\"\/pasarelaurbana\/wp-content\/uploads\/sites\/49\/2016\/10\/zoom-3.jpg\" alt=\"\" width=\"600\" height=\"800\" srcset=\"https:\/\/static-blogs.diariosur.es\/wp-content\/uploads\/sites\/49\/2016\/10\/zoom-3.jpg 600w, https:\/\/static-blogs.diariosur.es\/wp-content\/uploads\/sites\/49\/2016\/10\/zoom-3-225x300.jpg 225w\" sizes=\"(max-width: 600px) 100vw, 600px\" \/><\/a><\/p>\n<p style=\"text-align: center;\"><strong>Ana Mart\u00edn<\/strong>. Dependienta. 28 a\u00f1os<\/p>\n<p style=\"text-align: center;\"><span style=\"text-decoration: underline;\">Este oto\u00f1o te vestir\u00e1s de bailarina<\/span><br \/>\nFaldas de tul, bodys negros, camisas nude&#8230;y manoletinas de sat\u00e9n. El vestuario de las bailarinas irrumpe con fuerza en los armario esta temporada&#8230;y no hay que saber ballet. La pasarela se rindi\u00f3 a este delicado universo est\u00e9tico, y el \u2018street style\u2019 ya ha recogido el testigo entreg\u00e1ndose a la que es la tendencia m\u00e1s rom\u00e1ntica y femenina del oto\u00f1o. Nos gusta c\u00f3mo la interpreta para ir a la oficina Ana Mart\u00edn, una dependienta de 28 a\u00f1os. Ella apuesta por blazer fluida en rosa maquillaje y manoletinas doradas.<\/p>\n<p style=\"text-align: center;\">Top y blazer: Stradivarius.<\/p>\n<p style=\"text-align: center;\">Pantalones: Bershka.<\/p>\n<p style=\"text-align: center;\">Manoletinas Zara.<\/p>\n<p style=\"text-align: center;\"><a href=\"\/pasarelaurbana\/wp-content\/uploads\/sites\/49\/2016\/10\/141.jpg\"><img loading=\"lazy\" class=\"aligncenter size-full wp-image-9614\" title=\"14\" src=\"\/pasarelaurbana\/wp-content\/uploads\/sites\/49\/2016\/10\/141.jpg\" alt=\"\" width=\"600\" height=\"800\" srcset=\"https:\/\/static-blogs.diariosur.es\/wp-content\/uploads\/sites\/49\/2016\/10\/141.jpg 600w, https:\/\/static-blogs.diariosur.es\/wp-content\/uploads\/sites\/49\/2016\/10\/141-225x300.jpg 225w\" sizes=\"(max-width: 600px) 100vw, 600px\" \/><\/a><\/p>\n<p style=\"text-align: center;\"><a href=\"\/pasarelaurbana\/wp-content\/uploads\/sites\/49\/2016\/10\/17.jpg\"><img loading=\"lazy\" class=\"aligncenter size-full wp-image-9616\" title=\"17\" src=\"\/pasarelaurbana\/wp-content\/uploads\/sites\/49\/2016\/10\/17.jpg\" alt=\"\" width=\"600\" height=\"800\" srcset=\"https:\/\/static-blogs.diariosur.es\/wp-content\/uploads\/sites\/49\/2016\/10\/17.jpg 600w, https:\/\/static-blogs.diariosur.es\/wp-content\/uploads\/sites\/49\/2016\/10\/17-225x300.jpg 225w\" sizes=\"(max-width: 600px) 100vw, 600px\" \/><\/a><\/p>\n<p style=\"text-align: center;\"><a href=\"\/pasarelaurbana\/wp-content\/uploads\/sites\/49\/2016\/10\/zoom-1.jpg\"><img loading=\"lazy\" class=\"aligncenter size-full wp-image-9603\" title=\"zoom (1)\" src=\"\/pasarelaurbana\/wp-content\/uploads\/sites\/49\/2016\/10\/zoom-1.jpg\" alt=\"\" width=\"600\" height=\"800\" srcset=\"https:\/\/static-blogs.diariosur.es\/wp-content\/uploads\/sites\/49\/2016\/10\/zoom-1.jpg 600w, https:\/\/static-blogs.diariosur.es\/wp-content\/uploads\/sites\/49\/2016\/10\/zoom-1-225x300.jpg 225w\" sizes=\"(max-width: 600px) 100vw, 600px\" \/><\/a><\/p>\n<p style=\"text-align: center;\"><strong>Leticia Abdelkader<\/strong>. Opositora. 26 a\u00f1os<\/p>\n<p style=\"text-align: center;\"><span style=\"text-decoration: underline;\">La mirada felina conquista la calle<\/span><br \/>\nEste oto\u00f1o hay que mirarlo con ojos de gata. La est\u00e9tica retro se impone en monturas de gafas \u2018cat eyes\u2019, que triunfan a pie de calle aportando una nota sofisticada a los estilismos m\u00e1s sencillos. Leticia Abdelkader, una opositora de 26 a\u00f1os, luce una de ellas como guinda a un \u2018outfit\u2019 en negro-gris y rojo compuesto por jersey b\u00e1sico, pantalones de cuadros grises, biker y botines.<\/p>\n<p style=\"text-align: center;\">Jersey y gafas: Pull&#038;Bear.<\/p>\n<p style=\"text-align: center;\">Pantalones: Stradivarius.<\/p>\n<p style=\"text-align: center;\">Biker roja: Tienda local de Ronda.<\/p>\n<p style=\"text-align: center;\">Botines: Lefties.<\/p>\n<p style=\"text-align: center;\">Clutch: Primark.<\/p>\n<p style=\"text-align: center;\">\n","protected":false},"excerpt":{"rendered":"<p>\u00bfPensando en renovar el armario con alguna prenda de temporada? \u00bfCu\u00e1les son esos fichajes gal\u00e1cticos imprescindibles en el cosmos fashionista cara a este oto\u00f1o\/invierno? Las cartas ya est\u00e1n sobre la mesa, solo hay que saber c\u00f3mo jugarlas&#8230; y el \u2018street style\u2019 es uno de los mejores term\u00f3metros para superar con \u00e9xito esta partida. El pasado [&hellip;]<\/p>\n","protected":false},"author":54,"featured_media":0,"comment_status":"open","ping_status":"open","sticky":false,"template":"","format":"standard","meta":[],"categories":[2],"tags":[],"_links":{"self":[{"href":"https:\/\/blogs.diariosur.es\/pasarelaurbana\/wp-json\/wp\/v2\/posts\/9602"}],"collection":[{"href":"https:\/\/blogs.diariosur.es\/pasarelaurbana\/wp-json\/wp\/v2\/posts"}],"about":[{"href":"https:\/\/blogs.diariosur.es\/pasarelaurbana\/wp-json\/wp\/v2\/types\/post"}],"author":[{"embeddable":true,"href":"https:\/\/blogs.diariosur.es\/pasarelaurbana\/wp-json\/wp\/v2\/users\/54"}],"replies":[{"embeddable":true,"href":"https:\/\/blogs.diariosur.es\/pasarelaurbana\/wp-json\/wp\/v2\/comments?post=9602"}],"version-history":[{"count":0,"href":"https:\/\/blogs.diariosur.es\/pasarelaurbana\/wp-json\/wp\/v2\/posts\/9602\/revisions"}],"wp:attachment":[{"href":"https:\/\/blogs.diariosur.es\/pasarelaurbana\/wp-json\/wp\/v2\/media?parent=9602"}],"wp:term":[{"taxonomy":"category","embeddable":true,"href":"https:\/\/blogs.diariosur.es\/pasarelaurbana\/wp-json\/wp\/v2\/categories?post=9602"},{"taxonomy":"post_tag","embeddable":true,"href":"https:\/\/blogs.diariosur.es\/pasarelaurbana\/wp-json\/wp\/v2\/tags?post=9602"}],"curies":[{"name":"wp","href":"https:\/\/api.w.org\/{rel}","templated":true}]}}