{"id":9666,"date":"2016-12-10T03:17:13","date_gmt":"2016-12-10T02:17:13","guid":{"rendered":"http:\/\/blogs.diariosur.es\/pasarelaurbana\/?p=9666"},"modified":"2016-12-10T03:17:13","modified_gmt":"2016-12-10T02:17:13","slug":"nuevo-en-mi-armario","status":"publish","type":"post","link":"https:\/\/blogs.diariosur.es\/pasarelaurbana\/2016\/12\/10\/nuevo-en-mi-armario\/","title":{"rendered":"Nuevo en mi armario&#8230;"},"content":{"rendered":"<p><a href=\"\/pasarelaurbana\/wp-content\/uploads\/sites\/49\/2016\/12\/collage-moda.jpg\"><img loading=\"lazy\" class=\"aligncenter  wp-image-9678\" title=\"collage-moda\" src=\"\/pasarelaurbana\/wp-content\/uploads\/sites\/49\/2016\/12\/collage-moda.jpg\" alt=\"\" width=\"600\" height=\"600\" srcset=\"https:\/\/static-blogs.diariosur.es\/wp-content\/uploads\/sites\/49\/2016\/12\/collage-moda.jpg 600w, https:\/\/static-blogs.diariosur.es\/wp-content\/uploads\/sites\/49\/2016\/12\/collage-moda-150x150.jpg 150w, https:\/\/static-blogs.diariosur.es\/wp-content\/uploads\/sites\/49\/2016\/12\/collage-moda-300x300.jpg 300w\" sizes=\"(max-width: 600px) 100vw, 600px\" \/><\/a><\/p>\n<p style=\"text-align: center;\">Tras un oto\u00f1o con temperaturas bastante suaves el fr\u00edo parece que ha llegado a M\u00e1laga para quedarse. Toca repescar en los armarios esas prendas de m\u00e1s abrigo que hasta ahora estaban desterradas a altillos o zonas menos accesibles del vestidor. La vor\u00e1gine consumista prenavide\u00f1a y las ofertas que han colgado algunos comercios estas \u00faltimas semanas son adem\u00e1s la excusa perfecta para fichar ropa y complementos de temporada. \u00bfComprar por impulso? \u00bfO con cabeza, sopesando bien las posibilidades que ofrece cada art\u00edculo a la hora de crear un look?<br \/>\nPara no equivocarse, la mejor f\u00f3rmula pasa por invertir en prendas b\u00e1sicas, que sirvan de comod\u00edn -de esas que son un valor seguro y acaban sac\u00e1ndonos de alg\u00fan apuro en un momento dado. Durante nuestra \u00faltima sesi\u00f3n de \u2018street style\u2019 por las calles del Centro de M\u00e1laga preguntamos a cuatro malague\u00f1as de perfiles distintos por sus \u00faltimas adquisiciones. Una abogada, una empresaria, una asesora de moda y una dependienta desvelan cu\u00e1les han sido sus \u00faltimos caprichos fashionistas. \u00bfEl resultado? Empate t\u00e9cnico. Entre sus preferencias, dos cl\u00e1sicos de fondo de armario (unos pantalones chinos o un chaleco de pelo) y dos imprescindibles de este invierno: las chaquetas con parches y las bailarinas. \u00a1Os dejo con las cuatro protagonistas de nuestro especial &#8216;street style&#8217;! \u00a1Feliz fin de semana!<!--nextpage--><\/p>\n<p><a href=\"\/pasarelaurbana\/wp-content\/uploads\/sites\/49\/2016\/12\/compras-pasarela-5.jpg\"><img loading=\"lazy\" class=\"aligncenter  wp-image-9671\" title=\"compras-pasarela (5)\" src=\"\/pasarelaurbana\/wp-content\/uploads\/sites\/49\/2016\/12\/compras-pasarela-5.jpg\" alt=\"\" width=\"600\" height=\"800\" srcset=\"https:\/\/static-blogs.diariosur.es\/wp-content\/uploads\/sites\/49\/2016\/12\/compras-pasarela-5.jpg 600w, https:\/\/static-blogs.diariosur.es\/wp-content\/uploads\/sites\/49\/2016\/12\/compras-pasarela-5-225x300.jpg 225w\" sizes=\"(max-width: 600px) 100vw, 600px\" \/><\/a><\/p>\n<p><a href=\"\/pasarelaurbana\/wp-content\/uploads\/sites\/49\/2016\/12\/masmoda-4.jpg\"><img loading=\"lazy\" class=\"aligncenter size-full wp-image-9681\" title=\"masmoda (4)\" src=\"\/pasarelaurbana\/wp-content\/uploads\/sites\/49\/2016\/12\/masmoda-4.jpg\" alt=\"\" width=\"600\" height=\"800\" srcset=\"https:\/\/static-blogs.diariosur.es\/wp-content\/uploads\/sites\/49\/2016\/12\/masmoda-4.jpg 600w, https:\/\/static-blogs.diariosur.es\/wp-content\/uploads\/sites\/49\/2016\/12\/masmoda-4-225x300.jpg 225w\" sizes=\"(max-width: 600px) 100vw, 600px\" \/><\/a><\/p>\n<p><a href=\"\/pasarelaurbana\/wp-content\/uploads\/sites\/49\/2016\/12\/compras-pasarela-1.jpg\"><img loading=\"lazy\" class=\"aligncenter size-full wp-image-9667\" title=\"compras-pasarela (1)\" src=\"\/pasarelaurbana\/wp-content\/uploads\/sites\/49\/2016\/12\/compras-pasarela-1.jpg\" alt=\"\" width=\"600\" height=\"800\" srcset=\"https:\/\/static-blogs.diariosur.es\/wp-content\/uploads\/sites\/49\/2016\/12\/compras-pasarela-1.jpg 600w, https:\/\/static-blogs.diariosur.es\/wp-content\/uploads\/sites\/49\/2016\/12\/compras-pasarela-1-225x300.jpg 225w\" sizes=\"(max-width: 600px) 100vw, 600px\" \/><\/a><\/p>\n<p>&nbsp;<\/p>\n<p><a href=\"\/pasarelaurbana\/wp-content\/uploads\/sites\/49\/2016\/12\/compras-pasarela-7.jpg\"><img loading=\"lazy\" class=\"aligncenter size-full wp-image-9673\" title=\"compras-pasarela (7)\" src=\"\/pasarelaurbana\/wp-content\/uploads\/sites\/49\/2016\/12\/compras-pasarela-7.jpg\" alt=\"\" width=\"600\" height=\"800\" srcset=\"https:\/\/static-blogs.diariosur.es\/wp-content\/uploads\/sites\/49\/2016\/12\/compras-pasarela-7.jpg 600w, https:\/\/static-blogs.diariosur.es\/wp-content\/uploads\/sites\/49\/2016\/12\/compras-pasarela-7-225x300.jpg 225w\" sizes=\"(max-width: 600px) 100vw, 600px\" \/><\/a><\/p>\n<p style=\"text-align: center;\"><strong>Roc\u00edo Ram\u00edrez.<\/strong> 38 a\u00f1os. Abogada<\/p>\n<p style=\"text-align: center;\"><span style=\"text-decoration: underline;\">\u00abUso chinos de hombre, me gusta c\u00f3mo quedan\u00bb<\/span><\/p>\n<p style=\"text-align: center;\">En lo que a moda se refiere cada cual tiene sus fijaciones, sus man\u00edas y sus favoritos. Y las etiquetas no siempre valen. \u00bfQui\u00e9n dijo que los pantalones de hombre no sirven para mujeres? \u00bfO que unos pitillos femeninos no pueden ser el modelo que mejor siente a un amante de las siluetas m\u00e1s ajustadas? En el c\u00f3digo fashionistas toda regla de juego puede alterarse si es para sentirse m\u00e1s c\u00f3modo y favorecido. Es el caso de Roc\u00edo Ram\u00edrez. \u00bfLo \u00faltimo en llegar a su armario? Dos b\u00e1sicos fundamentales para el invierno: \u00abMe he comprado unos chinos masculinos porque son los que m\u00e1s me gustan c\u00f3mo quedan, son los que uso, y unos pantalones entubados negros de cintura alta que tambi\u00e9n me voy a poner un mont\u00f3n porque son s\u00faper vers\u00e1tiles\u00bb, nos explic\u00f3 esta abogada malague\u00f1a de 38 a\u00f1os durante nuestra \u00faltima sesi\u00f3n de \u2018street style\u2019 por las calles del Centro. Nos gust\u00f3 su look en verde militar y rosa maquillaje, inspirado en la est\u00e9tica del ballet que arrasa esta temporada. \u00a1Perfecta para ir a la oficina!<\/p>\n<p style=\"text-align: center;\">Blusa, chaqueta, falda plisada y bailarinas: Todo de Zara.<\/p>\n<p style=\"text-align: center;\">Bolso: Michael Kors.<\/p>\n<p style=\"text-align: center;\"><a href=\"\/pasarelaurbana\/wp-content\/uploads\/sites\/49\/2016\/12\/compras-pasarela-4.jpg\"><img loading=\"lazy\" class=\"aligncenter size-full wp-image-9670\" title=\"compras-pasarela (4)\" src=\"\/pasarelaurbana\/wp-content\/uploads\/sites\/49\/2016\/12\/compras-pasarela-4.jpg\" alt=\"\" width=\"600\" height=\"800\" srcset=\"https:\/\/static-blogs.diariosur.es\/wp-content\/uploads\/sites\/49\/2016\/12\/compras-pasarela-4.jpg 600w, https:\/\/static-blogs.diariosur.es\/wp-content\/uploads\/sites\/49\/2016\/12\/compras-pasarela-4-225x300.jpg 225w\" sizes=\"(max-width: 600px) 100vw, 600px\" \/><\/a><\/p>\n<p style=\"text-align: center;\"><a href=\"\/pasarelaurbana\/wp-content\/uploads\/sites\/49\/2016\/12\/masmoda-5.jpg\"><img loading=\"lazy\" class=\"aligncenter size-full wp-image-9682\" title=\"masmoda (5)\" src=\"\/pasarelaurbana\/wp-content\/uploads\/sites\/49\/2016\/12\/masmoda-5.jpg\" alt=\"\" width=\"600\" height=\"800\" srcset=\"https:\/\/static-blogs.diariosur.es\/wp-content\/uploads\/sites\/49\/2016\/12\/masmoda-5.jpg 600w, https:\/\/static-blogs.diariosur.es\/wp-content\/uploads\/sites\/49\/2016\/12\/masmoda-5-225x300.jpg 225w\" sizes=\"(max-width: 600px) 100vw, 600px\" \/><\/a><\/p>\n<p style=\"text-align: center;\"><a href=\"\/pasarelaurbana\/wp-content\/uploads\/sites\/49\/2016\/12\/masmoda-6.jpg\"><img loading=\"lazy\" class=\"aligncenter size-full wp-image-9684\" title=\"masmoda (6)\" src=\"\/pasarelaurbana\/wp-content\/uploads\/sites\/49\/2016\/12\/masmoda-6.jpg\" alt=\"\" width=\"600\" height=\"800\" srcset=\"https:\/\/static-blogs.diariosur.es\/wp-content\/uploads\/sites\/49\/2016\/12\/masmoda-6.jpg 600w, https:\/\/static-blogs.diariosur.es\/wp-content\/uploads\/sites\/49\/2016\/12\/masmoda-6-225x300.jpg 225w\" sizes=\"(max-width: 600px) 100vw, 600px\" \/><\/a><\/p>\n<p style=\"text-align: center;\"><a href=\"\/pasarelaurbana\/wp-content\/uploads\/sites\/49\/2016\/12\/compras-pasarela-9.jpg\"><img loading=\"lazy\" class=\"aligncenter size-full wp-image-9675\" title=\"compras-pasarela (9)\" src=\"\/pasarelaurbana\/wp-content\/uploads\/sites\/49\/2016\/12\/compras-pasarela-9.jpg\" alt=\"\" width=\"600\" height=\"800\" srcset=\"https:\/\/static-blogs.diariosur.es\/wp-content\/uploads\/sites\/49\/2016\/12\/compras-pasarela-9.jpg 600w, https:\/\/static-blogs.diariosur.es\/wp-content\/uploads\/sites\/49\/2016\/12\/compras-pasarela-9-225x300.jpg 225w\" sizes=\"(max-width: 600px) 100vw, 600px\" \/><\/a><\/p>\n<p style=\"text-align: center;\"><a href=\"\/pasarelaurbana\/wp-content\/uploads\/sites\/49\/2016\/12\/compras-pasarela-6.jpg\"><img loading=\"lazy\" class=\"aligncenter size-full wp-image-9672\" title=\"compras-pasarela (6)\" src=\"\/pasarelaurbana\/wp-content\/uploads\/sites\/49\/2016\/12\/compras-pasarela-6.jpg\" alt=\"\" width=\"600\" height=\"800\" srcset=\"https:\/\/static-blogs.diariosur.es\/wp-content\/uploads\/sites\/49\/2016\/12\/compras-pasarela-6.jpg 600w, https:\/\/static-blogs.diariosur.es\/wp-content\/uploads\/sites\/49\/2016\/12\/compras-pasarela-6-225x300.jpg 225w\" sizes=\"(max-width: 600px) 100vw, 600px\" \/><\/a><\/p>\n<p style=\"text-align: center;\"><strong>Cintia Ortiz.<\/strong> Dependienta. 33 a\u00f1os<\/p>\n<p style=\"text-align: center;\"><span style=\"text-decoration: underline;\">\u00abEsta chaqueta de parches es lo \u00faltimo\u00bb<\/span><\/p>\n<p style=\"text-align: center;\">Los parches son uno de los accesorios imprescindibles del momento. Y es que en la era del \u2018Do it yourself\u2019 (o lo que es lo mismo, hazlo t\u00fa mismo) transformar prendas con la ayuda de una plancha es uno de los mandamientos ineludibles entre las fashionistas. Cintia Ortiz , una dependienta de 33 a\u00f1os, no ha podido resistirse a este revival, que ha regresado de la d\u00e9cada de los 90 dispuesta a quedarse y acaba de sumar a su armario una original cazadora vaquera \u2018oversize\u2019 -se llevan anchas- que su t\u00edo Chencho, creativo donde los haya- se ha encargado de customizarle con parches comprados en mercadillos.<\/p>\n<p style=\"text-align: center;\">Chaqueta vaquera: Customizada con parches por su t\u00edo, \u00ab\u00e9l mismo me la ha decorado, tiene mucho arte\u00bb, bromea.<\/p>\n<p style=\"text-align: center;\"><a href=\"\/pasarelaurbana\/wp-content\/uploads\/sites\/49\/2016\/12\/compras-pasarela-10.jpg\"><img loading=\"lazy\" class=\"aligncenter size-full wp-image-9676\" title=\"compras-pasarela (10)\" src=\"\/pasarelaurbana\/wp-content\/uploads\/sites\/49\/2016\/12\/compras-pasarela-10.jpg\" alt=\"\" width=\"600\" height=\"800\" srcset=\"https:\/\/static-blogs.diariosur.es\/wp-content\/uploads\/sites\/49\/2016\/12\/compras-pasarela-10.jpg 600w, https:\/\/static-blogs.diariosur.es\/wp-content\/uploads\/sites\/49\/2016\/12\/compras-pasarela-10-225x300.jpg 225w\" sizes=\"(max-width: 600px) 100vw, 600px\" \/><\/a><\/p>\n<p style=\"text-align: center;\"><a href=\"\/pasarelaurbana\/wp-content\/uploads\/sites\/49\/2016\/12\/compras-pasarela-3.jpg\"><img loading=\"lazy\" class=\"aligncenter size-full wp-image-9669\" title=\"compras-pasarela (3)\" src=\"\/pasarelaurbana\/wp-content\/uploads\/sites\/49\/2016\/12\/compras-pasarela-3.jpg\" alt=\"\" width=\"600\" height=\"800\" srcset=\"https:\/\/static-blogs.diariosur.es\/wp-content\/uploads\/sites\/49\/2016\/12\/compras-pasarela-3.jpg 600w, https:\/\/static-blogs.diariosur.es\/wp-content\/uploads\/sites\/49\/2016\/12\/compras-pasarela-3-225x300.jpg 225w\" sizes=\"(max-width: 600px) 100vw, 600px\" \/><\/a><\/p>\n<p style=\"text-align: center;\"><a href=\"\/pasarelaurbana\/wp-content\/uploads\/sites\/49\/2016\/12\/compras-pasarela-8.jpg\"><img loading=\"lazy\" class=\"aligncenter size-full wp-image-9674\" title=\"compras-pasarela (8)\" src=\"\/pasarelaurbana\/wp-content\/uploads\/sites\/49\/2016\/12\/compras-pasarela-8.jpg\" alt=\"\" width=\"600\" height=\"800\" srcset=\"https:\/\/static-blogs.diariosur.es\/wp-content\/uploads\/sites\/49\/2016\/12\/compras-pasarela-8.jpg 600w, https:\/\/static-blogs.diariosur.es\/wp-content\/uploads\/sites\/49\/2016\/12\/compras-pasarela-8-225x300.jpg 225w\" sizes=\"(max-width: 600px) 100vw, 600px\" \/><\/a><\/p>\n<p style=\"text-align: center;\"><a href=\"\/pasarelaurbana\/wp-content\/uploads\/sites\/49\/2016\/12\/masmoda-7.jpg\"><img loading=\"lazy\" class=\"aligncenter size-full wp-image-9683\" title=\"masmoda (7)\" src=\"\/pasarelaurbana\/wp-content\/uploads\/sites\/49\/2016\/12\/masmoda-7.jpg\" alt=\"\" width=\"600\" height=\"800\" srcset=\"https:\/\/static-blogs.diariosur.es\/wp-content\/uploads\/sites\/49\/2016\/12\/masmoda-7.jpg 600w, https:\/\/static-blogs.diariosur.es\/wp-content\/uploads\/sites\/49\/2016\/12\/masmoda-7-225x300.jpg 225w\" sizes=\"(max-width: 600px) 100vw, 600px\" \/><\/a><\/p>\n<p style=\"text-align: center;\">Miriam Puga. Empresaria. 49 a\u00f1os<\/p>\n<p style=\"text-align: center;\"><span style=\"text-decoration: underline;\">\u00abHe fichado estas bailarinas de ballet\u00bb<\/span><\/p>\n<p style=\"text-align: center;\">Este invierno el ballet cl\u00e1sico es una de las grandes fuentes de inspiraci\u00f3n de las colecciones de moda. Miuccia Prada fue una de las primeras en abrir la veda a bailar al son de El lago de los cisnes con su colecci\u00f3n de primavera para Miu Miu con unas manoletinas atadas con tiras de hebillas. Y los clones \u2018low cost\u2019 no se hicieron esperar. Miriam Puga, due\u00f1a de la joyer\u00eda Adelaida, ha ca\u00eddo rendida a este modelo de Zara, que combina con parka y vaqueros rotos restando as\u00ed romanticismo al resultado final.<\/p>\n<p style=\"text-align: center;\">Jersey: The Amity Company.<\/p>\n<p style=\"text-align: center;\">Parka: Stradivarius.<\/p>\n<p style=\"text-align: center;\">Vaqueros, pa\u00f1uelo, bailarinas y clutch: Zara.<\/p>\n<p style=\"text-align: center;\"><a href=\"\/pasarelaurbana\/wp-content\/uploads\/sites\/49\/2016\/12\/compras-pasarela-2.jpg\"><img loading=\"lazy\" class=\"aligncenter size-full wp-image-9668\" title=\"compras-pasarela (2)\" src=\"\/pasarelaurbana\/wp-content\/uploads\/sites\/49\/2016\/12\/compras-pasarela-2.jpg\" alt=\"\" width=\"600\" height=\"800\" srcset=\"https:\/\/static-blogs.diariosur.es\/wp-content\/uploads\/sites\/49\/2016\/12\/compras-pasarela-2.jpg 600w, https:\/\/static-blogs.diariosur.es\/wp-content\/uploads\/sites\/49\/2016\/12\/compras-pasarela-2-225x300.jpg 225w\" sizes=\"(max-width: 600px) 100vw, 600px\" \/><\/a><\/p>\n<p style=\"text-align: center;\"><a href=\"\/pasarelaurbana\/wp-content\/uploads\/sites\/49\/2016\/12\/compras-pasarela-11.jpg\"><img loading=\"lazy\" class=\"aligncenter size-full wp-image-9677\" title=\"compras-pasarela (11)\" src=\"\/pasarelaurbana\/wp-content\/uploads\/sites\/49\/2016\/12\/compras-pasarela-11.jpg\" alt=\"\" width=\"600\" height=\"800\" srcset=\"https:\/\/static-blogs.diariosur.es\/wp-content\/uploads\/sites\/49\/2016\/12\/compras-pasarela-11.jpg 600w, https:\/\/static-blogs.diariosur.es\/wp-content\/uploads\/sites\/49\/2016\/12\/compras-pasarela-11-225x300.jpg 225w\" sizes=\"(max-width: 600px) 100vw, 600px\" \/><\/a><\/p>\n<p style=\"text-align: center;\"><a href=\"\/pasarelaurbana\/wp-content\/uploads\/sites\/49\/2016\/12\/masmoda-2.jpg\"><img loading=\"lazy\" class=\"aligncenter size-full wp-image-9680\" title=\"masmoda (2)\" src=\"\/pasarelaurbana\/wp-content\/uploads\/sites\/49\/2016\/12\/masmoda-2.jpg\" alt=\"\" width=\"600\" height=\"800\" srcset=\"https:\/\/static-blogs.diariosur.es\/wp-content\/uploads\/sites\/49\/2016\/12\/masmoda-2.jpg 600w, https:\/\/static-blogs.diariosur.es\/wp-content\/uploads\/sites\/49\/2016\/12\/masmoda-2-225x300.jpg 225w\" sizes=\"(max-width: 600px) 100vw, 600px\" \/><\/a><\/p>\n<p style=\"text-align: center;\">Amara Gonz\u00e1lez. Asesora de moda. 25 a\u00f1os<\/p>\n<p style=\"text-align: center;\"><span style=\"text-decoration: underline;\">\u00abTen\u00eda ganas de un chaleco de pelo\u00bb<\/span><\/p>\n<p style=\"text-align: center;\">El \u00faltimo fichaje en incorporarse al armario de Amara Gonz\u00e1lez es un chaleco de pelo, ideal para los d\u00edas de fr\u00edo que se avecinan. \u00abTen\u00eda ganas de uno y me he decidido por uno en un tono muy ponible\u00bb, nos confes\u00f3 esta asesora de moda. Para una jornada de trabajo eligi\u00f3 el pasado mi\u00e9rcoles un look bicolor en blanco y negro compuesto por prendas muy b\u00e1sicas, deportivas y una bandolera con aplicaciones.<\/p>\n<p style=\"text-align: center;\">Jersey b\u00e1sico negro: Zara.<\/p>\n<p style=\"text-align: center;\">Rebec\u00f3n bicolor: Primark.<\/p>\n<p style=\"text-align: center;\">Deportivas: Gody.<\/p>\n<p style=\"text-align: center;\">Pantalones: Stradivarius.<\/p>\n<p style=\"text-align: center;\">Bolso: Zara.<\/p>\n","protected":false},"excerpt":{"rendered":"<p>Tras un oto\u00f1o con temperaturas bastante suaves el fr\u00edo parece que ha llegado a M\u00e1laga para quedarse. Toca repescar en los armarios esas prendas de m\u00e1s abrigo que hasta ahora estaban desterradas a altillos o zonas menos accesibles del vestidor. La vor\u00e1gine consumista prenavide\u00f1a y las ofertas que han colgado algunos comercios estas \u00faltimas semanas [&hellip;]<\/p>\n","protected":false},"author":54,"featured_media":0,"comment_status":"open","ping_status":"open","sticky":false,"template":"","format":"standard","meta":[],"categories":[2],"tags":[],"_links":{"self":[{"href":"https:\/\/blogs.diariosur.es\/pasarelaurbana\/wp-json\/wp\/v2\/posts\/9666"}],"collection":[{"href":"https:\/\/blogs.diariosur.es\/pasarelaurbana\/wp-json\/wp\/v2\/posts"}],"about":[{"href":"https:\/\/blogs.diariosur.es\/pasarelaurbana\/wp-json\/wp\/v2\/types\/post"}],"author":[{"embeddable":true,"href":"https:\/\/blogs.diariosur.es\/pasarelaurbana\/wp-json\/wp\/v2\/users\/54"}],"replies":[{"embeddable":true,"href":"https:\/\/blogs.diariosur.es\/pasarelaurbana\/wp-json\/wp\/v2\/comments?post=9666"}],"version-history":[{"count":0,"href":"https:\/\/blogs.diariosur.es\/pasarelaurbana\/wp-json\/wp\/v2\/posts\/9666\/revisions"}],"wp:attachment":[{"href":"https:\/\/blogs.diariosur.es\/pasarelaurbana\/wp-json\/wp\/v2\/media?parent=9666"}],"wp:term":[{"taxonomy":"category","embeddable":true,"href":"https:\/\/blogs.diariosur.es\/pasarelaurbana\/wp-json\/wp\/v2\/categories?post=9666"},{"taxonomy":"post_tag","embeddable":true,"href":"https:\/\/blogs.diariosur.es\/pasarelaurbana\/wp-json\/wp\/v2\/tags?post=9666"}],"curies":[{"name":"wp","href":"https:\/\/api.w.org\/{rel}","templated":true}]}}