{"id":9685,"date":"2016-12-15T14:49:19","date_gmt":"2016-12-15T13:49:19","guid":{"rendered":"http:\/\/blogs.diariosur.es\/pasarelaurbana\/?p=9685"},"modified":"2016-12-15T14:49:19","modified_gmt":"2016-12-15T13:49:19","slug":"el-armario-de-paula-villegas","status":"publish","type":"post","link":"https:\/\/blogs.diariosur.es\/pasarelaurbana\/2016\/12\/15\/el-armario-de-paula-villegas\/","title":{"rendered":"El armario de Paula Villegas"},"content":{"rendered":"<p style=\"text-align: center;\"><a href=\"\/pasarelaurbana\/wp-content\/uploads\/sites\/49\/2016\/12\/armario-paula-10.jpg\"><img loading=\"lazy\" class=\"aligncenter size-full wp-image-9695\" title=\"armario-paula (10)\" src=\"\/pasarelaurbana\/wp-content\/uploads\/sites\/49\/2016\/12\/armario-paula-10.jpg\" alt=\"\" width=\"600\" height=\"800\" srcset=\"https:\/\/static-blogs.diariosur.es\/wp-content\/uploads\/sites\/49\/2016\/12\/armario-paula-10.jpg 600w, https:\/\/static-blogs.diariosur.es\/wp-content\/uploads\/sites\/49\/2016\/12\/armario-paula-10-225x300.jpg 225w\" sizes=\"(max-width: 600px) 100vw, 600px\" \/><\/a><\/p>\n<p style=\"text-align: center;\">Como una ecuaci\u00f3n matem\u00e1tica. As\u00ed concibe Paula Villegas la moda. Un puzzle con unas reglas de juego muy definidas que hay que respetar para que las piezas encajen. Con un matiz. A su juicio, aunque hay pautas marcadas la clave para despejar la inc\u00f3gnita es totalmente personal. \u00abA la hora de crear un look hay unos ingredientes b\u00e1sicos que sabemos que debemos incorporar para que funcione, pero lo que al final lo distingue y lo hace especial es tu toque personal, lo que define tu estilo\u00bb, defiende esta directora de arte, copropietaria de una productora (Objetivo 50) junto a su pareja, un realizador audiovisual indio afincado en M\u00e1laga.<br \/>\nEsa b\u00fasqueda del sello propio, sin embargo, no es sencilla y, de hecho, Paula -de 33 a\u00f1os- confiesa que le ha costado mucho encontrarlo. \u00abHe pasado por etapas muy distintas. Los 20, por ejemplo, fueron una explosi\u00f3n de color. Me pon\u00eda todos los tonos. Sin embargo por entonces era m\u00e1s comedida y no me atrev\u00eda a mezclar tanto. Me daba verg\u00fcenza, y no me lo cre\u00eda&#8230; Hasta que cumpl\u00ed los 30 y mi armario dio un giro. Ahora con lo que m\u00e1s c\u00f3moda me siento es con el negro, que sienta bien y es elegante \u00a1y mezclo de todo sin complejos!\u00bb, explica desde su piso -el centro de coworking Gotel\u00e9 Estudio- en la plaza de la Merced.<br \/>\nLos b\u00e1sicos son su obsesi\u00f3n confesa. \u00abEs a lo primero a lo que se me van los ojos cuando entro a una tienda, no lo puedo evitar. Eso s\u00ed, intento que tengan algo diferente\u00bb, sostiene. Tampoco faltan en su vestidor las camisas \u2018oversize\u2019 de inspiraci\u00f3n masculina, las zapatillas deportivas o la ropa vintage, otra de sus debilidades. \u00abEn M\u00e1laga recomiendo \u00c9poca, Flamingos o Cats Vintage\u00bb, enumera Villegas, integrante tambi\u00e9n del colectivo art\u00edstico Las Buhoneras.<br \/>\nPara acudir a la oficina o dirigir un rodaje prima ante todo la funcionalidad. Por ello rara vez se deja ver con un tac\u00f3n, un complemento XL o con prendas ajustadas . Al caer el sol, los metalizados, tejidos como el terciopelo y las transparencias -que usa con superposiciones- son sus mejores aliados de esta enamorada de la moda, centrada actualmente en formarse en cuestiones de vestuario de cine. \u00abMe fascina todo este universo art\u00edstico. Los desfiles me parecen \u00f3peras modernas\u00bb, concluye.<\/p>\n<p style=\"text-align: center;\">Os dejo con sus &#8216;outfits&#8217; al detalle. \u00a1Feliz fin de semana!<\/p>\n<p style=\"text-align: center;\"><!--more--><\/p>\n<p style=\"text-align: center;\"><strong>LOOK DE D\u00cdA<\/strong>: <span style=\"text-decoration: underline;\">Camisa mexicana con blazer, vaqueros vintage y botines de terciopelo<\/span><\/p>\n<p style=\"text-align: center;\"><a href=\"\/pasarelaurbana\/wp-content\/uploads\/sites\/49\/2016\/12\/armario-paula-1.jpg\"><img loading=\"lazy\" class=\"aligncenter size-full wp-image-9686\" title=\"armario-paula (1)\" src=\"\/pasarelaurbana\/wp-content\/uploads\/sites\/49\/2016\/12\/armario-paula-1.jpg\" alt=\"\" width=\"600\" height=\"800\" srcset=\"https:\/\/static-blogs.diariosur.es\/wp-content\/uploads\/sites\/49\/2016\/12\/armario-paula-1.jpg 600w, https:\/\/static-blogs.diariosur.es\/wp-content\/uploads\/sites\/49\/2016\/12\/armario-paula-1-225x300.jpg 225w\" sizes=\"(max-width: 600px) 100vw, 600px\" \/><\/a><\/p>\n<p style=\"text-align: center;\"><a href=\"\/pasarelaurbana\/wp-content\/uploads\/sites\/49\/2016\/12\/armario-paula-8.jpg\"><img loading=\"lazy\" class=\"aligncenter size-full wp-image-9693\" title=\"armario-paula (8)\" src=\"\/pasarelaurbana\/wp-content\/uploads\/sites\/49\/2016\/12\/armario-paula-8.jpg\" alt=\"\" width=\"600\" height=\"800\" srcset=\"https:\/\/static-blogs.diariosur.es\/wp-content\/uploads\/sites\/49\/2016\/12\/armario-paula-8.jpg 600w, https:\/\/static-blogs.diariosur.es\/wp-content\/uploads\/sites\/49\/2016\/12\/armario-paula-8-225x300.jpg 225w\" sizes=\"(max-width: 600px) 100vw, 600px\" \/><\/a><\/p>\n<p style=\"text-align: center;\"><a href=\"\/pasarelaurbana\/wp-content\/uploads\/sites\/49\/2016\/12\/armario-paula-12.jpg\"><img loading=\"lazy\" class=\"aligncenter size-full wp-image-9697\" title=\"armario-paula (12)\" src=\"\/pasarelaurbana\/wp-content\/uploads\/sites\/49\/2016\/12\/armario-paula-12.jpg\" alt=\"\" width=\"600\" height=\"800\" srcset=\"https:\/\/static-blogs.diariosur.es\/wp-content\/uploads\/sites\/49\/2016\/12\/armario-paula-12.jpg 600w, https:\/\/static-blogs.diariosur.es\/wp-content\/uploads\/sites\/49\/2016\/12\/armario-paula-12-225x300.jpg 225w\" sizes=\"(max-width: 600px) 100vw, 600px\" \/><\/a><\/p>\n<p style=\"text-align: center;\">Su propuesta para un d\u00eda de trabajo: camisa bordada <strong>mexicana de los 70<\/strong> heredada de su madre &#8211; \u00abes un tesoro\u00bb-, vaqueros vintage <strong>Levi\u2019s 501<\/strong>, blazer negra de Stradivarius, botines de terciopelo de<strong> Unisa<\/strong> y bolso rojo <strong>Kling<\/strong>.<\/p>\n<p style=\"text-align: center;\"><strong>PARA SALIR A CENAR<\/strong>: <span style=\"text-decoration: underline;\">Top de rejilla plata, falda plisada y cangrejeras<\/span><\/p>\n<p style=\"text-align: center;\"><a href=\"\/pasarelaurbana\/wp-content\/uploads\/sites\/49\/2016\/12\/armario-paula-13.jpg\"><img loading=\"lazy\" class=\"aligncenter size-full wp-image-9699\" title=\"armario-paula (13)\" src=\"\/pasarelaurbana\/wp-content\/uploads\/sites\/49\/2016\/12\/armario-paula-13.jpg\" alt=\"\" width=\"600\" height=\"800\" srcset=\"https:\/\/static-blogs.diariosur.es\/wp-content\/uploads\/sites\/49\/2016\/12\/armario-paula-13.jpg 600w, https:\/\/static-blogs.diariosur.es\/wp-content\/uploads\/sites\/49\/2016\/12\/armario-paula-13-225x300.jpg 225w\" sizes=\"(max-width: 600px) 100vw, 600px\" \/><\/a><\/p>\n<p style=\"text-align: center;\"><a href=\"\/pasarelaurbana\/wp-content\/uploads\/sites\/49\/2016\/12\/armario-paula-20.jpg\"><img loading=\"lazy\" class=\"aligncenter size-full wp-image-9703\" title=\"armario-paula (20)\" src=\"\/pasarelaurbana\/wp-content\/uploads\/sites\/49\/2016\/12\/armario-paula-20.jpg\" alt=\"\" width=\"600\" height=\"600\" srcset=\"https:\/\/static-blogs.diariosur.es\/wp-content\/uploads\/sites\/49\/2016\/12\/armario-paula-20.jpg 600w, https:\/\/static-blogs.diariosur.es\/wp-content\/uploads\/sites\/49\/2016\/12\/armario-paula-20-150x150.jpg 150w, https:\/\/static-blogs.diariosur.es\/wp-content\/uploads\/sites\/49\/2016\/12\/armario-paula-20-300x300.jpg 300w\" sizes=\"(max-width: 600px) 100vw, 600px\" \/><\/a><\/p>\n<p style=\"text-align: center;\"><a href=\"\/pasarelaurbana\/wp-content\/uploads\/sites\/49\/2016\/12\/armario-paula-5.jpg\"><img loading=\"lazy\" class=\"aligncenter size-full wp-image-9690\" title=\"armario-paula (5)\" src=\"\/pasarelaurbana\/wp-content\/uploads\/sites\/49\/2016\/12\/armario-paula-5.jpg\" alt=\"\" width=\"600\" height=\"600\" srcset=\"https:\/\/static-blogs.diariosur.es\/wp-content\/uploads\/sites\/49\/2016\/12\/armario-paula-5.jpg 600w, https:\/\/static-blogs.diariosur.es\/wp-content\/uploads\/sites\/49\/2016\/12\/armario-paula-5-150x150.jpg 150w, https:\/\/static-blogs.diariosur.es\/wp-content\/uploads\/sites\/49\/2016\/12\/armario-paula-5-300x300.jpg 300w\" sizes=\"(max-width: 600px) 100vw, 600px\" \/><\/a><\/p>\n<p style=\"text-align: center;\"><a href=\"\/pasarelaurbana\/wp-content\/uploads\/sites\/49\/2016\/12\/armario-paula-19.jpg\"><img loading=\"lazy\" class=\"aligncenter size-full wp-image-9704\" title=\"armario-paula (19)\" src=\"\/pasarelaurbana\/wp-content\/uploads\/sites\/49\/2016\/12\/armario-paula-19.jpg\" alt=\"\" width=\"600\" height=\"600\" srcset=\"https:\/\/static-blogs.diariosur.es\/wp-content\/uploads\/sites\/49\/2016\/12\/armario-paula-19.jpg 600w, https:\/\/static-blogs.diariosur.es\/wp-content\/uploads\/sites\/49\/2016\/12\/armario-paula-19-150x150.jpg 150w, https:\/\/static-blogs.diariosur.es\/wp-content\/uploads\/sites\/49\/2016\/12\/armario-paula-19-300x300.jpg 300w\" sizes=\"(max-width: 600px) 100vw, 600px\" \/><\/a><\/p>\n<p style=\"text-align: center;\">Un top de rejilla plata de<strong> Stradivarius<\/strong> -que lleva sobre un b\u00e1sico negro- y falda plisada crema (la compr\u00f3 en una boutique de barrio) con cangrejeras de <strong>Zara<\/strong> es su apuesta para salir a cenar. El bolso tambi\u00e9n es de Zara.<\/p>\n<p style=\"text-align: center;\"><strong>SU PROPUESTA PARA UN EVENTO<\/strong>: <span style=\"text-decoration: underline;\">Mono caldera con chaqueta vaquera &#8216;oversize&#8217; customizada<\/span><\/p>\n<p style=\"text-align: center;\"><a href=\"\/pasarelaurbana\/wp-content\/uploads\/sites\/49\/2016\/12\/armario-paula-18.jpg\"><img loading=\"lazy\" class=\"aligncenter  wp-image-9701\" title=\"armario-paula (18)\" src=\"\/pasarelaurbana\/wp-content\/uploads\/sites\/49\/2016\/12\/armario-paula-18.jpg\" alt=\"\" width=\"600\" height=\"800\" srcset=\"https:\/\/static-blogs.diariosur.es\/wp-content\/uploads\/sites\/49\/2016\/12\/armario-paula-18.jpg 600w, https:\/\/static-blogs.diariosur.es\/wp-content\/uploads\/sites\/49\/2016\/12\/armario-paula-18-225x300.jpg 225w\" sizes=\"(max-width: 600px) 100vw, 600px\" \/><\/a><\/p>\n<p style=\"text-align: center;\"><a href=\"\/pasarelaurbana\/wp-content\/uploads\/sites\/49\/2016\/12\/armario-paula-15.jpg\"><img loading=\"lazy\" class=\"aligncenter size-full wp-image-9705\" title=\"armario-paula (15)\" src=\"\/pasarelaurbana\/wp-content\/uploads\/sites\/49\/2016\/12\/armario-paula-15.jpg\" alt=\"\" width=\"600\" height=\"800\" srcset=\"https:\/\/static-blogs.diariosur.es\/wp-content\/uploads\/sites\/49\/2016\/12\/armario-paula-15.jpg 600w, https:\/\/static-blogs.diariosur.es\/wp-content\/uploads\/sites\/49\/2016\/12\/armario-paula-15-225x300.jpg 225w\" sizes=\"(max-width: 600px) 100vw, 600px\" \/><\/a><\/p>\n<p style=\"text-align: center;\"><a href=\"\/pasarelaurbana\/wp-content\/uploads\/sites\/49\/2016\/12\/armario-paula-16.jpg\"><img loading=\"lazy\" class=\"aligncenter size-full wp-image-9700\" title=\"armario-paula (16)\" src=\"\/pasarelaurbana\/wp-content\/uploads\/sites\/49\/2016\/12\/armario-paula-16.jpg\" alt=\"\" width=\"600\" height=\"800\" srcset=\"https:\/\/static-blogs.diariosur.es\/wp-content\/uploads\/sites\/49\/2016\/12\/armario-paula-16.jpg 600w, https:\/\/static-blogs.diariosur.es\/wp-content\/uploads\/sites\/49\/2016\/12\/armario-paula-16-225x300.jpg 225w\" sizes=\"(max-width: 600px) 100vw, 600px\" \/><\/a><\/p>\n<p style=\"text-align: center;\"><a href=\"\/pasarelaurbana\/wp-content\/uploads\/sites\/49\/2016\/12\/armario-paula-7.jpg\"><img loading=\"lazy\" class=\"aligncenter size-full wp-image-9692\" title=\"armario-paula (7)\" src=\"\/pasarelaurbana\/wp-content\/uploads\/sites\/49\/2016\/12\/armario-paula-7.jpg\" alt=\"\" width=\"600\" height=\"800\" srcset=\"https:\/\/static-blogs.diariosur.es\/wp-content\/uploads\/sites\/49\/2016\/12\/armario-paula-7.jpg 600w, https:\/\/static-blogs.diariosur.es\/wp-content\/uploads\/sites\/49\/2016\/12\/armario-paula-7-225x300.jpg 225w\" sizes=\"(max-width: 600px) 100vw, 600px\" \/><\/a><\/p>\n<p style=\"text-align: center;\">Para un evento, Villegas elige un mono color caldera de<strong> Zara<\/strong>, que combina con una original chaqueta vaquera vintage con la espalda de tela customizada por la firma <strong>Juanita Banana<\/strong>. Completa el look con cangrejeras negras de<strong> Zara<\/strong> y bandolera de tart\u00e1n que adquiri\u00f3 en un<strong> mercadillo sueco<\/strong>.<\/p>\n<p style=\"text-align: center;\"><span style=\"text-decoration: underline;\">SUS PRENDAS ESPECIALES:<\/span><\/p>\n<p style=\"text-align: center;\"><a href=\"\/pasarelaurbana\/wp-content\/uploads\/sites\/49\/2016\/12\/armario-paula-9.jpg\"><img loading=\"lazy\" class=\"aligncenter size-full wp-image-9694\" title=\"armario-paula (9)\" src=\"\/pasarelaurbana\/wp-content\/uploads\/sites\/49\/2016\/12\/armario-paula-9.jpg\" alt=\"\" width=\"600\" height=\"800\" srcset=\"https:\/\/static-blogs.diariosur.es\/wp-content\/uploads\/sites\/49\/2016\/12\/armario-paula-9.jpg 600w, https:\/\/static-blogs.diariosur.es\/wp-content\/uploads\/sites\/49\/2016\/12\/armario-paula-9-225x300.jpg 225w\" sizes=\"(max-width: 600px) 100vw, 600px\" \/><\/a><\/p>\n<p style=\"text-align: center;\">Las camisetas con mensaje son clave en sus estilismos. Las de arriba son (la del gato) de<strong> Yuhu Store<\/strong> -de Barcelona-, la blanca fue un regalo de cumplea\u00f1os y la de abajo es dise\u00f1o de su colectivo art\u00edstico, <strong>Las Buhoneras<\/strong>.<\/p>\n<p style=\"text-align: center;\"><a href=\"\/pasarelaurbana\/wp-content\/uploads\/sites\/49\/2016\/12\/armario-paula-6.jpg\"><img loading=\"lazy\" class=\"aligncenter size-full wp-image-9691\" title=\"armario-paula (6)\" src=\"\/pasarelaurbana\/wp-content\/uploads\/sites\/49\/2016\/12\/armario-paula-6.jpg\" alt=\"\" width=\"600\" height=\"800\" srcset=\"https:\/\/static-blogs.diariosur.es\/wp-content\/uploads\/sites\/49\/2016\/12\/armario-paula-6.jpg 600w, https:\/\/static-blogs.diariosur.es\/wp-content\/uploads\/sites\/49\/2016\/12\/armario-paula-6-225x300.jpg 225w\" sizes=\"(max-width: 600px) 100vw, 600px\" \/><\/a><\/p>\n<p style=\"text-align: center;\">\u00a0Este sari es una de las joyas de su armario. Se lo acaba de traer de la India su suegra, natural de dicho pa\u00eds al igual que su pareja. \u00abTen\u00eda muchas ganas de tener uno\u00bb.<\/p>\n<p style=\"text-align: center;\"><a href=\"\/pasarelaurbana\/wp-content\/uploads\/sites\/49\/2016\/12\/armario-paula-4.jpg\"><img loading=\"lazy\" class=\"aligncenter size-full wp-image-9689\" title=\"armario-paula (4)\" src=\"\/pasarelaurbana\/wp-content\/uploads\/sites\/49\/2016\/12\/armario-paula-4.jpg\" alt=\"\" width=\"600\" height=\"800\" srcset=\"https:\/\/static-blogs.diariosur.es\/wp-content\/uploads\/sites\/49\/2016\/12\/armario-paula-4.jpg 600w, https:\/\/static-blogs.diariosur.es\/wp-content\/uploads\/sites\/49\/2016\/12\/armario-paula-4-225x300.jpg 225w\" sizes=\"(max-width: 600px) 100vw, 600px\" \/><\/a><\/p>\n<p style=\"text-align: center;\">Otro traje t\u00edpico Indio que atesora como joya en su armario. &#8220;Me encanta llevarlo con vaqueros&#8221;.<\/p>\n<p style=\"text-align: center;\"><a href=\"\/pasarelaurbana\/wp-content\/uploads\/sites\/49\/2016\/12\/armario-paula-3.jpg\"><img loading=\"lazy\" class=\"aligncenter size-full wp-image-9688\" title=\"armario-paula (3)\" src=\"\/pasarelaurbana\/wp-content\/uploads\/sites\/49\/2016\/12\/armario-paula-3.jpg\" alt=\"\" width=\"600\" height=\"600\" srcset=\"https:\/\/static-blogs.diariosur.es\/wp-content\/uploads\/sites\/49\/2016\/12\/armario-paula-3.jpg 600w, https:\/\/static-blogs.diariosur.es\/wp-content\/uploads\/sites\/49\/2016\/12\/armario-paula-3-150x150.jpg 150w, https:\/\/static-blogs.diariosur.es\/wp-content\/uploads\/sites\/49\/2016\/12\/armario-paula-3-300x300.jpg 300w\" sizes=\"(max-width: 600px) 100vw, 600px\" \/><\/a><\/p>\n<p style=\"text-align: center;\">Sombrero de<strong> Zara<\/strong>, botines de terciopelo de <strong>Unisa<\/strong>, bandolera de tart\u00e1n de un mercadillo y bolso rojo de <strong>Kling<\/strong>. Uno de los anillos es herencia de su abuela.<\/p>\n<p style=\"text-align: center;\"><a href=\"\/pasarelaurbana\/wp-content\/uploads\/sites\/49\/2016\/12\/armario-paula-11.jpg\"><img loading=\"lazy\" class=\"aligncenter  wp-image-9696\" title=\"armario-paula (11)\" src=\"\/pasarelaurbana\/wp-content\/uploads\/sites\/49\/2016\/12\/armario-paula-11.jpg\" alt=\"\" width=\"600\" height=\"600\" srcset=\"https:\/\/static-blogs.diariosur.es\/wp-content\/uploads\/sites\/49\/2016\/12\/armario-paula-11.jpg 600w, https:\/\/static-blogs.diariosur.es\/wp-content\/uploads\/sites\/49\/2016\/12\/armario-paula-11-150x150.jpg 150w, https:\/\/static-blogs.diariosur.es\/wp-content\/uploads\/sites\/49\/2016\/12\/armario-paula-11-300x300.jpg 300w\" sizes=\"(max-width: 600px) 100vw, 600px\" \/><\/a><\/p>\n<p style=\"text-align: center;\"><a href=\"\/pasarelaurbana\/wp-content\/uploads\/sites\/49\/2016\/12\/armario-paula-14.jpg\"><img loading=\"lazy\" class=\"aligncenter size-full wp-image-9698\" title=\"armario-paula (14)\" src=\"\/pasarelaurbana\/wp-content\/uploads\/sites\/49\/2016\/12\/armario-paula-14.jpg\" alt=\"\" width=\"600\" height=\"600\" srcset=\"https:\/\/static-blogs.diariosur.es\/wp-content\/uploads\/sites\/49\/2016\/12\/armario-paula-14.jpg 600w, https:\/\/static-blogs.diariosur.es\/wp-content\/uploads\/sites\/49\/2016\/12\/armario-paula-14-150x150.jpg 150w, https:\/\/static-blogs.diariosur.es\/wp-content\/uploads\/sites\/49\/2016\/12\/armario-paula-14-300x300.jpg 300w\" sizes=\"(max-width: 600px) 100vw, 600px\" \/><\/a><\/p>\n<p style=\"text-align: center;\"><span style=\"text-decoration: underline;\">SU RUTA DE TIENDAS<\/span><\/p>\n<p style=\"text-align: center;\">1. <strong>Bimba y Lola<\/strong>. \u00abSiempre entro porque son muy creativos, me encanta\u00bb.<br \/>\n2. <strong>&#038; Other Stories y COS<\/strong>. \u00abArriesgan muchos en sus colecciones\u00bb.<br \/>\n3. <strong>Juanita Banana.<\/strong> \u00abEsta firma andaluza tiene cosas super originales\u00bb.<br \/>\n4. <strong>Unisa<\/strong>. Esta zapater\u00eda es una de sus favoritas. \u00abSu calidad es de primera\u00bb.<br \/>\n5. <strong>Paloma Wool<\/strong>. \u00abSoy muy fan de esta firma catalana, muy de mi estilo\u00bb.<\/p>\n<p style=\"text-align: center;\">\n","protected":false},"excerpt":{"rendered":"<p>Como una ecuaci\u00f3n matem\u00e1tica. As\u00ed concibe Paula Villegas la moda. Un puzzle con unas reglas de juego muy definidas que hay que respetar para que las piezas encajen. Con un matiz. A su juicio, aunque hay pautas marcadas la clave para despejar la inc\u00f3gnita es totalmente personal. \u00abA la hora de crear un look hay [&hellip;]<\/p>\n","protected":false},"author":54,"featured_media":0,"comment_status":"open","ping_status":"open","sticky":false,"template":"","format":"standard","meta":[],"categories":[2],"tags":[],"_links":{"self":[{"href":"https:\/\/blogs.diariosur.es\/pasarelaurbana\/wp-json\/wp\/v2\/posts\/9685"}],"collection":[{"href":"https:\/\/blogs.diariosur.es\/pasarelaurbana\/wp-json\/wp\/v2\/posts"}],"about":[{"href":"https:\/\/blogs.diariosur.es\/pasarelaurbana\/wp-json\/wp\/v2\/types\/post"}],"author":[{"embeddable":true,"href":"https:\/\/blogs.diariosur.es\/pasarelaurbana\/wp-json\/wp\/v2\/users\/54"}],"replies":[{"embeddable":true,"href":"https:\/\/blogs.diariosur.es\/pasarelaurbana\/wp-json\/wp\/v2\/comments?post=9685"}],"version-history":[{"count":0,"href":"https:\/\/blogs.diariosur.es\/pasarelaurbana\/wp-json\/wp\/v2\/posts\/9685\/revisions"}],"wp:attachment":[{"href":"https:\/\/blogs.diariosur.es\/pasarelaurbana\/wp-json\/wp\/v2\/media?parent=9685"}],"wp:term":[{"taxonomy":"category","embeddable":true,"href":"https:\/\/blogs.diariosur.es\/pasarelaurbana\/wp-json\/wp\/v2\/categories?post=9685"},{"taxonomy":"post_tag","embeddable":true,"href":"https:\/\/blogs.diariosur.es\/pasarelaurbana\/wp-json\/wp\/v2\/tags?post=9685"}],"curies":[{"name":"wp","href":"https:\/\/api.w.org\/{rel}","templated":true}]}}