{"id":9729,"date":"2017-01-14T00:31:35","date_gmt":"2017-01-13T23:31:35","guid":{"rendered":"http:\/\/blogs.diariosur.es\/pasarelaurbana\/?p=9729"},"modified":"2017-01-14T00:31:35","modified_gmt":"2017-01-13T23:31:35","slug":"el-armario-de-andrea-zambrana","status":"publish","type":"post","link":"https:\/\/blogs.diariosur.es\/pasarelaurbana\/2017\/01\/14\/el-armario-de-andrea-zambrana\/","title":{"rendered":"El armario de Andrea Zambrana"},"content":{"rendered":"<p><a href=\"\/pasarelaurbana\/wp-content\/uploads\/sites\/49\/2017\/01\/andrea-armario-5.jpg\"><img loading=\"lazy\" class=\"aligncenter size-full wp-image-9734\" title=\"andrea-armario (5)\" src=\"\/pasarelaurbana\/wp-content\/uploads\/sites\/49\/2017\/01\/andrea-armario-5.jpg\" alt=\"\" width=\"600\" height=\"800\" srcset=\"https:\/\/static-blogs.diariosur.es\/wp-content\/uploads\/sites\/49\/2017\/01\/andrea-armario-5.jpg 600w, https:\/\/static-blogs.diariosur.es\/wp-content\/uploads\/sites\/49\/2017\/01\/andrea-armario-5-225x300.jpg 225w\" sizes=\"(max-width: 600px) 100vw, 600px\" \/><\/a><\/p>\n<p style=\"text-align: center;\">El amor por la moda, dice, viene \u00abde f\u00e1brica\u00bb. Y en su caso lo llevaba de serie en el ADN. \u00abYa de muy peque\u00f1a le hac\u00eda los estilismos a mi hermana mayor que era modelo y le ense\u00f1aba a caminar, desde ni\u00f1a me apasionaba todo ese mundo\u00bb, desvela Andrea Zambrana. Esta estilista de 38 a\u00f1os, autora de un blog y de un<a href=\"https:\/\/www.instagram.com\/azfs247\/\" rel=\"external nofollow\"> perfil en Instagram<\/a> donde comparte sus looks diarios, naci\u00f3 en Bolivia pero ya es malague\u00f1a de adopci\u00f3n. Atrevida y ecl\u00e9ctica, no renuncia a correr riesgos a la hora de idear un \u2018outfit\u2019 (\u00abno soy de total looks ni de ir monocrom\u00e1tica, siempre me gusta introducir alg\u00fan toque que rompa\u00bb, advierte)y aunque sigue muy de cerca las tendencias nunca olvida ese sello personal &#8211; muy \u2018lady\u2019 y rom\u00e1ntico\u2019, con la feminidad por bandera- que la define. \u00abHay que asumir que todas las prendas no te quedan bien y adaptar lo que se lleva a tu estilo propio\u00bb, defiende.<br \/>\nEn su caso, huye de la ropa ce\u00f1ida y suele apostar por dise\u00f1os \u2018oversize\u2019, con los que mejor dice sentirse. Los vestidos sueltos y los pantalones tipo \u2018culotte\u2019 -anchos por encima del tobillo- o \u2018baggy\u2019 con jerseys anchos figuran entre sus imprescindibles para el d\u00eda a d\u00eda. Completan este listado las camisas blancas -\u00abun b\u00e1sico que debe haber en cualquier armario\u00bb- y los monos que son su \u00abprenda fetiche\u00bb. \u00abMe vuelven loca. Puedo tener 14 como m\u00ednimo en todas sus versiones porque me parecen comod\u00edsimos. Estilizan y favorecen as\u00ed que los adoro\u00bb, destaca.<br \/>\nPara un evento elige sin dudarlo una llamativa falda midi de vuelo. A ser posible hecha a medida por un dise\u00f1ador local -a los que tiene muy presentes en su vestidor. \u00abEs otra prenda fundamental en mi armario. Te la pones con una blusa b\u00e1sica y un buen complemento y no necesitas nada m\u00e1s\u00bb. Los accesorios son de hecho, la piedra angular de sus estilismos. Para Zambrana son \u00ablo m\u00e1s importante\u00bb. \u00abPuedes levantarte con una cara horrible pero te pones un sombrero, unas gafas grandes y te pintas los labios rojos y vas perfecta&#8230;al menos mientras te quitas las gafas\u00bb, bromea.<\/p>\n<p style=\"text-align: center;\">Os dejo con todos sus looks al detalle. \u00a1Feliz fin de semana!<\/p>\n<p style=\"text-align: center;\"><!--more--> <strong>LOOK DE D\u00cdA<\/strong>: Vestido camisero con biker rosa<\/p>\n<p style=\"text-align: center;\"><a href=\"\/pasarelaurbana\/wp-content\/uploads\/sites\/49\/2017\/01\/9mas.jpg\"><img loading=\"lazy\" class=\"aligncenter size-full wp-image-9747\" title=\"9mas\" src=\"\/pasarelaurbana\/wp-content\/uploads\/sites\/49\/2017\/01\/9mas.jpg\" alt=\"\" width=\"600\" height=\"800\" srcset=\"https:\/\/static-blogs.diariosur.es\/wp-content\/uploads\/sites\/49\/2017\/01\/9mas.jpg 600w, https:\/\/static-blogs.diariosur.es\/wp-content\/uploads\/sites\/49\/2017\/01\/9mas-225x300.jpg 225w\" sizes=\"(max-width: 600px) 100vw, 600px\" \/><\/a><\/p>\n<p style=\"text-align: center;\"><a href=\"\/pasarelaurbana\/wp-content\/uploads\/sites\/49\/2017\/01\/11mas.jpg\"><img loading=\"lazy\" class=\"aligncenter size-full wp-image-9748\" title=\"11mas\" src=\"\/pasarelaurbana\/wp-content\/uploads\/sites\/49\/2017\/01\/11mas.jpg\" alt=\"\" width=\"600\" height=\"600\" srcset=\"https:\/\/static-blogs.diariosur.es\/wp-content\/uploads\/sites\/49\/2017\/01\/11mas.jpg 600w, https:\/\/static-blogs.diariosur.es\/wp-content\/uploads\/sites\/49\/2017\/01\/11mas-150x150.jpg 150w, https:\/\/static-blogs.diariosur.es\/wp-content\/uploads\/sites\/49\/2017\/01\/11mas-300x300.jpg 300w\" sizes=\"(max-width: 600px) 100vw, 600px\" \/><\/a><\/p>\n<p style=\"text-align: center;\"><a href=\"\/pasarelaurbana\/wp-content\/uploads\/sites\/49\/2017\/01\/10mas.jpg\"><img loading=\"lazy\" class=\"aligncenter size-full wp-image-9750\" title=\"10mas\" src=\"\/pasarelaurbana\/wp-content\/uploads\/sites\/49\/2017\/01\/10mas.jpg\" alt=\"\" width=\"600\" height=\"800\" srcset=\"https:\/\/static-blogs.diariosur.es\/wp-content\/uploads\/sites\/49\/2017\/01\/10mas.jpg 600w, https:\/\/static-blogs.diariosur.es\/wp-content\/uploads\/sites\/49\/2017\/01\/10mas-225x300.jpg 225w\" sizes=\"(max-width: 600px) 100vw, 600px\" \/><\/a><\/p>\n<p style=\"text-align: center;\"><a href=\"\/pasarelaurbana\/wp-content\/uploads\/sites\/49\/2017\/01\/12mas.jpg\"><img loading=\"lazy\" class=\"aligncenter size-full wp-image-9749\" title=\"12mas\" src=\"\/pasarelaurbana\/wp-content\/uploads\/sites\/49\/2017\/01\/12mas.jpg\" alt=\"\" width=\"600\" height=\"600\" srcset=\"https:\/\/static-blogs.diariosur.es\/wp-content\/uploads\/sites\/49\/2017\/01\/12mas.jpg 600w, https:\/\/static-blogs.diariosur.es\/wp-content\/uploads\/sites\/49\/2017\/01\/12mas-150x150.jpg 150w, https:\/\/static-blogs.diariosur.es\/wp-content\/uploads\/sites\/49\/2017\/01\/12mas-300x300.jpg 300w\" sizes=\"(max-width: 600px) 100vw, 600px\" \/><\/a><\/p>\n<p style=\"text-align: center;\">Para un look de diario, la estilista elige un original vestido camisero en verde esmeralda con lazada en el escote de la firma malague\u00f1a N\u00famero 8 que combina con biker rosa de Bershka, salones en el mismo tono de Teria Yabar, maxi gafas de Liu Jo y bolso de mano de Coach.<\/p>\n<p style=\"text-align: center;\"><strong>PASA SALIR A CENAR<\/strong>: Un cl\u00e1sico que no falla, un espectacular vestido de c\u00f3ctel con buenos complementos<\/p>\n<p style=\"text-align: center;\"><a href=\"\/pasarelaurbana\/wp-content\/uploads\/sites\/49\/2017\/01\/andrea-armario-17.jpg\"><img loading=\"lazy\" class=\"aligncenter size-full wp-image-9746\" title=\"andrea-armario (17)\" src=\"\/pasarelaurbana\/wp-content\/uploads\/sites\/49\/2017\/01\/andrea-armario-17.jpg\" alt=\"\" width=\"600\" height=\"800\" srcset=\"https:\/\/static-blogs.diariosur.es\/wp-content\/uploads\/sites\/49\/2017\/01\/andrea-armario-17.jpg 600w, https:\/\/static-blogs.diariosur.es\/wp-content\/uploads\/sites\/49\/2017\/01\/andrea-armario-17-225x300.jpg 225w\" sizes=\"(max-width: 600px) 100vw, 600px\" \/><\/a><\/p>\n<p style=\"text-align: center;\"><a href=\"\/pasarelaurbana\/wp-content\/uploads\/sites\/49\/2017\/01\/16MAS.jpg\"><img loading=\"lazy\" class=\"aligncenter size-full wp-image-9751\" title=\"16MAS\" src=\"\/pasarelaurbana\/wp-content\/uploads\/sites\/49\/2017\/01\/16MAS.jpg\" alt=\"\" width=\"600\" height=\"800\" srcset=\"https:\/\/static-blogs.diariosur.es\/wp-content\/uploads\/sites\/49\/2017\/01\/16MAS.jpg 600w, https:\/\/static-blogs.diariosur.es\/wp-content\/uploads\/sites\/49\/2017\/01\/16MAS-225x300.jpg 225w\" sizes=\"(max-width: 600px) 100vw, 600px\" \/><\/a><\/p>\n<p style=\"text-align: center;\"><a href=\"\/pasarelaurbana\/wp-content\/uploads\/sites\/49\/2017\/01\/19.jpg\"><img loading=\"lazy\" class=\"aligncenter size-full wp-image-9753\" title=\"19\" src=\"\/pasarelaurbana\/wp-content\/uploads\/sites\/49\/2017\/01\/19.jpg\" alt=\"\" width=\"600\" height=\"800\" srcset=\"https:\/\/static-blogs.diariosur.es\/wp-content\/uploads\/sites\/49\/2017\/01\/19.jpg 600w, https:\/\/static-blogs.diariosur.es\/wp-content\/uploads\/sites\/49\/2017\/01\/19-225x300.jpg 225w\" sizes=\"(max-width: 600px) 100vw, 600px\" \/><\/a><\/p>\n<p style=\"text-align: center;\"><a href=\"\/pasarelaurbana\/wp-content\/uploads\/sites\/49\/2017\/01\/17MAS.jpg\"><img loading=\"lazy\" class=\"aligncenter size-full wp-image-9752\" title=\"17MAS\" src=\"\/pasarelaurbana\/wp-content\/uploads\/sites\/49\/2017\/01\/17MAS.jpg\" alt=\"\" width=\"600\" height=\"800\" srcset=\"https:\/\/static-blogs.diariosur.es\/wp-content\/uploads\/sites\/49\/2017\/01\/17MAS.jpg 600w, https:\/\/static-blogs.diariosur.es\/wp-content\/uploads\/sites\/49\/2017\/01\/17MAS-225x300.jpg 225w\" sizes=\"(max-width: 600px) 100vw, 600px\" \/><\/a><\/p>\n<p style=\"text-align: center;\"><a href=\"\/pasarelaurbana\/wp-content\/uploads\/sites\/49\/2017\/01\/20.jpg\"><img loading=\"lazy\" class=\"aligncenter size-full wp-image-9754\" title=\"20\" src=\"\/pasarelaurbana\/wp-content\/uploads\/sites\/49\/2017\/01\/20.jpg\" alt=\"\" width=\"600\" height=\"800\" srcset=\"https:\/\/static-blogs.diariosur.es\/wp-content\/uploads\/sites\/49\/2017\/01\/20.jpg 600w, https:\/\/static-blogs.diariosur.es\/wp-content\/uploads\/sites\/49\/2017\/01\/20-225x300.jpg 225w\" sizes=\"(max-width: 600px) 100vw, 600px\" \/><\/a><\/p>\n<p style=\"text-align: center;\">Su propuesta para una cena? Un favorecedor vestido negro de c\u00f3ctel con escote asim\u00e9trico -\u00abme lo hizo un joven dise\u00f1ador de M\u00e1laga llamado Carlos\u00bb- y falda midi de vuelo que combina con sus Louboutin nude, joyas Carolina Herrera regalo de unos amigos y clutch dorado de Liu Jo.<\/p>\n<p style=\"text-align: center;\"><strong>PARA UN EVENTO<\/strong>: Jersey cobre con falda de tul y sandalias<\/p>\n<p style=\"text-align: center;\"><a href=\"\/pasarelaurbana\/wp-content\/uploads\/sites\/49\/2017\/01\/andrea-armario-11.jpg\"><img loading=\"lazy\" class=\"aligncenter size-full wp-image-9740\" title=\"andrea-armario (11)\" src=\"\/pasarelaurbana\/wp-content\/uploads\/sites\/49\/2017\/01\/andrea-armario-11.jpg\" alt=\"\" width=\"600\" height=\"800\" srcset=\"https:\/\/static-blogs.diariosur.es\/wp-content\/uploads\/sites\/49\/2017\/01\/andrea-armario-11.jpg 600w, https:\/\/static-blogs.diariosur.es\/wp-content\/uploads\/sites\/49\/2017\/01\/andrea-armario-11-225x300.jpg 225w\" sizes=\"(max-width: 600px) 100vw, 600px\" \/><\/a><\/p>\n<p style=\"text-align: center;\"><a href=\"\/pasarelaurbana\/wp-content\/uploads\/sites\/49\/2017\/01\/13MAS.jpg\"><img loading=\"lazy\" class=\"aligncenter size-full wp-image-9755\" title=\"13MAS\" src=\"\/pasarelaurbana\/wp-content\/uploads\/sites\/49\/2017\/01\/13MAS.jpg\" alt=\"\" width=\"600\" height=\"800\" srcset=\"https:\/\/static-blogs.diariosur.es\/wp-content\/uploads\/sites\/49\/2017\/01\/13MAS.jpg 600w, https:\/\/static-blogs.diariosur.es\/wp-content\/uploads\/sites\/49\/2017\/01\/13MAS-225x300.jpg 225w\" sizes=\"(max-width: 600px) 100vw, 600px\" \/><\/a><\/p>\n<p style=\"text-align: center;\"><a href=\"\/pasarelaurbana\/wp-content\/uploads\/sites\/49\/2017\/01\/14MAS.jpg\"><img loading=\"lazy\" class=\"aligncenter size-full wp-image-9756\" title=\"14MAS\" src=\"\/pasarelaurbana\/wp-content\/uploads\/sites\/49\/2017\/01\/14MAS.jpg\" alt=\"\" width=\"600\" height=\"800\" srcset=\"https:\/\/static-blogs.diariosur.es\/wp-content\/uploads\/sites\/49\/2017\/01\/14MAS.jpg 600w, https:\/\/static-blogs.diariosur.es\/wp-content\/uploads\/sites\/49\/2017\/01\/14MAS-225x300.jpg 225w\" sizes=\"(max-width: 600px) 100vw, 600px\" \/><\/a><\/p>\n<p style=\"text-align: center;\"><a href=\"\/pasarelaurbana\/wp-content\/uploads\/sites\/49\/2017\/01\/15MAS.jpg\"><img loading=\"lazy\" class=\"aligncenter size-full wp-image-9757\" title=\"15MAS\" src=\"\/pasarelaurbana\/wp-content\/uploads\/sites\/49\/2017\/01\/15MAS.jpg\" alt=\"\" width=\"600\" height=\"800\" srcset=\"https:\/\/static-blogs.diariosur.es\/wp-content\/uploads\/sites\/49\/2017\/01\/15MAS.jpg 600w, https:\/\/static-blogs.diariosur.es\/wp-content\/uploads\/sites\/49\/2017\/01\/15MAS-225x300.jpg 225w\" sizes=\"(max-width: 600px) 100vw, 600px\" \/><\/a><\/p>\n<p style=\"text-align: center;\">Un jersey en cobre de Liu Jo y una falda de tul en oro de la dise\u00f1adora malague\u00f1a Diana son su apuesta para un evento. Remata el look con bolso Vera Blonde nude y sandalias Steve Madden.<\/p>\n<p style=\"text-align: center;\"><strong>LOS B\u00c1SICOS EN SU ARMARIO<\/strong><\/p>\n<p style=\"text-align: center;\"><a href=\"\/pasarelaurbana\/wp-content\/uploads\/sites\/49\/2017\/01\/andrea-armario-7.jpg\"><img loading=\"lazy\" class=\"aligncenter size-full wp-image-9736\" title=\"andrea-armario (7)\" src=\"\/pasarelaurbana\/wp-content\/uploads\/sites\/49\/2017\/01\/andrea-armario-7.jpg\" alt=\"\" width=\"600\" height=\"600\" srcset=\"https:\/\/static-blogs.diariosur.es\/wp-content\/uploads\/sites\/49\/2017\/01\/andrea-armario-7.jpg 600w, https:\/\/static-blogs.diariosur.es\/wp-content\/uploads\/sites\/49\/2017\/01\/andrea-armario-7-150x150.jpg 150w, https:\/\/static-blogs.diariosur.es\/wp-content\/uploads\/sites\/49\/2017\/01\/andrea-armario-7-300x300.jpg 300w\" sizes=\"(max-width: 600px) 100vw, 600px\" \/><\/a><\/p>\n<p style=\"text-align: center;\"><a href=\"\/pasarelaurbana\/wp-content\/uploads\/sites\/49\/2017\/01\/18mas.jpg\"><img loading=\"lazy\" class=\"aligncenter size-full wp-image-9758\" title=\"18mas\" src=\"\/pasarelaurbana\/wp-content\/uploads\/sites\/49\/2017\/01\/18mas.jpg\" alt=\"\" width=\"600\" height=\"800\" srcset=\"https:\/\/static-blogs.diariosur.es\/wp-content\/uploads\/sites\/49\/2017\/01\/18mas.jpg 600w, https:\/\/static-blogs.diariosur.es\/wp-content\/uploads\/sites\/49\/2017\/01\/18mas-225x300.jpg 225w\" sizes=\"(max-width: 600px) 100vw, 600px\" \/><\/a><\/p>\n<p style=\"text-align: center;\">Los monos son su debilidad. \u00abLos adoro, tengo unos 14, son mi prenda fetiche\u00bb, confiesa. Este rojo es de Sisley y lo lleva con chaqueta\u00a0 \u00e9tnica de Sfera.<\/p>\n<p style=\"text-align: center;\"><strong>SUS COMPLEMENTOS<\/strong><\/p>\n<p style=\"text-align: center;\"><a href=\"\/pasarelaurbana\/wp-content\/uploads\/sites\/49\/2017\/01\/andrea-armario-8.jpg\"><img loading=\"lazy\" class=\"aligncenter size-full wp-image-9737\" title=\"andrea-armario (8)\" src=\"\/pasarelaurbana\/wp-content\/uploads\/sites\/49\/2017\/01\/andrea-armario-8.jpg\" alt=\"\" width=\"600\" height=\"600\" srcset=\"https:\/\/static-blogs.diariosur.es\/wp-content\/uploads\/sites\/49\/2017\/01\/andrea-armario-8.jpg 600w, https:\/\/static-blogs.diariosur.es\/wp-content\/uploads\/sites\/49\/2017\/01\/andrea-armario-8-150x150.jpg 150w, https:\/\/static-blogs.diariosur.es\/wp-content\/uploads\/sites\/49\/2017\/01\/andrea-armario-8-300x300.jpg 300w\" sizes=\"(max-width: 600px) 100vw, 600px\" \/><\/a><\/p>\n<p style=\"text-align: center;\">\u00a0Andrea no sale de casa sin sombrero y gafas. Los primeros son de Zara, Bimba y Lola y Biss\u00fa. Las gafas, Marc Jacobs, Parfois y LiuJo.<\/p>\n<p style=\"text-align: center;\"><a href=\"\/pasarelaurbana\/wp-content\/uploads\/sites\/49\/2017\/01\/andrea-armario-16.jpg\"><img loading=\"lazy\" class=\"aligncenter  wp-image-9745\" title=\"andrea-armario (16)\" src=\"\/pasarelaurbana\/wp-content\/uploads\/sites\/49\/2017\/01\/andrea-armario-16.jpg\" alt=\"\" width=\"600\" height=\"600\" srcset=\"https:\/\/static-blogs.diariosur.es\/wp-content\/uploads\/sites\/49\/2017\/01\/andrea-armario-16.jpg 600w, https:\/\/static-blogs.diariosur.es\/wp-content\/uploads\/sites\/49\/2017\/01\/andrea-armario-16-150x150.jpg 150w, https:\/\/static-blogs.diariosur.es\/wp-content\/uploads\/sites\/49\/2017\/01\/andrea-armario-16-300x300.jpg 300w\" sizes=\"(max-width: 600px) 100vw, 600px\" \/><\/a><\/p>\n<p style=\"text-align: center;\">Una muestra de su colecci\u00f3n de cadenas XS, imprescindibles en sus \u2018outfits\u2019. Estas son de dos dise\u00f1adoras malague\u00f1as: Vicky Portales y Aurea Complementos.<\/p>\n<p style=\"text-align: center;\"><strong>SU RUTA DE TIENDAS<\/strong><\/p>\n<p style=\"text-align: center;\">1. <strong>MeriPeaceCloset.<\/strong> En esta tienda de c\/ San Juan busca looks de diario.<br \/>\n2. <strong>Liu Jo<\/strong>. \u00abAdoro sus vaqueros, sus bolsos y sus zapatillas deportivas\u00bb.<br \/>\n3. <strong>StyleKaty Shop<\/strong>. Esta tienda de calle M\u00e1rmoles es otra de sus favoritas.<br \/>\n4. <strong>H&#038;M<\/strong>. \u00abMe encanta esta franquicia para b\u00e1sicos y prendas de tendencia\u00bb.<br \/>\n5. <strong>Vicky Portales.<\/strong> \u00abCasi todas mis cadenitas son de esta malague\u00f1a\u00bb.<\/p>\n<p style=\"text-align: center;\">Desde aqu\u00ed mil gracias a Andrea por abrirnos las puertas de su casa para charlar sobre moda. \u00a1Un placer preciosa! Y es que Andrea no solo es estilos\u00edsima, lo que m\u00e1s me gusta de ella es que es una mujer todoterreno que lo mismo est\u00e1 subida a un taconazo que clavando puntillas con un martillo, \u00a1Es una manitas!<\/p>\n","protected":false},"excerpt":{"rendered":"<p>El amor por la moda, dice, viene \u00abde f\u00e1brica\u00bb. Y en su caso lo llevaba de serie en el ADN. \u00abYa de muy peque\u00f1a le hac\u00eda los estilismos a mi hermana mayor que era modelo y le ense\u00f1aba a caminar, desde ni\u00f1a me apasionaba todo ese mundo\u00bb, desvela Andrea Zambrana. Esta estilista de 38 a\u00f1os, [&hellip;]<\/p>\n","protected":false},"author":54,"featured_media":0,"comment_status":"open","ping_status":"open","sticky":false,"template":"","format":"standard","meta":[],"categories":[2],"tags":[],"_links":{"self":[{"href":"https:\/\/blogs.diariosur.es\/pasarelaurbana\/wp-json\/wp\/v2\/posts\/9729"}],"collection":[{"href":"https:\/\/blogs.diariosur.es\/pasarelaurbana\/wp-json\/wp\/v2\/posts"}],"about":[{"href":"https:\/\/blogs.diariosur.es\/pasarelaurbana\/wp-json\/wp\/v2\/types\/post"}],"author":[{"embeddable":true,"href":"https:\/\/blogs.diariosur.es\/pasarelaurbana\/wp-json\/wp\/v2\/users\/54"}],"replies":[{"embeddable":true,"href":"https:\/\/blogs.diariosur.es\/pasarelaurbana\/wp-json\/wp\/v2\/comments?post=9729"}],"version-history":[{"count":0,"href":"https:\/\/blogs.diariosur.es\/pasarelaurbana\/wp-json\/wp\/v2\/posts\/9729\/revisions"}],"wp:attachment":[{"href":"https:\/\/blogs.diariosur.es\/pasarelaurbana\/wp-json\/wp\/v2\/media?parent=9729"}],"wp:term":[{"taxonomy":"category","embeddable":true,"href":"https:\/\/blogs.diariosur.es\/pasarelaurbana\/wp-json\/wp\/v2\/categories?post=9729"},{"taxonomy":"post_tag","embeddable":true,"href":"https:\/\/blogs.diariosur.es\/pasarelaurbana\/wp-json\/wp\/v2\/tags?post=9729"}],"curies":[{"name":"wp","href":"https:\/\/api.w.org\/{rel}","templated":true}]}}