{"id":9760,"date":"2017-01-21T08:26:32","date_gmt":"2017-01-21T07:26:32","guid":{"rendered":"http:\/\/blogs.diariosur.es\/pasarelaurbana\/?p=9760"},"modified":"2017-01-21T08:26:32","modified_gmt":"2017-01-21T07:26:32","slug":"looks-anti-frio-polar","status":"publish","type":"post","link":"https:\/\/blogs.diariosur.es\/pasarelaurbana\/2017\/01\/21\/looks-anti-frio-polar\/","title":{"rendered":"Looks anti fr\u00edo polar"},"content":{"rendered":"<p style=\"text-align: center;\">M\u00e1laga despide este domingo su semana m\u00e1s fr\u00eda. La irrupci\u00f3n de una masa de aire g\u00e9lido de car\u00e1cter continental ha hecho que la nieve se extienda por la provincia dejando estampas ins\u00f3litas en municipios donde no ca\u00edan copos desde hace d\u00e9cadas. El desplome de los term\u00f3metros ha dejado un manto blanco y el \u2018street style\u2019 m\u00e1s invernal de la temporada. Y es que los malague\u00f1os han aprovechado la bajada de las temperaturas para sacar del armario los abrigos m\u00e1s gordos, los jerseys de lana de cuello vuelto, las bufandas m\u00e1s calentitas, los gorros&#8230; La meteorolog\u00eda ha puesto un complicado ejercicio a los fashionistas: vestirse para combatir la ola de fr\u00edo sin perder un \u00e1pice de estilo.<br \/>\nEl examen no era f\u00e1cil. Sin embargo hay reglas b\u00e1sicas para superar esta prueba con nota. Basta repasar pasarelas o las propuestas de \u2018it girls\u2019 de referencia como Olivia Palermo (que suele dar en el clavo cuando de lo que se trata es de acertar con un look sin congelarse en el intento).<br \/>\nElige una prenda de terciopelo -tejido estrella de la temporada-, unos pitillos gruesos o unos leotardos de lana, un jersey ancho -mejor de cuello vuelto- y un abrigo XL de corte masculino. Corona el \u2018outfit\u2019 con una estilosa maxi bufanda, un cuello e pelo en alg\u00fan tono fl\u00faor -para las m\u00e1s atrevidas- un gorro y unas deportivas blancas.<\/p>\n<p style=\"text-align: center;\">Estas son las propuestas de los cuatro protagonistas de nuestro especial street style. \u00a1Feliz fin de semana!<!--more--><\/p>\n<p><a href=\"\/pasarelaurbana\/wp-content\/uploads\/sites\/49\/2017\/01\/20170120__1484916917_qHh.jpg\"><img loading=\"lazy\" class=\"aligncenter size-full wp-image-9768\" title=\"20170120__1484916917_qHh\" src=\"\/pasarelaurbana\/wp-content\/uploads\/sites\/49\/2017\/01\/20170120__1484916917_qHh.jpg\" alt=\"\" width=\"600\" height=\"1067\" srcset=\"https:\/\/static-blogs.diariosur.es\/wp-content\/uploads\/sites\/49\/2017\/01\/20170120__1484916917_qHh.jpg 600w, https:\/\/static-blogs.diariosur.es\/wp-content\/uploads\/sites\/49\/2017\/01\/20170120__1484916917_qHh-169x300.jpg 169w, https:\/\/static-blogs.diariosur.es\/wp-content\/uploads\/sites\/49\/2017\/01\/20170120__1484916917_qHh-576x1024.jpg 576w\" sizes=\"(max-width: 600px) 100vw, 600px\" \/><\/a><\/p>\n<p><a href=\"\/pasarelaurbana\/wp-content\/uploads\/sites\/49\/2017\/01\/20170120__1484916917_9NBLUmzfcE2.jpg\"><img loading=\"lazy\" class=\"aligncenter size-full wp-image-9763\" title=\"20170120__1484916917_9NBLUmzfcE2\" src=\"\/pasarelaurbana\/wp-content\/uploads\/sites\/49\/2017\/01\/20170120__1484916917_9NBLUmzfcE2.jpg\" alt=\"\" width=\"600\" height=\"1067\" srcset=\"https:\/\/static-blogs.diariosur.es\/wp-content\/uploads\/sites\/49\/2017\/01\/20170120__1484916917_9NBLUmzfcE2.jpg 600w, https:\/\/static-blogs.diariosur.es\/wp-content\/uploads\/sites\/49\/2017\/01\/20170120__1484916917_9NBLUmzfcE2-169x300.jpg 169w, https:\/\/static-blogs.diariosur.es\/wp-content\/uploads\/sites\/49\/2017\/01\/20170120__1484916917_9NBLUmzfcE2-576x1024.jpg 576w\" sizes=\"(max-width: 600px) 100vw, 600px\" \/><\/a><\/p>\n<p style=\"text-align: center;\"><a href=\"\/pasarelaurbana\/wp-content\/uploads\/sites\/49\/2017\/01\/20170120__1484916917_1cuKhY.jpg\"><img loading=\"lazy\" class=\"aligncenter size-full wp-image-9761\" title=\"20170120__1484916917_1cuKhY\" src=\"\/pasarelaurbana\/wp-content\/uploads\/sites\/49\/2017\/01\/20170120__1484916917_1cuKhY.jpg\" alt=\"\" width=\"600\" height=\"1067\" srcset=\"https:\/\/static-blogs.diariosur.es\/wp-content\/uploads\/sites\/49\/2017\/01\/20170120__1484916917_1cuKhY.jpg 600w, https:\/\/static-blogs.diariosur.es\/wp-content\/uploads\/sites\/49\/2017\/01\/20170120__1484916917_1cuKhY-169x300.jpg 169w, https:\/\/static-blogs.diariosur.es\/wp-content\/uploads\/sites\/49\/2017\/01\/20170120__1484916917_1cuKhY-576x1024.jpg 576w\" sizes=\"(max-width: 600px) 100vw, 600px\" \/><\/a><\/p>\n<p style=\"text-align: center;\"><strong>Alicia A.<\/strong> Apasionada de la moda (prefiere no dar sus datos personales para el reportaje)<\/p>\n<p style=\"text-align: center;\"><span style=\"text-decoration: underline;\">Toda al negro con un abrigo masculino: sobria y estilosa<\/span><br \/>\nMenos es m\u00e1s. La frase est\u00e1 manida, pero est\u00e1 demostrado que aplicarla a los looks es garant\u00eda de \u00e9xito. Y es que no hacen falta estampados estridentes ni combinaciones arriesgadas para triunfar. En t\u00e9rminos de estilo a veces las mezclas m\u00e1s simplonas son las m\u00e1s favorecedoras. Y ello ocurre cuando elegimos buenos b\u00e1sicos de fondo de armario de esos que resisten el embiste de las tendencias pasajeras y, cual varita m\u00e1gica, convierten un \u2018outfit\u2019 sencillo en un \u2018outfit\u2019 sofisticado de sobresaliente. Eso es precisamente lo que le pasa al elegido por Alicia A, una malague\u00f1a apasionada de la moda y las tendencias con la que nos encontramos en el entorno del CAC M\u00e1laga. Para un d\u00eda de fr\u00edo se decant\u00f3 por una apuesta segura: un total look negro compuesto por jersey de cuello vuelto (fundamental en una jornada de bajas temperaturas), mini falda y botas altas por encima de la rodilla. Remat\u00f3 su propuesta con un abrigo de corte masculino en marr\u00f3n de Pull&#038;Bear y bolso de Louis Vuitton. Sobria y elegante.<\/p>\n<p style=\"text-align: center;\">Abrigo y jersey: Pull&#038;Bear.<\/p>\n<p style=\"text-align: center;\">Falda: Zara.<\/p>\n<p style=\"text-align: center;\">Botas: El Corte Ingl\u00e9s.<\/p>\n<p style=\"text-align: center;\">Bolso: Louis Vuitton.<\/p>\n<p style=\"text-align: center;\"><a href=\"\/pasarelaurbana\/wp-content\/uploads\/sites\/49\/2017\/01\/20170120__1484916917_CWHss2.jpg\"><img loading=\"lazy\" class=\"aligncenter size-full wp-image-9764\" title=\"20170120__1484916917_CWHss2\" src=\"\/pasarelaurbana\/wp-content\/uploads\/sites\/49\/2017\/01\/20170120__1484916917_CWHss2.jpg\" alt=\"\" width=\"600\" height=\"800\" srcset=\"https:\/\/static-blogs.diariosur.es\/wp-content\/uploads\/sites\/49\/2017\/01\/20170120__1484916917_CWHss2.jpg 600w, https:\/\/static-blogs.diariosur.es\/wp-content\/uploads\/sites\/49\/2017\/01\/20170120__1484916917_CWHss2-225x300.jpg 225w\" sizes=\"(max-width: 600px) 100vw, 600px\" \/><\/a><\/p>\n<p style=\"text-align: center;\"><a href=\"\/pasarelaurbana\/wp-content\/uploads\/sites\/49\/2017\/01\/20170120__1484916917_nTIMSBo.jpg\"><img loading=\"lazy\" class=\"aligncenter size-full wp-image-9767\" title=\"20170120__1484916917_nTIMSBo\" src=\"\/pasarelaurbana\/wp-content\/uploads\/sites\/49\/2017\/01\/20170120__1484916917_nTIMSBo.jpg\" alt=\"\" width=\"600\" height=\"800\" srcset=\"https:\/\/static-blogs.diariosur.es\/wp-content\/uploads\/sites\/49\/2017\/01\/20170120__1484916917_nTIMSBo.jpg 600w, https:\/\/static-blogs.diariosur.es\/wp-content\/uploads\/sites\/49\/2017\/01\/20170120__1484916917_nTIMSBo-225x300.jpg 225w\" sizes=\"(max-width: 600px) 100vw, 600px\" \/><\/a><\/p>\n<p style=\"text-align: center;\"><a href=\"\/pasarelaurbana\/wp-content\/uploads\/sites\/49\/2017\/01\/20170120__1484916917_WAK.jpg\"><img loading=\"lazy\" class=\"aligncenter size-full wp-image-9770\" title=\"20170120__1484916917_WAK\" src=\"\/pasarelaurbana\/wp-content\/uploads\/sites\/49\/2017\/01\/20170120__1484916917_WAK.jpg\" alt=\"\" width=\"600\" height=\"800\" srcset=\"https:\/\/static-blogs.diariosur.es\/wp-content\/uploads\/sites\/49\/2017\/01\/20170120__1484916917_WAK.jpg 600w, https:\/\/static-blogs.diariosur.es\/wp-content\/uploads\/sites\/49\/2017\/01\/20170120__1484916917_WAK-225x300.jpg 225w\" sizes=\"(max-width: 600px) 100vw, 600px\" \/><\/a><\/p>\n<p style=\"text-align: center;\"><strong>Andr\u00e9s Escassi.<\/strong> Dependiente. 30 a\u00f1os<\/p>\n<p style=\"text-align: center;\"><span style=\"text-decoration: underline;\">Parka y maxi pa\u00f1uelo, b\u00e1sicos<\/span><br \/>\nLos tonos azules son buenos aliados del caqui. Buen ejemplo es el estilismo elegido por Andr\u00e9s Escassi, un dependiente malague\u00f1o de 30 a\u00f1os. El pasado mi\u00e9rcoles Meteorolog\u00eda ya advirti\u00f3 de que M\u00e1laga registrar\u00eda el d\u00eda m\u00e1s fr\u00edo del a\u00f1o. Antes de salir de casa tocaba pues sacar la ropa de m\u00e1s abrigo. Para acudir al trabajo, Escassi se decant\u00f3 por una parka de Scalpers que combin\u00f3 con acierto con una camisa celeste cl\u00e1sica, unos pantalones de vestir remangados -para dejar ver los calcetines- y unos zapatos grises. \u00bfEl toque chic? Lo reserv\u00f3 a los accesorios: unos tirantes y un maxi pa\u00f1uelo efecto tie-dye.<\/p>\n<p style=\"text-align: center;\">Total look: Parka, camisa, tirantes, pantalones de vestir y zapatos, de Scalpers.<\/p>\n<p style=\"text-align: center;\"><a href=\"\/pasarelaurbana\/wp-content\/uploads\/sites\/49\/2017\/01\/20170120__1484916917_yBNptw8oBP.jpg\"><img loading=\"lazy\" class=\"aligncenter size-full wp-image-9771\" title=\"20170120__1484916917_yBNptw8oBP\" src=\"\/pasarelaurbana\/wp-content\/uploads\/sites\/49\/2017\/01\/20170120__1484916917_yBNptw8oBP.jpg\" alt=\"\" width=\"600\" height=\"800\" srcset=\"https:\/\/static-blogs.diariosur.es\/wp-content\/uploads\/sites\/49\/2017\/01\/20170120__1484916917_yBNptw8oBP.jpg 600w, https:\/\/static-blogs.diariosur.es\/wp-content\/uploads\/sites\/49\/2017\/01\/20170120__1484916917_yBNptw8oBP-225x300.jpg 225w\" sizes=\"(max-width: 600px) 100vw, 600px\" \/><\/a><\/p>\n<p style=\"text-align: center;\"><a href=\"\/pasarelaurbana\/wp-content\/uploads\/sites\/49\/2017\/01\/20170120__1484916917_YXMXifb.jpg\"><img loading=\"lazy\" class=\"aligncenter size-full wp-image-9772\" title=\"20170120__1484916917_YXMXifb\" src=\"\/pasarelaurbana\/wp-content\/uploads\/sites\/49\/2017\/01\/20170120__1484916917_YXMXifb.jpg\" alt=\"\" width=\"600\" height=\"800\" srcset=\"https:\/\/static-blogs.diariosur.es\/wp-content\/uploads\/sites\/49\/2017\/01\/20170120__1484916917_YXMXifb.jpg 600w, https:\/\/static-blogs.diariosur.es\/wp-content\/uploads\/sites\/49\/2017\/01\/20170120__1484916917_YXMXifb-225x300.jpg 225w\" sizes=\"(max-width: 600px) 100vw, 600px\" \/><\/a><\/p>\n<p style=\"text-align: center;\"><a href=\"\/pasarelaurbana\/wp-content\/uploads\/sites\/49\/2017\/01\/20170120__1484916917_ibU.jpg\"><img loading=\"lazy\" class=\"aligncenter size-full wp-image-9765\" title=\"20170120__1484916917_ibU\" src=\"\/pasarelaurbana\/wp-content\/uploads\/sites\/49\/2017\/01\/20170120__1484916917_ibU.jpg\" alt=\"\" width=\"600\" height=\"800\" srcset=\"https:\/\/static-blogs.diariosur.es\/wp-content\/uploads\/sites\/49\/2017\/01\/20170120__1484916917_ibU.jpg 600w, https:\/\/static-blogs.diariosur.es\/wp-content\/uploads\/sites\/49\/2017\/01\/20170120__1484916917_ibU-225x300.jpg 225w\" sizes=\"(max-width: 600px) 100vw, 600px\" \/><\/a><\/p>\n<p style=\"text-align: center;\"><strong>Rosal\u00eda Morillas.<\/strong> Estudiante de oposiciones. 24 a\u00f1os<\/p>\n<p style=\"text-align: center;\"><span style=\"text-decoration: underline;\">\u00abEn d\u00edas as\u00ed busco ir ante todo c\u00f3moda\u00bb<\/span><br \/>\nRosal\u00eda Morillas lo tiene claro. En d\u00edas de mucho fr\u00edo, como los que ha registrado M\u00e1laga esta semana, su prioridad a la hora de elegir un look para el ajetreo diario es ir \u00abc\u00f3moda y calentita\u00bb. Para lograr su objetivo, hay una prenda que considera imprescindible cuando los term\u00f3metros se desploman: una maxi bufanda. \u00abCon un buen jersey, un abrigo y unos vaqueros no necesitas m\u00e1s y vas estilosa\u00bb, nos confes\u00f3 esta estudiante de oposiciones de 24 a\u00f1os. \u00bfLa guinda? Unas zapatillas Nike blancas.<\/p>\n<p style=\"text-align: center;\">Bufanda: Stradivarius.<\/p>\n<p style=\"text-align: center;\">Jersey y parka: Zara.<\/p>\n<p style=\"text-align: center;\">Vaqueros: Pull&#038;Bear.<\/p>\n<p style=\"text-align: center;\">Deportivas: Nike.<\/p>\n<p style=\"text-align: center;\">Bolso: Parfois.<\/p>\n<p style=\"text-align: center;\"><a href=\"\/pasarelaurbana\/wp-content\/uploads\/sites\/49\/2017\/01\/20170120__1484916917_8GDsKJthTR.jpg\"><img loading=\"lazy\" class=\"aligncenter size-full wp-image-9762\" title=\"20170120__1484916917_8GDsKJthTR\" src=\"\/pasarelaurbana\/wp-content\/uploads\/sites\/49\/2017\/01\/20170120__1484916917_8GDsKJthTR.jpg\" alt=\"\" width=\"600\" height=\"800\" srcset=\"https:\/\/static-blogs.diariosur.es\/wp-content\/uploads\/sites\/49\/2017\/01\/20170120__1484916917_8GDsKJthTR.jpg 600w, https:\/\/static-blogs.diariosur.es\/wp-content\/uploads\/sites\/49\/2017\/01\/20170120__1484916917_8GDsKJthTR-225x300.jpg 225w\" sizes=\"(max-width: 600px) 100vw, 600px\" \/><\/a><\/p>\n<p style=\"text-align: center;\"><a href=\"\/pasarelaurbana\/wp-content\/uploads\/sites\/49\/2017\/01\/20170120__1484916917_LYGQWp.jpg\"><img loading=\"lazy\" class=\"aligncenter size-full wp-image-9766\" title=\"20170120__1484916917_LYGQWp\" src=\"\/pasarelaurbana\/wp-content\/uploads\/sites\/49\/2017\/01\/20170120__1484916917_LYGQWp.jpg\" alt=\"\" width=\"600\" height=\"800\" srcset=\"https:\/\/static-blogs.diariosur.es\/wp-content\/uploads\/sites\/49\/2017\/01\/20170120__1484916917_LYGQWp.jpg 600w, https:\/\/static-blogs.diariosur.es\/wp-content\/uploads\/sites\/49\/2017\/01\/20170120__1484916917_LYGQWp-225x300.jpg 225w\" sizes=\"(max-width: 600px) 100vw, 600px\" \/><\/a><\/p>\n<p style=\"text-align: center;\"><strong>Lola Salmer\u00f3n<\/strong>. Empleada de banca. 35 a\u00f1os<\/p>\n<p style=\"text-align: center;\"><span style=\"text-decoration: underline;\">Un mix de cuadros muy favorecedor<\/span><br \/>\nLos cuadros tipo \u2018Pr\u00edncipe de Gales\u2019 son uno de los estampados invernales por excelencia. El print en s\u00ed es cl\u00e1sico, pero se le puede dar un toque m\u00e1s actual combinando en un mismo look cuadros de distintos tama\u00f1os, como propone Lola Salmer\u00f3n. Esta empleada de banca de 35 a\u00f1os lleva maxi bufanda y vestido midi con este tejido en distintas versiones. Completa el \u2018outfit\u2019 con salones y \u2018shopping bag\u2019 negro.<\/p>\n<p style=\"text-align: center;\">Vestido y abrigo: Mango.<\/p>\n<p style=\"text-align: center;\">Bufanda: Parfois.<\/p>\n<p style=\"text-align: center;\">Bolso: Bimba y Lola.<\/p>\n<p style=\"text-align: center;\">Salones: Tienda local.<\/p>\n","protected":false},"excerpt":{"rendered":"<p>M\u00e1laga despide este domingo su semana m\u00e1s fr\u00eda. La irrupci\u00f3n de una masa de aire g\u00e9lido de car\u00e1cter continental ha hecho que la nieve se extienda por la provincia dejando estampas ins\u00f3litas en municipios donde no ca\u00edan copos desde hace d\u00e9cadas. El desplome de los term\u00f3metros ha dejado un manto blanco y el \u2018street style\u2019 [&hellip;]<\/p>\n","protected":false},"author":54,"featured_media":0,"comment_status":"open","ping_status":"open","sticky":false,"template":"","format":"standard","meta":[],"categories":[2],"tags":[],"_links":{"self":[{"href":"https:\/\/blogs.diariosur.es\/pasarelaurbana\/wp-json\/wp\/v2\/posts\/9760"}],"collection":[{"href":"https:\/\/blogs.diariosur.es\/pasarelaurbana\/wp-json\/wp\/v2\/posts"}],"about":[{"href":"https:\/\/blogs.diariosur.es\/pasarelaurbana\/wp-json\/wp\/v2\/types\/post"}],"author":[{"embeddable":true,"href":"https:\/\/blogs.diariosur.es\/pasarelaurbana\/wp-json\/wp\/v2\/users\/54"}],"replies":[{"embeddable":true,"href":"https:\/\/blogs.diariosur.es\/pasarelaurbana\/wp-json\/wp\/v2\/comments?post=9760"}],"version-history":[{"count":0,"href":"https:\/\/blogs.diariosur.es\/pasarelaurbana\/wp-json\/wp\/v2\/posts\/9760\/revisions"}],"wp:attachment":[{"href":"https:\/\/blogs.diariosur.es\/pasarelaurbana\/wp-json\/wp\/v2\/media?parent=9760"}],"wp:term":[{"taxonomy":"category","embeddable":true,"href":"https:\/\/blogs.diariosur.es\/pasarelaurbana\/wp-json\/wp\/v2\/categories?post=9760"},{"taxonomy":"post_tag","embeddable":true,"href":"https:\/\/blogs.diariosur.es\/pasarelaurbana\/wp-json\/wp\/v2\/tags?post=9760"}],"curies":[{"name":"wp","href":"https:\/\/api.w.org\/{rel}","templated":true}]}}