{"id":9773,"date":"2017-01-28T09:29:39","date_gmt":"2017-01-28T08:29:39","guid":{"rendered":"http:\/\/blogs.diariosur.es\/pasarelaurbana\/?p=9773"},"modified":"2017-01-28T09:29:39","modified_gmt":"2017-01-28T08:29:39","slug":"el-armario-de-jote-martinez","status":"publish","type":"post","link":"https:\/\/blogs.diariosur.es\/pasarelaurbana\/2017\/01\/28\/el-armario-de-jote-martinez\/","title":{"rendered":"El armario de Jote Mart\u00ednez"},"content":{"rendered":"<p style=\"text-align: center;\"><a href=\"\/pasarelaurbana\/wp-content\/uploads\/sites\/49\/2017\/01\/20170124__1485266208_ZFER8B.jpg\"><img loading=\"lazy\" class=\"aligncenter  wp-image-9787\" title=\"20170124__1485266208_ZFER8B\" src=\"\/pasarelaurbana\/wp-content\/uploads\/sites\/49\/2017\/01\/20170124__1485266208_ZFER8B.jpg\" alt=\"\" width=\"600\" height=\"800\" srcset=\"https:\/\/static-blogs.diariosur.es\/wp-content\/uploads\/sites\/49\/2017\/01\/20170124__1485266208_ZFER8B.jpg 600w, https:\/\/static-blogs.diariosur.es\/wp-content\/uploads\/sites\/49\/2017\/01\/20170124__1485266208_ZFER8B-225x300.jpg 225w\" sizes=\"(max-width: 600px) 100vw, 600px\" \/><\/a><\/p>\n<p style=\"text-align: center;\">Su infancia la recuerda entre hilos, agujas y patrones. Pegado a las mujeres de su familia, todas ellas aficionadas a la costura. \u00abJunto a ellas me pasaba las tardes, a la espera de que a mi madre, a mi t\u00eda o a mi abuela se les cayera un retal de tela para jugar\u00bb. A Jote Mart\u00ednez el amor por la moda le ven\u00eda de f\u00e1brica. Tanto, que nada m\u00e1s acabar el grado superior de Turismo lo tuvo claro. Se matricul\u00f3 en la academia Jal\u00f3n y comenz\u00f3 a dar rienda suelta a su pasi\u00f3n, animado por la demanda de sus amigos y familiares. \u00abAl ser de un pueblo, Alameda, muchas vecinas ven\u00edan a pedirme cosas. El primer a\u00f1o hice tres vestidos de gitana para la feria y al siguiente me encargaron trece\u00bb, relata este joven de 30 a\u00f1os. En 2012 debut\u00f3 en Simof, en Sevilla, con su colecci\u00f3n de moda flamenca y en 2014 tuvo su gran oportunidad en M\u00e1laga, en la pasarela Larios. Un hito que marc\u00f3 un antes y un despu\u00e9s en su carrera. \u00abFue un gritar a los cuatro vientos \u2018estoy aqu\u00ed y vengo para quedarme\u2019\u00bb resume.<br \/>\nY as\u00ed ha sido. Tres a\u00f1os despu\u00e9s Jote tiene su propio taller en Nueva M\u00e1laga, donde dise\u00f1a tanto vestidos de novia como de invitadas como su nueva l\u00ednea de ropa masculina -F\u00fcgite- en la que est\u00e1 volcado desde el pasado mes de diciembre. Dise\u00f1os funcionales y atemporales muy en concordancia con el propio sello de Jote, para quien la comodidad es el eje de sus estilismos. \u00abPara mis looks de diario soy muy pr\u00e1ctico y tiro de vaqueros, pantalones chinos, polos, camisetas y deportivas\u00bb, explica.<br \/>\nLas tendencias, dice, las sigue muy de cerca pero sin perder la cabeza. \u00abLas modas que me gustan las adapto a mi terreno, nunca las sigo a rajatabla\u00bb, puntualiza. \u00bfUna debilidad confesa? Las camisas blancas, por las que reconoce sentir una poderosa atracci\u00f3n, \u00aben rebajas, por ejemplo, siempre cae alguna\u00bb, se\u00f1ala. En materia de complementos le pierden las gafas de sol-sin las que no sale de casa-, los relojes y las maxi bufandas, \u00abun accesorio imprescindible para m\u00ed en invierno\u00bb. Los calcetines tambi\u00e9n juegan un papel clave en sus \u2018outfits\u2019. \u00abAl llevar los pantalones remangados al tobillo me gusta lucirlos y apostar por dise\u00f1os divertidos y atrevidos que aporten una nota especial al look\u00bb, concluye.<\/p>\n<p style=\"text-align: center;\">Os dejo con sus propuestas al detalle. \u00a1Feliz fin de semana!<\/p>\n<p style=\"text-align: center;\"><!--more--><strong><\/strong><\/p>\n<p style=\"text-align: center;\"><strong>PARA UN D\u00cdA DE TRABAJO<\/strong>: <span style=\"text-decoration: underline;\">Camisa con jaretas y pantal\u00f3n tobillero<\/span><\/p>\n<p style=\"text-align: center;\"><a href=\"\/pasarelaurbana\/wp-content\/uploads\/sites\/49\/2017\/01\/20170124__1485266208_M2rgR.jpg\"><img loading=\"lazy\" title=\"20170124__1485266208_M2rgR\" src=\"\/pasarelaurbana\/wp-content\/uploads\/sites\/49\/2017\/01\/20170124__1485266208_M2rgR.jpg\" alt=\"\" width=\"600\" height=\"924\" \/><\/a><\/p>\n<p style=\"text-align: center;\"><a href=\"\/pasarelaurbana\/wp-content\/uploads\/sites\/49\/2017\/01\/20170124__1485266208_OYj0Y.jpg\"><img loading=\"lazy\" class=\"aligncenter size-full wp-image-9785\" title=\"20170124__1485266208_OYj0Y\" src=\"\/pasarelaurbana\/wp-content\/uploads\/sites\/49\/2017\/01\/20170124__1485266208_OYj0Y.jpg\" alt=\"\" width=\"600\" height=\"800\" srcset=\"https:\/\/static-blogs.diariosur.es\/wp-content\/uploads\/sites\/49\/2017\/01\/20170124__1485266208_OYj0Y.jpg 600w, https:\/\/static-blogs.diariosur.es\/wp-content\/uploads\/sites\/49\/2017\/01\/20170124__1485266208_OYj0Y-225x300.jpg 225w\" sizes=\"(max-width: 600px) 100vw, 600px\" \/><\/a><\/p>\n<p style=\"text-align: center;\"><a href=\"\/pasarelaurbana\/wp-content\/uploads\/sites\/49\/2017\/01\/20170124__1485266208_GbPzdKZR.jpg\"><img loading=\"lazy\" class=\"aligncenter size-full wp-image-9780\" title=\"20170124__1485266208_GbPzdKZR\" src=\"\/pasarelaurbana\/wp-content\/uploads\/sites\/49\/2017\/01\/20170124__1485266208_GbPzdKZR.jpg\" alt=\"\" width=\"600\" height=\"800\" srcset=\"https:\/\/static-blogs.diariosur.es\/wp-content\/uploads\/sites\/49\/2017\/01\/20170124__1485266208_GbPzdKZR.jpg 600w, https:\/\/static-blogs.diariosur.es\/wp-content\/uploads\/sites\/49\/2017\/01\/20170124__1485266208_GbPzdKZR-225x300.jpg 225w\" sizes=\"(max-width: 600px) 100vw, 600px\" \/><\/a><\/p>\n<p style=\"text-align: center;\"><a href=\"\/pasarelaurbana\/wp-content\/uploads\/sites\/49\/2017\/01\/masjotetres.jpg\"><img loading=\"lazy\" class=\"aligncenter size-full wp-image-9791\" title=\"masjotetres\" src=\"\/pasarelaurbana\/wp-content\/uploads\/sites\/49\/2017\/01\/masjotetres.jpg\" alt=\"\" width=\"600\" height=\"800\" srcset=\"https:\/\/static-blogs.diariosur.es\/wp-content\/uploads\/sites\/49\/2017\/01\/masjotetres.jpg 600w, https:\/\/static-blogs.diariosur.es\/wp-content\/uploads\/sites\/49\/2017\/01\/masjotetres-225x300.jpg 225w\" sizes=\"(max-width: 600px) 100vw, 600px\" \/><\/a><\/p>\n<p style=\"text-align: center;\">\u00a0Su propuesta para una jornada de trabajo en el taller: camisa blanca con jaretas de Zara, pantal\u00f3n de cuadros tobilleros de Mango y castellanos de Zara.<\/p>\n<p style=\"text-align: center;\"><strong>LOOK DE NOCHE<\/strong>: <span style=\"text-decoration: underline;\">Camisa de cuadros, sudadera rosa, blazer y chinos<\/span><\/p>\n<p><a href=\"\/pasarelaurbana\/wp-content\/uploads\/sites\/49\/2017\/01\/20170124__1485266208_aDqNzHoE.jpg\"><img loading=\"lazy\" class=\"aligncenter size-full wp-image-9775\" title=\"20170124__1485266208_aDqNzHoE\" src=\"\/pasarelaurbana\/wp-content\/uploads\/sites\/49\/2017\/01\/20170124__1485266208_aDqNzHoE.jpg\" alt=\"\" width=\"600\" height=\"800\" srcset=\"https:\/\/static-blogs.diariosur.es\/wp-content\/uploads\/sites\/49\/2017\/01\/20170124__1485266208_aDqNzHoE.jpg 600w, https:\/\/static-blogs.diariosur.es\/wp-content\/uploads\/sites\/49\/2017\/01\/20170124__1485266208_aDqNzHoE-225x300.jpg 225w\" sizes=\"(max-width: 600px) 100vw, 600px\" \/><\/a><\/p>\n<p><a href=\"\/pasarelaurbana\/wp-content\/uploads\/sites\/49\/2017\/01\/20170124__1485266208_ls6.jpg\"><img loading=\"lazy\" class=\"aligncenter size-full wp-image-9783\" title=\"20170124__1485266208_ls6\" src=\"\/pasarelaurbana\/wp-content\/uploads\/sites\/49\/2017\/01\/20170124__1485266208_ls6.jpg\" alt=\"\" width=\"600\" height=\"800\" srcset=\"https:\/\/static-blogs.diariosur.es\/wp-content\/uploads\/sites\/49\/2017\/01\/20170124__1485266208_ls6.jpg 600w, https:\/\/static-blogs.diariosur.es\/wp-content\/uploads\/sites\/49\/2017\/01\/20170124__1485266208_ls6-225x300.jpg 225w\" sizes=\"(max-width: 600px) 100vw, 600px\" \/><\/a><\/p>\n<p><a href=\"\/pasarelaurbana\/wp-content\/uploads\/sites\/49\/2017\/01\/masjote.jpg\"><img loading=\"lazy\" class=\"aligncenter size-full wp-image-9789\" title=\"masjote\" src=\"\/pasarelaurbana\/wp-content\/uploads\/sites\/49\/2017\/01\/masjote.jpg\" alt=\"\" width=\"600\" height=\"600\" srcset=\"https:\/\/static-blogs.diariosur.es\/wp-content\/uploads\/sites\/49\/2017\/01\/masjote.jpg 600w, https:\/\/static-blogs.diariosur.es\/wp-content\/uploads\/sites\/49\/2017\/01\/masjote-150x150.jpg 150w, https:\/\/static-blogs.diariosur.es\/wp-content\/uploads\/sites\/49\/2017\/01\/masjote-300x300.jpg 300w\" sizes=\"(max-width: 600px) 100vw, 600px\" \/><\/a><\/p>\n<p><a href=\"\/pasarelaurbana\/wp-content\/uploads\/sites\/49\/2017\/01\/20170124__1485266208_fleuc.jpg\"><img loading=\"lazy\" class=\"aligncenter size-full wp-image-9779\" title=\"20170124__1485266208_fleuc\" src=\"\/pasarelaurbana\/wp-content\/uploads\/sites\/49\/2017\/01\/20170124__1485266208_fleuc.jpg\" alt=\"\" width=\"600\" height=\"800\" srcset=\"https:\/\/static-blogs.diariosur.es\/wp-content\/uploads\/sites\/49\/2017\/01\/20170124__1485266208_fleuc.jpg 600w, https:\/\/static-blogs.diariosur.es\/wp-content\/uploads\/sites\/49\/2017\/01\/20170124__1485266208_fleuc-225x300.jpg 225w\" sizes=\"(max-width: 600px) 100vw, 600px\" \/><\/a><\/p>\n<p style=\"text-align: center;\"><a href=\"\/pasarelaurbana\/wp-content\/uploads\/sites\/49\/2017\/01\/20170124__1485266208_0E8w5x.jpg\"><img loading=\"lazy\" class=\"aligncenter size-full wp-image-9774\" title=\"20170124__1485266208_0E8w5x\" src=\"\/pasarelaurbana\/wp-content\/uploads\/sites\/49\/2017\/01\/20170124__1485266208_0E8w5x.jpg\" alt=\"\" width=\"600\" height=\"800\" srcset=\"https:\/\/static-blogs.diariosur.es\/wp-content\/uploads\/sites\/49\/2017\/01\/20170124__1485266208_0E8w5x.jpg 600w, https:\/\/static-blogs.diariosur.es\/wp-content\/uploads\/sites\/49\/2017\/01\/20170124__1485266208_0E8w5x-225x300.jpg 225w\" sizes=\"(max-width: 600px) 100vw, 600px\" \/><\/a><\/p>\n<p style=\"text-align: center;\">Para salir a cenar el dise\u00f1ador elige un look colorista de su firma -F\u00fcgite- compuesto por camisa de cuadros, sudadera frambuesa y blazer azul marino con pa\u00f1uelo de \u2018print\u2019 tropical. Completa el estilismo con chinos marrones y zapatos verde botella.<\/p>\n<p style=\"text-align: center;\"><strong>SU APUESTA PARA UN EVENTO<\/strong>:<span style=\"text-decoration: underline;\"> Blazer y bermudas en total look<\/span><\/p>\n<p style=\"text-align: center;\"><a href=\"\/pasarelaurbana\/wp-content\/uploads\/sites\/49\/2017\/01\/20170124__1485266208_cFEIE87Aa.jpg\"><img loading=\"lazy\" class=\"aligncenter size-full wp-image-9776\" title=\"20170124__1485266208_cFEIE87Aa\" src=\"\/pasarelaurbana\/wp-content\/uploads\/sites\/49\/2017\/01\/20170124__1485266208_cFEIE87Aa.jpg\" alt=\"\" width=\"600\" height=\"800\" srcset=\"https:\/\/static-blogs.diariosur.es\/wp-content\/uploads\/sites\/49\/2017\/01\/20170124__1485266208_cFEIE87Aa.jpg 600w, https:\/\/static-blogs.diariosur.es\/wp-content\/uploads\/sites\/49\/2017\/01\/20170124__1485266208_cFEIE87Aa-225x300.jpg 225w\" sizes=\"(max-width: 600px) 100vw, 600px\" \/><\/a><\/p>\n<p style=\"text-align: center;\"><a href=\"\/pasarelaurbana\/wp-content\/uploads\/sites\/49\/2017\/01\/20170124__1485266208_iBkr3.jpg\"><img loading=\"lazy\" class=\"aligncenter size-full wp-image-9781\" title=\"20170124__1485266208_iBkr3\" src=\"\/pasarelaurbana\/wp-content\/uploads\/sites\/49\/2017\/01\/20170124__1485266208_iBkr3.jpg\" alt=\"\" width=\"600\" height=\"600\" srcset=\"https:\/\/static-blogs.diariosur.es\/wp-content\/uploads\/sites\/49\/2017\/01\/20170124__1485266208_iBkr3.jpg 600w, https:\/\/static-blogs.diariosur.es\/wp-content\/uploads\/sites\/49\/2017\/01\/20170124__1485266208_iBkr3-150x150.jpg 150w, https:\/\/static-blogs.diariosur.es\/wp-content\/uploads\/sites\/49\/2017\/01\/20170124__1485266208_iBkr3-300x300.jpg 300w\" sizes=\"(max-width: 600px) 100vw, 600px\" \/><\/a><\/p>\n<p style=\"text-align: center;\"><a href=\"\/pasarelaurbana\/wp-content\/uploads\/sites\/49\/2017\/01\/jotecinco.jpg\"><img loading=\"lazy\" class=\"aligncenter size-full wp-image-9793\" title=\"jotecinco\" src=\"\/pasarelaurbana\/wp-content\/uploads\/sites\/49\/2017\/01\/jotecinco.jpg\" alt=\"\" width=\"600\" height=\"800\" srcset=\"https:\/\/static-blogs.diariosur.es\/wp-content\/uploads\/sites\/49\/2017\/01\/jotecinco.jpg 600w, https:\/\/static-blogs.diariosur.es\/wp-content\/uploads\/sites\/49\/2017\/01\/jotecinco-225x300.jpg 225w\" sizes=\"(max-width: 600px) 100vw, 600px\" \/><\/a><\/p>\n<p style=\"text-align: center;\"><a href=\"\/pasarelaurbana\/wp-content\/uploads\/sites\/49\/2017\/01\/20170124__1485266208_eg2Vvm.jpg\"><img loading=\"lazy\" class=\"aligncenter size-full wp-image-9777\" title=\"20170124__1485266208_eg2Vvm\" src=\"\/pasarelaurbana\/wp-content\/uploads\/sites\/49\/2017\/01\/20170124__1485266208_eg2Vvm.jpg\" alt=\"\" width=\"600\" height=\"600\" srcset=\"https:\/\/static-blogs.diariosur.es\/wp-content\/uploads\/sites\/49\/2017\/01\/20170124__1485266208_eg2Vvm.jpg 600w, https:\/\/static-blogs.diariosur.es\/wp-content\/uploads\/sites\/49\/2017\/01\/20170124__1485266208_eg2Vvm-150x150.jpg 150w, https:\/\/static-blogs.diariosur.es\/wp-content\/uploads\/sites\/49\/2017\/01\/20170124__1485266208_eg2Vvm-300x300.jpg 300w\" sizes=\"(max-width: 600px) 100vw, 600px\" \/><\/a><\/p>\n<p style=\"text-align: center;\">Un dos piezas de chaqueta y bermudas de cuadros de Zara constituye su original apuesta para acudir a un evento, \u00abque es donde arrisgo m\u00e1s\u00bb, confiesa. Remata el \u2018outfit\u2019 con camisa blanca, reloj dorado y zapatos oscuros.<\/p>\n<p style=\"text-align: center;\"><strong>SUS B\u00c1SICOS<\/strong><\/p>\n<p style=\"text-align: center;\"><a href=\"\/pasarelaurbana\/wp-content\/uploads\/sites\/49\/2017\/01\/20170124__1485266208_rVmcd1zV3I.jpg\"><img loading=\"lazy\" class=\"aligncenter size-full wp-image-9786\" title=\"20170124__1485266208_rVmcd1zV3I\" src=\"\/pasarelaurbana\/wp-content\/uploads\/sites\/49\/2017\/01\/20170124__1485266208_rVmcd1zV3I.jpg\" alt=\"\" width=\"600\" height=\"600\" srcset=\"https:\/\/static-blogs.diariosur.es\/wp-content\/uploads\/sites\/49\/2017\/01\/20170124__1485266208_rVmcd1zV3I.jpg 600w, https:\/\/static-blogs.diariosur.es\/wp-content\/uploads\/sites\/49\/2017\/01\/20170124__1485266208_rVmcd1zV3I-150x150.jpg 150w, https:\/\/static-blogs.diariosur.es\/wp-content\/uploads\/sites\/49\/2017\/01\/20170124__1485266208_rVmcd1zV3I-300x300.jpg 300w\" sizes=\"(max-width: 600px) 100vw, 600px\" \/><\/a><\/p>\n<p style=\"text-align: center;\">\u00a0En su vestidor no faltan los chinos, las camisetas con mensajes (las de la foto son de F\u00fcgite) y las deportivas llamativas. Tampoco sale de casa sin gafas.<\/p>\n<p style=\"text-align: center;\"><a href=\"\/pasarelaurbana\/wp-content\/uploads\/sites\/49\/2017\/01\/20170124__1485266208_EGOv.jpg\"><img loading=\"lazy\" class=\"aligncenter size-full wp-image-9778\" title=\"20170124__1485266208_EGOv\" src=\"\/pasarelaurbana\/wp-content\/uploads\/sites\/49\/2017\/01\/20170124__1485266208_EGOv.jpg\" alt=\"\" width=\"600\" height=\"600\" srcset=\"https:\/\/static-blogs.diariosur.es\/wp-content\/uploads\/sites\/49\/2017\/01\/20170124__1485266208_EGOv.jpg 600w, https:\/\/static-blogs.diariosur.es\/wp-content\/uploads\/sites\/49\/2017\/01\/20170124__1485266208_EGOv-150x150.jpg 150w, https:\/\/static-blogs.diariosur.es\/wp-content\/uploads\/sites\/49\/2017\/01\/20170124__1485266208_EGOv-300x300.jpg 300w\" sizes=\"(max-width: 600px) 100vw, 600px\" \/><\/a><\/p>\n<p style=\"text-align: center;\">Relojes de Lotus. Marc Jacobs y Calvin Klein. Para Jote, son un complemento fundamental \u00abya que aportan un toque de distinci\u00f3n\u00bb, puntualiza.<\/p>\n<p style=\"text-align: center;\"><a href=\"\/pasarelaurbana\/wp-content\/uploads\/sites\/49\/2017\/01\/20170124__1485266208_V8Lfy.jpg\"><img loading=\"lazy\" class=\"aligncenter size-full wp-image-9788\" title=\"20170124__1485266208_V8Lfy\" src=\"\/pasarelaurbana\/wp-content\/uploads\/sites\/49\/2017\/01\/20170124__1485266208_V8Lfy.jpg\" alt=\"\" width=\"600\" height=\"600\" srcset=\"https:\/\/static-blogs.diariosur.es\/wp-content\/uploads\/sites\/49\/2017\/01\/20170124__1485266208_V8Lfy.jpg 600w, https:\/\/static-blogs.diariosur.es\/wp-content\/uploads\/sites\/49\/2017\/01\/20170124__1485266208_V8Lfy-150x150.jpg 150w, https:\/\/static-blogs.diariosur.es\/wp-content\/uploads\/sites\/49\/2017\/01\/20170124__1485266208_V8Lfy-300x300.jpg 300w\" sizes=\"(max-width: 600px) 100vw, 600px\" \/><\/a><\/p>\n<p style=\"text-align: center;\">\u00a0\u00abLos pa\u00f1uelos son imprescindibles para mi en invierno\u00bb, dice. Los de la foto son de Zara, Celopman y Pull&#038;Bear.<\/p>\n<p style=\"text-align: center;\"><strong>SU RUTA DE TIENDAS<\/strong><\/p>\n<p style=\"text-align: center;\">1. <strong>Zara.<\/strong>\u00a0 \u00abEs parada obligada para b\u00e1sicos de fondo de armario\u00bb.<br \/>\n2.<strong> Mango.<\/strong>\u00a0 \u00abMe gusta su patronaje, sobre todo el de sus pantalones\u00bb.<br \/>\n3. <strong>H&#038;M.<\/strong> Todos sus calcetines los compra en esta franquicia o en Scalpers.<br \/>\n4. <strong>Nike.<\/strong> Es su firma favorita para zapatillas deportivas, claves en sus looks.<br \/>\n5. <strong>F\u00fcgite.<\/strong> Desde noviembre su propia marca de ropa copa sus outfits.<\/p>\n","protected":false},"excerpt":{"rendered":"<p>Su infancia la recuerda entre hilos, agujas y patrones. Pegado a las mujeres de su familia, todas ellas aficionadas a la costura. \u00abJunto a ellas me pasaba las tardes, a la espera de que a mi madre, a mi t\u00eda o a mi abuela se les cayera un retal de tela para jugar\u00bb. A Jote [&hellip;]<\/p>\n","protected":false},"author":54,"featured_media":0,"comment_status":"open","ping_status":"open","sticky":false,"template":"","format":"standard","meta":[],"categories":[2],"tags":[],"_links":{"self":[{"href":"https:\/\/blogs.diariosur.es\/pasarelaurbana\/wp-json\/wp\/v2\/posts\/9773"}],"collection":[{"href":"https:\/\/blogs.diariosur.es\/pasarelaurbana\/wp-json\/wp\/v2\/posts"}],"about":[{"href":"https:\/\/blogs.diariosur.es\/pasarelaurbana\/wp-json\/wp\/v2\/types\/post"}],"author":[{"embeddable":true,"href":"https:\/\/blogs.diariosur.es\/pasarelaurbana\/wp-json\/wp\/v2\/users\/54"}],"replies":[{"embeddable":true,"href":"https:\/\/blogs.diariosur.es\/pasarelaurbana\/wp-json\/wp\/v2\/comments?post=9773"}],"version-history":[{"count":0,"href":"https:\/\/blogs.diariosur.es\/pasarelaurbana\/wp-json\/wp\/v2\/posts\/9773\/revisions"}],"wp:attachment":[{"href":"https:\/\/blogs.diariosur.es\/pasarelaurbana\/wp-json\/wp\/v2\/media?parent=9773"}],"wp:term":[{"taxonomy":"category","embeddable":true,"href":"https:\/\/blogs.diariosur.es\/pasarelaurbana\/wp-json\/wp\/v2\/categories?post=9773"},{"taxonomy":"post_tag","embeddable":true,"href":"https:\/\/blogs.diariosur.es\/pasarelaurbana\/wp-json\/wp\/v2\/tags?post=9773"}],"curies":[{"name":"wp","href":"https:\/\/api.w.org\/{rel}","templated":true}]}}