{"id":9800,"date":"2017-02-06T14:59:13","date_gmt":"2017-02-06T13:59:13","guid":{"rendered":"http:\/\/blogs.diariosur.es\/pasarelaurbana\/?p=9800"},"modified":"2017-02-06T14:59:13","modified_gmt":"2017-02-06T13:59:13","slug":"bienvenido-seas-color","status":"publish","type":"post","link":"https:\/\/blogs.diariosur.es\/pasarelaurbana\/2017\/02\/06\/bienvenido-seas-color\/","title":{"rendered":"Bienvenido seas, color"},"content":{"rendered":"<p style=\"text-align: center;\"><a href=\"\/pasarelaurbana\/wp-content\/uploads\/sites\/49\/2017\/02\/combo-modaokk.jpg\"><img loading=\"lazy\" class=\"aligncenter  wp-image-9821\" title=\"combo-modaokk\" src=\"\/pasarelaurbana\/wp-content\/uploads\/sites\/49\/2017\/02\/combo-modaokk.jpg\" alt=\"\" width=\"600\" height=\"600\" srcset=\"https:\/\/static-blogs.diariosur.es\/wp-content\/uploads\/sites\/49\/2017\/02\/combo-modaokk.jpg 600w, https:\/\/static-blogs.diariosur.es\/wp-content\/uploads\/sites\/49\/2017\/02\/combo-modaokk-150x150.jpg 150w, https:\/\/static-blogs.diariosur.es\/wp-content\/uploads\/sites\/49\/2017\/02\/combo-modaokk-300x300.jpg 300w\" sizes=\"(max-width: 600px) 100vw, 600px\" \/><\/a><\/p>\n<p style=\"text-align: center;\">Al fr\u00edo invierno, pildorazos de color. Algo as\u00ed como a mal tiempo, buena cara&#8230; Y es que nada m\u00e1s favorecedor que optar por los tonos m\u00e1s vibrantes de la paleta para alegrar los d\u00edas grises. Dejarse arrastrar por la tediosa monoton\u00eda crom\u00e1tica que suele reinar en los meses de oto\u00f1o-invierno es f\u00e1cil. Sin embargo, arriesgar y atreverse con tonos vivos o con delicados pasteles tiene su recompensa. El resultado son \u2018looks\u2019 diferentes que no pasan desapercibidos y que aportan un soplo de aire fresco, que se agradece.<br \/>\nHay vida m\u00e1s all\u00e1 de los negros, grises o marrones. Y por suerte las tiendas \u2018low cost\u2019 cada vez ofrecen m\u00e1s opciones en este sentido. Esta temporada los percheros se han rendido a colores tradicionalmente reservados a los meses c\u00e1lidos siguiendo los dictados de Pantone. \u00bfSu m\u00e1xima? Que este invierno el \u2018street style\u2019 se ti\u00f1a de tonalidades que transmitan tranquilidad, fuerza y optimismo, valores que han inspirado una paleta crom\u00e1tica con fuerte presencia del azul junto a tonos tierra y tonalidades llenas de energ\u00eda.<br \/>\nSi quieres triunfar, apuesta por el rosa, el amarillo mostaza, el celeste, el naranja o por cualquier metalizado. El truco est\u00e1 en combinarlos con tonos neutros para compensar y crear equilibrio o reservar la pincelada a alg\u00fan complemento. \u00bfUn buen ejemplo? Estos \u2018looks\u2019 fichados en las calles de M\u00e1laga.<!--more--><\/p>\n<p style=\"text-align: center;\"><a href=\"\/pasarelaurbana\/wp-content\/uploads\/sites\/49\/2017\/02\/color-pasarela-2.jpg\"><img loading=\"lazy\" class=\"aligncenter  wp-image-9797\" title=\"color-pasarela (2)\" src=\"\/pasarelaurbana\/wp-content\/uploads\/sites\/49\/2017\/02\/color-pasarela-2.jpg\" alt=\"\" width=\"600\" height=\"800\" srcset=\"https:\/\/static-blogs.diariosur.es\/wp-content\/uploads\/sites\/49\/2017\/02\/color-pasarela-2.jpg 600w, https:\/\/static-blogs.diariosur.es\/wp-content\/uploads\/sites\/49\/2017\/02\/color-pasarela-2-225x300.jpg 225w\" sizes=\"(max-width: 600px) 100vw, 600px\" \/><\/a><\/p>\n<p style=\"text-align: center;\"><a href=\"\/pasarelaurbana\/wp-content\/uploads\/sites\/49\/2017\/02\/botines-rosa.jpg\"><img loading=\"lazy\" class=\"aligncenter size-full wp-image-9824\" title=\"botines-rosa\" src=\"\/pasarelaurbana\/wp-content\/uploads\/sites\/49\/2017\/02\/botines-rosa.jpg\" alt=\"\" width=\"600\" height=\"800\" srcset=\"https:\/\/static-blogs.diariosur.es\/wp-content\/uploads\/sites\/49\/2017\/02\/botines-rosa.jpg 600w, https:\/\/static-blogs.diariosur.es\/wp-content\/uploads\/sites\/49\/2017\/02\/botines-rosa-225x300.jpg 225w\" sizes=\"(max-width: 600px) 100vw, 600px\" \/><\/a><\/p>\n<p style=\"text-align: center;\"><span style=\"text-decoration: underline;\">Rosa y negro, una pareja ganadora<\/span><br \/>\nEl invierno es gris. Y en mitad de tantos tonos oscuros se agradecen soplos de aire fresco. Pinceladas de color que dan vida al \u2018street style\u2019 y alegran la estampa urbana. \u00bfDispuesta a lucir un \u2018look\u2019 colorista? Pues apunta esta apuesta segura: negro y rosa. Una pareja muy bien avenida y de plena tendencia. Y es que el negro es un tono sobrio ideal para elegir de base en b\u00e1sicos de fondo de armario y complementarlo con otras prendas de tonalidades m\u00e1s llamativas que marquen la diferencia. Nos gusta el ejemplo de Covadonga Fern\u00e1ndez. El pasado martes, esta estudiante de Derecho de 25 a\u00f1os se decant\u00f3 para una reuni\u00f3n de trabajo por un \u2018look\u2019 en ambos colores, que en su caso complet\u00f3 con un tercer ingrediente: el denim presente en su bomber (con bastante acierto). \u00bfEl resultado? Un \u2018outfit\u2019 sofisticado y juvenil que no pasa inadvertido. El rosa \u2013presente en las botas y en la sudadera\u2013 es el color de moda y esta temporada ya apunta maneras (la pr\u00f3xima primavera promete ser un \u2018boom\u2019). El negro lo suaviza y equilibra el \u2018look\u2019 final, de diez.<\/p>\n<p style=\"text-align: center;\">Camisa: Bershka.<\/p>\n<p style=\"text-align: center;\">Sudadera: H&#038;M.<\/p>\n<p style=\"text-align: center;\">Pantalones: Mango.<\/p>\n<p style=\"text-align: center;\">Botines y bomber: Zara.<\/p>\n<p style=\"text-align: center;\">Bolso: Longchamp.<\/p>\n<p style=\"text-align: center;\">Gafas: RayBan.<\/p>\n<p><a href=\"\/pasarelaurbana\/wp-content\/uploads\/sites\/49\/2017\/02\/naranja.jpg\"><img loading=\"lazy\" class=\"aligncenter size-full wp-image-9823\" title=\"naranja\" src=\"\/pasarelaurbana\/wp-content\/uploads\/sites\/49\/2017\/02\/naranja.jpg\" alt=\"\" width=\"600\" height=\"800\" srcset=\"https:\/\/static-blogs.diariosur.es\/wp-content\/uploads\/sites\/49\/2017\/02\/naranja.jpg 600w, https:\/\/static-blogs.diariosur.es\/wp-content\/uploads\/sites\/49\/2017\/02\/naranja-225x300.jpg 225w\" sizes=\"(max-width: 600px) 100vw, 600px\" \/><\/a><\/p>\n<p style=\"text-align: center;\"><a href=\"\/pasarelaurbana\/wp-content\/uploads\/sites\/49\/2017\/02\/tenis-naranja.jpg\"><img loading=\"lazy\" class=\"aligncenter size-full wp-image-9825\" title=\"tenis-naranja\" src=\"\/pasarelaurbana\/wp-content\/uploads\/sites\/49\/2017\/02\/tenis-naranja.jpg\" alt=\"\" width=\"600\" height=\"800\" srcset=\"https:\/\/static-blogs.diariosur.es\/wp-content\/uploads\/sites\/49\/2017\/02\/tenis-naranja.jpg 600w, https:\/\/static-blogs.diariosur.es\/wp-content\/uploads\/sites\/49\/2017\/02\/tenis-naranja-225x300.jpg 225w\" sizes=\"(max-width: 600px) 100vw, 600px\" \/><\/a><\/p>\n<p style=\"text-align: center;\"><span style=\"text-decoration: underline;\">\u00a0Ojo al naranja, esta primavera arrasar\u00e1<\/span><br \/>\nEl color m\u00e1s vitam\u00ednico de la paleta pide pista. El naranja llega pisando fuerte cara a la pr\u00f3xima primavera, como se evidencia en las nuevas colecciones reci\u00e9n salidas del horno que est\u00e1n llegando estos d\u00edas a las tiendas. Patricia Subiris, una profesora de Educaci\u00f3n F\u00edsica de 50 a\u00f1os, opta por un fular en este tono para aportar luz a un \u2018look\u2019 \u2018sporty chic\u2019 de base negra. \u00abPara m\u00ed el color es imprescindible e intento incorporarlo siempre de alguna manera\u00bb, destaca. En su caso acierta con un mono de cuero combinado con camisa vaquera y deportivas grises. Un \u2018outfit\u2019 c\u00f3modo y estiloso.<\/p>\n<p style=\"text-align: center;\">Mono de cuero: Forever21.<\/p>\n<p style=\"text-align: center;\">Blazer: Urban Outfitters.<\/p>\n<p style=\"text-align: center;\">Pa\u00f1uelo: De su fondo de armario.<\/p>\n<p style=\"text-align: center;\">Deportivas: Converse.<\/p>\n<p style=\"text-align: center;\">Bolso: Oysho.<\/p>\n<p style=\"text-align: center;\"><a href=\"\/pasarelaurbana\/wp-content\/uploads\/sites\/49\/2017\/02\/color-pasarela-1.jpg\"><img loading=\"lazy\" class=\"aligncenter size-full wp-image-9796\" title=\"color-pasarela (1)\" src=\"\/pasarelaurbana\/wp-content\/uploads\/sites\/49\/2017\/02\/color-pasarela-1.jpg\" alt=\"\" width=\"600\" height=\"800\" srcset=\"https:\/\/static-blogs.diariosur.es\/wp-content\/uploads\/sites\/49\/2017\/02\/color-pasarela-1.jpg 600w, https:\/\/static-blogs.diariosur.es\/wp-content\/uploads\/sites\/49\/2017\/02\/color-pasarela-1-225x300.jpg 225w\" sizes=\"(max-width: 600px) 100vw, 600px\" \/><\/a><\/p>\n<p style=\"text-align: center;\"><a href=\"\/pasarelaurbana\/wp-content\/uploads\/sites\/49\/2017\/02\/manoletinas-rosa.jpg\"><img loading=\"lazy\" class=\"aligncenter size-full wp-image-9826\" title=\"manoletinas-rosa\" src=\"\/pasarelaurbana\/wp-content\/uploads\/sites\/49\/2017\/02\/manoletinas-rosa.jpg\" alt=\"\" width=\"600\" height=\"800\" srcset=\"https:\/\/static-blogs.diariosur.es\/wp-content\/uploads\/sites\/49\/2017\/02\/manoletinas-rosa.jpg 600w, https:\/\/static-blogs.diariosur.es\/wp-content\/uploads\/sites\/49\/2017\/02\/manoletinas-rosa-225x300.jpg 225w\" sizes=\"(max-width: 600px) 100vw, 600px\" \/><\/a><\/p>\n<p style=\"text-align: center;\"><span style=\"text-decoration: underline;\">Los tonos pasteles, tambi\u00e9n contra el fr\u00edo<\/span><br \/>\nSon delicados, femeninos, rom\u00e1nticos&#8230; y 100% favorecedores. As\u00ed que, \u00bfpor qu\u00e9 renunciar a ellos durante los meses de m\u00e1s fr\u00edo? Los colores pasteles siempre son un acierto, sea la estaci\u00f3n que sea. Marisa G\u00e1mez, una t\u00e9cnico en farmacia , se rinde a esta paleta para un \u2018look\u2019 de diario. As\u00ed, esta malague\u00f1a de 36 a\u00f1os elige para ir a trabajar un vestido sudadera con aplicaciones de cristal de Zara Ni\u00f1os que combina con abrigo celeste y manoletinas nude (imprescindibles esta temporada).<\/p>\n<p style=\"text-align: center;\">Vestido: Zara Kids.<\/p>\n<p style=\"text-align: center;\">Abrigo: NewLook.<\/p>\n<p style=\"text-align: center;\">Manoletinas: H&#038;M.<\/p>\n<p style=\"text-align: center;\">Gafas: RayBan.<\/p>\n<p style=\"text-align: center;\"><a href=\"\/pasarelaurbana\/wp-content\/uploads\/sites\/49\/2017\/02\/cuadros.jpg\"><img loading=\"lazy\" class=\"aligncenter  wp-image-9822\" title=\"cuadros\" src=\"\/pasarelaurbana\/wp-content\/uploads\/sites\/49\/2017\/02\/cuadros.jpg\" alt=\"\" width=\"600\" height=\"800\" srcset=\"https:\/\/static-blogs.diariosur.es\/wp-content\/uploads\/sites\/49\/2017\/02\/cuadros.jpg 600w, https:\/\/static-blogs.diariosur.es\/wp-content\/uploads\/sites\/49\/2017\/02\/cuadros-225x300.jpg 225w\" sizes=\"(max-width: 600px) 100vw, 600px\" \/><\/a><\/p>\n<p style=\"text-align: center;\"><a href=\"\/pasarelaurbana\/wp-content\/uploads\/sites\/49\/2017\/02\/botas.jpg\"><img loading=\"lazy\" class=\"aligncenter size-full wp-image-9827\" title=\"botas\" src=\"\/pasarelaurbana\/wp-content\/uploads\/sites\/49\/2017\/02\/botas.jpg\" alt=\"\" width=\"600\" height=\"800\" srcset=\"https:\/\/static-blogs.diariosur.es\/wp-content\/uploads\/sites\/49\/2017\/02\/botas.jpg 600w, https:\/\/static-blogs.diariosur.es\/wp-content\/uploads\/sites\/49\/2017\/02\/botas-225x300.jpg 225w\" sizes=\"(max-width: 600px) 100vw, 600px\" \/><\/a><\/p>\n<p style=\"text-align: center;\"><span style=\"text-decoration: underline;\">Un \u2018look\u2019 de base cl\u00e1sica con gui\u00f1os<\/span><br \/>\nLa propuesta de Pilar Mart\u00ednez rompe con el color de los otros \u2018looks\u2019 que ilustran esta p\u00e1gina. Sin embargo, nos gusta la apuesta de esta abogada de 39 a\u00f1os porque es un ejemplo de que recurriendo a los tonos m\u00e1s sobrios y pese a llevar una base cl\u00e1sica se pueden incorporar gui\u00f1os actuales que hagan especial el \u2018outfit\u2019. Nos gustan sus botas de pelo y su bolso, hecho por la empresa espa\u00f1ola Ecoalf, que convierte residuos en ropa.<\/p>\n<p style=\"text-align: center;\">Blazer: Sandro.<\/p>\n<p style=\"text-align: center;\">Jersey: Maje.<\/p>\n<p style=\"text-align: center;\">Pantalones: Dr. Denim.<\/p>\n<p style=\"text-align: center;\">Botas: 220V.<\/p>\n<p style=\"text-align: center;\">Bolso: Ecoalf.<\/p>\n<p style=\"text-align: center;\">Gafas: Tom Ford.<\/p>\n<p style=\"text-align: center;\">Colgantes: Takahashi.<\/p>\n","protected":false},"excerpt":{"rendered":"<p>Al fr\u00edo invierno, pildorazos de color. Algo as\u00ed como a mal tiempo, buena cara&#8230; Y es que nada m\u00e1s favorecedor que optar por los tonos m\u00e1s vibrantes de la paleta para alegrar los d\u00edas grises. Dejarse arrastrar por la tediosa monoton\u00eda crom\u00e1tica que suele reinar en los meses de oto\u00f1o-invierno es f\u00e1cil. Sin embargo, arriesgar [&hellip;]<\/p>\n","protected":false},"author":54,"featured_media":0,"comment_status":"open","ping_status":"open","sticky":false,"template":"","format":"standard","meta":[],"categories":[2],"tags":[],"_links":{"self":[{"href":"https:\/\/blogs.diariosur.es\/pasarelaurbana\/wp-json\/wp\/v2\/posts\/9800"}],"collection":[{"href":"https:\/\/blogs.diariosur.es\/pasarelaurbana\/wp-json\/wp\/v2\/posts"}],"about":[{"href":"https:\/\/blogs.diariosur.es\/pasarelaurbana\/wp-json\/wp\/v2\/types\/post"}],"author":[{"embeddable":true,"href":"https:\/\/blogs.diariosur.es\/pasarelaurbana\/wp-json\/wp\/v2\/users\/54"}],"replies":[{"embeddable":true,"href":"https:\/\/blogs.diariosur.es\/pasarelaurbana\/wp-json\/wp\/v2\/comments?post=9800"}],"version-history":[{"count":0,"href":"https:\/\/blogs.diariosur.es\/pasarelaurbana\/wp-json\/wp\/v2\/posts\/9800\/revisions"}],"wp:attachment":[{"href":"https:\/\/blogs.diariosur.es\/pasarelaurbana\/wp-json\/wp\/v2\/media?parent=9800"}],"wp:term":[{"taxonomy":"category","embeddable":true,"href":"https:\/\/blogs.diariosur.es\/pasarelaurbana\/wp-json\/wp\/v2\/categories?post=9800"},{"taxonomy":"post_tag","embeddable":true,"href":"https:\/\/blogs.diariosur.es\/pasarelaurbana\/wp-json\/wp\/v2\/tags?post=9800"}],"curies":[{"name":"wp","href":"https:\/\/api.w.org\/{rel}","templated":true}]}}