{"id":9829,"date":"2017-02-11T01:15:44","date_gmt":"2017-02-11T00:15:44","guid":{"rendered":"http:\/\/blogs.diariosur.es\/pasarelaurbana\/?p=9829"},"modified":"2017-02-11T01:15:44","modified_gmt":"2017-02-11T00:15:44","slug":"el-armario-lady-de-conchita-caro-la-creadora-de-bambary","status":"publish","type":"post","link":"https:\/\/blogs.diariosur.es\/pasarelaurbana\/2017\/02\/11\/el-armario-lady-de-conchita-caro-la-creadora-de-bambary\/","title":{"rendered":"El armario &#039;lady&#039; de Conchita Caro, la creadora de Bambary"},"content":{"rendered":"<p><a href=\"\/pasarelaurbana\/wp-content\/uploads\/sites\/49\/2017\/02\/bambary-13.jpg\"><img loading=\"lazy\" class=\"aligncenter  wp-image-9842\" title=\"bambary (13)\" src=\"\/pasarelaurbana\/wp-content\/uploads\/sites\/49\/2017\/02\/bambary-13.jpg\" alt=\"\" width=\"600\" height=\"800\" srcset=\"https:\/\/static-blogs.diariosur.es\/wp-content\/uploads\/sites\/49\/2017\/02\/bambary-13.jpg 600w, https:\/\/static-blogs.diariosur.es\/wp-content\/uploads\/sites\/49\/2017\/02\/bambary-13-225x300.jpg 225w\" sizes=\"(max-width: 600px) 100vw, 600px\" \/><\/a><\/p>\n<p style=\"text-align: center;\">El tiempo de reposo durante un embarazo complicado cambi\u00f3 su vida. Fue hace ocho a\u00f1os. Las horas muertas esperando su segunda hija le hicieron plantearse su futuro profesional. Por aquel entonces la construcci\u00f3n viv\u00eda sus horas m\u00e1s bajas y esta interiorista decidi\u00f3 que hab\u00eda llegado el momento de dar carpetazo al que era su empleo y meterse en un charlo en el que siempre hab\u00eda so\u00f1ado chapotear, el de la moda. \u00abDesde muy joven me ha vuelto loca crear estilismos. Es algo que me chifla.\u00a0 Y decid\u00ed que hab\u00eda llegado la hora de dedicarme a mi pasi\u00f3n\u00bb, explica Conchita Caro. As\u00ed, tras formarse en Par\u00eds, Londres o Madrid, \u00abrodeada de los mejores\u00bb, esta malague\u00f1a cre\u00f3 su propia firma de sombrerer\u00eda, joyas y bordados: Bambary. Todo un homenaje a su abuelo Antonio. \u00abEra un hombre s\u00faper elegante que siempre iba con sombrero, as\u00ed que us\u00e9 su apodo para bautizar mi marca, \u00bfqui\u00e9n mejor?\u00bb.<br \/>\nPara su sorpresa, a la semana de poner a la venta su primera colecci\u00f3n en una boutique del Centro, recibi\u00f3 una llamada inesperada: Lorenzo Caprile quer\u00eda conocerla. Y no ha sido el \u00fanico. Hoy d\u00eda, sus creaciones acompa\u00f1an tanto los looks del madrile\u00f1o como los de las mejores agujas locales. E incluso ha tenido la oportunidad de trabajar codo con codo con Valentino, \u00abfue una experiencia incre\u00edble\u00bb, apunta.<br \/>\nSus dise\u00f1os, dirigidos a una mujer hiperfemenina y sofisticada, tienen ese halo de romanticismo que tambi\u00e9n domina su armario. De hecho, si hay un estilo que la define ese es el \u2018lady\u2019. En sus \u2018outfits\u2019 no faltan pues los pantalones culotte de talle alto, las faldas midi que marquen cintura, las maxi rebecas, los zapatos de tac\u00f3n -de los que solo se baja los fines de semana- o las blusas. Las camisas blancas son una de sus debilidades. \u00abMe gustan un poco abiertas dejando asomar un top lencero\u00bb, sostiene. \u00bfSu fuerte? Las mezclas. Jugar a combinar prendas de distintos estilos. \u00abEs lo m\u00e1s arriesgado, lo que m\u00e1s me divierte y lo que al final marca la diferencia&#8230;y en ese sentido yo no tengo miedo\u00bb.<br \/>\nLos complementos son la piedra angular de sus estilismos -\u00abMe encanta pesonalizarlo todo con aplicaciones, broches, etc\u00bb- y los bolsos y los collares largos son su debilidad. \u00abUn buen accesorio es la columna vertebral de un look\u00bb, concluye.<\/p>\n<p style=\"text-align: center;\">Os dejo con sus &#8216;outfits&#8217; al detalle. \u00a1Feliz fin de semana!<\/p>\n<p style=\"text-align: center;\"><!--more--><\/p>\n<p style=\"text-align: center;\"><strong>LOOK DE D\u00cdA.<\/strong> El &#8216;navy&#8217; m\u00e1s chic: camisa blanca con pantal\u00f3n culotte, blazer y bolso rojo<\/p>\n<p style=\"text-align: center;\"><a href=\"\/pasarelaurbana\/wp-content\/uploads\/sites\/49\/2017\/02\/bambary-5.jpg\"><img loading=\"lazy\" class=\"aligncenter size-full wp-image-9834\" title=\"bambary (5)\" src=\"\/pasarelaurbana\/wp-content\/uploads\/sites\/49\/2017\/02\/bambary-5.jpg\" alt=\"\" width=\"600\" height=\"800\" srcset=\"https:\/\/static-blogs.diariosur.es\/wp-content\/uploads\/sites\/49\/2017\/02\/bambary-5.jpg 600w, https:\/\/static-blogs.diariosur.es\/wp-content\/uploads\/sites\/49\/2017\/02\/bambary-5-225x300.jpg 225w\" sizes=\"(max-width: 600px) 100vw, 600px\" \/><\/a><\/p>\n<p style=\"text-align: center;\"><a href=\"\/pasarelaurbana\/wp-content\/uploads\/sites\/49\/2017\/02\/masbambary-8.jpg\"><img loading=\"lazy\" class=\"aligncenter size-full wp-image-9850\" title=\"masbambary (8)\" src=\"\/pasarelaurbana\/wp-content\/uploads\/sites\/49\/2017\/02\/masbambary-8.jpg\" alt=\"\" width=\"600\" height=\"450\" srcset=\"https:\/\/static-blogs.diariosur.es\/wp-content\/uploads\/sites\/49\/2017\/02\/masbambary-8.jpg 600w, https:\/\/static-blogs.diariosur.es\/wp-content\/uploads\/sites\/49\/2017\/02\/masbambary-8-300x225.jpg 300w\" sizes=\"(max-width: 600px) 100vw, 600px\" \/><\/a><\/p>\n<p style=\"text-align: center;\"><a href=\"\/pasarelaurbana\/wp-content\/uploads\/sites\/49\/2017\/02\/bolsorojo.jpg\"><img loading=\"lazy\" class=\"aligncenter size-full wp-image-9856\" title=\"bolsorojo\" src=\"\/pasarelaurbana\/wp-content\/uploads\/sites\/49\/2017\/02\/bolsorojo.jpg\" alt=\"\" width=\"600\" height=\"800\" srcset=\"https:\/\/static-blogs.diariosur.es\/wp-content\/uploads\/sites\/49\/2017\/02\/bolsorojo.jpg 600w, https:\/\/static-blogs.diariosur.es\/wp-content\/uploads\/sites\/49\/2017\/02\/bolsorojo-225x300.jpg 225w\" sizes=\"(max-width: 600px) 100vw, 600px\" \/><\/a><\/p>\n<p style=\"text-align: center;\"><a href=\"\/pasarelaurbana\/wp-content\/uploads\/sites\/49\/2017\/02\/camisados.jpg\"><img loading=\"lazy\" class=\"aligncenter size-full wp-image-9859\" title=\"camisados\" src=\"\/pasarelaurbana\/wp-content\/uploads\/sites\/49\/2017\/02\/camisados.jpg\" alt=\"\" width=\"600\" height=\"800\" srcset=\"https:\/\/static-blogs.diariosur.es\/wp-content\/uploads\/sites\/49\/2017\/02\/camisados.jpg 600w, https:\/\/static-blogs.diariosur.es\/wp-content\/uploads\/sites\/49\/2017\/02\/camisados-225x300.jpg 225w\" sizes=\"(max-width: 600px) 100vw, 600px\" \/><\/a><\/p>\n<p style=\"text-align: center;\"><a href=\"\/pasarelaurbana\/wp-content\/uploads\/sites\/49\/2017\/02\/zapatosok.jpg\"><img loading=\"lazy\" class=\"aligncenter size-full wp-image-9860\" title=\"zapatosok\" src=\"\/pasarelaurbana\/wp-content\/uploads\/sites\/49\/2017\/02\/zapatosok.jpg\" alt=\"\" width=\"600\" height=\"800\" srcset=\"https:\/\/static-blogs.diariosur.es\/wp-content\/uploads\/sites\/49\/2017\/02\/zapatosok.jpg 600w, https:\/\/static-blogs.diariosur.es\/wp-content\/uploads\/sites\/49\/2017\/02\/zapatosok-225x300.jpg 225w\" sizes=\"(max-width: 600px) 100vw, 600px\" \/><\/a><\/p>\n<p style=\"text-align: center;\"><a href=\"\/pasarelaurbana\/wp-content\/uploads\/sites\/49\/2017\/02\/zoomdos.jpg\"><img loading=\"lazy\" class=\"aligncenter size-full wp-image-9861\" title=\"zoomdos\" src=\"\/pasarelaurbana\/wp-content\/uploads\/sites\/49\/2017\/02\/zoomdos.jpg\" alt=\"\" width=\"600\" height=\"800\" srcset=\"https:\/\/static-blogs.diariosur.es\/wp-content\/uploads\/sites\/49\/2017\/02\/zoomdos.jpg 600w, https:\/\/static-blogs.diariosur.es\/wp-content\/uploads\/sites\/49\/2017\/02\/zoomdos-225x300.jpg 225w\" sizes=\"(max-width: 600px) 100vw, 600px\" \/><\/a><\/p>\n<p style=\"text-align: center;\">Su apuesta para un \u2018outfit\u2019 de d\u00eda: camisa blanca y culotte azul de Uterq\u00fce, blazer y cintur\u00f3n de Massimo Dutti, bolso rojo Michael Kors y salones Gloria Ortiz. Completa la propuesta con dos accesorios protagonistas: un precioso broche de aires vintage de su firma y unas llamativas gafas de ojos de gata de Fendi. El collar es de Bimba y Lola.<\/p>\n<p style=\"text-align: center;\"><strong>PARA UNA CITA A MEDIA TARDE:<\/strong><\/p>\n<p style=\"text-align: center;\"><a href=\"\/pasarelaurbana\/wp-content\/uploads\/sites\/49\/2017\/02\/bambary-2.jpg\"><img loading=\"lazy\" class=\"aligncenter  wp-image-9831\" title=\"bambary (2)\" src=\"\/pasarelaurbana\/wp-content\/uploads\/sites\/49\/2017\/02\/bambary-2.jpg\" alt=\"\" width=\"600\" height=\"800\" srcset=\"https:\/\/static-blogs.diariosur.es\/wp-content\/uploads\/sites\/49\/2017\/02\/bambary-2.jpg 600w, https:\/\/static-blogs.diariosur.es\/wp-content\/uploads\/sites\/49\/2017\/02\/bambary-2-225x300.jpg 225w\" sizes=\"(max-width: 600px) 100vw, 600px\" \/><\/a><\/p>\n<p style=\"text-align: center;\"><a href=\"\/pasarelaurbana\/wp-content\/uploads\/sites\/49\/2017\/02\/bolsotarde.jpg\"><img loading=\"lazy\" title=\"bolsotarde\" src=\"\/pasarelaurbana\/wp-content\/uploads\/sites\/49\/2017\/02\/bolsotarde.jpg\" alt=\"\" width=\"600\" height=\"600\" \/><\/a><\/p>\n<p style=\"text-align: center;\"><a href=\"\/pasarelaurbana\/wp-content\/uploads\/sites\/49\/2017\/02\/zoomtarde.jpg\"><img loading=\"lazy\" class=\"aligncenter  wp-image-9864\" title=\"zoomtarde\" src=\"\/pasarelaurbana\/wp-content\/uploads\/sites\/49\/2017\/02\/zoomtarde.jpg\" alt=\"\" width=\"600\" height=\"800\" srcset=\"https:\/\/static-blogs.diariosur.es\/wp-content\/uploads\/sites\/49\/2017\/02\/zoomtarde.jpg 600w, https:\/\/static-blogs.diariosur.es\/wp-content\/uploads\/sites\/49\/2017\/02\/zoomtarde-225x300.jpg 225w\" sizes=\"(max-width: 600px) 100vw, 600px\" \/><\/a><\/p>\n<p style=\"text-align: center;\">Para dar un paseo de tarde propone camisa blanca, rebec\u00f3n moteado en cobre y un original bolso-cofre de carey de Uterq\u00fce. Remata con falda midi de cuero de Zara y estola de pelo de El Corte Ingl\u00e9s (un b\u00e1sico de su fondo de armario al que saca mucho partido en invierno). Los pendientes son de Bimba y Lola.<\/p>\n<p style=\"text-align: center;\"><strong>SU APUESTA PARA SALIR A CENAR<\/strong>:\u00a0 Falda midi en gris con top crudo y chaqueta bordada<\/p>\n<p style=\"text-align: center;\"><a href=\"\/pasarelaurbana\/wp-content\/uploads\/sites\/49\/2017\/02\/bambary-1.jpg\"><img loading=\"lazy\" class=\"aligncenter  wp-image-9830\" title=\"bambary (1)\" src=\"\/pasarelaurbana\/wp-content\/uploads\/sites\/49\/2017\/02\/bambary-1.jpg\" alt=\"\" width=\"600\" height=\"800\" srcset=\"https:\/\/static-blogs.diariosur.es\/wp-content\/uploads\/sites\/49\/2017\/02\/bambary-1.jpg 600w, https:\/\/static-blogs.diariosur.es\/wp-content\/uploads\/sites\/49\/2017\/02\/bambary-1-225x300.jpg 225w\" sizes=\"(max-width: 600px) 100vw, 600px\" \/><\/a><\/p>\n<p style=\"text-align: center;\"><a href=\"\/pasarelaurbana\/wp-content\/uploads\/sites\/49\/2017\/02\/bambary-9.jpg\"><img loading=\"lazy\" class=\"aligncenter  wp-image-9838\" title=\"bambary (9)\" src=\"\/pasarelaurbana\/wp-content\/uploads\/sites\/49\/2017\/02\/bambary-9.jpg\" alt=\"\" width=\"600\" height=\"800\" srcset=\"https:\/\/static-blogs.diariosur.es\/wp-content\/uploads\/sites\/49\/2017\/02\/bambary-9.jpg 600w, https:\/\/static-blogs.diariosur.es\/wp-content\/uploads\/sites\/49\/2017\/02\/bambary-9-225x300.jpg 225w\" sizes=\"(max-width: 600px) 100vw, 600px\" \/><\/a><\/p>\n<p style=\"text-align: center;\"><a href=\"\/pasarelaurbana\/wp-content\/uploads\/sites\/49\/2017\/02\/bambary-10.jpg\"><img loading=\"lazy\" class=\"aligncenter size-full wp-image-9839\" title=\"bambary (10)\" src=\"\/pasarelaurbana\/wp-content\/uploads\/sites\/49\/2017\/02\/bambary-10.jpg\" alt=\"\" width=\"600\" height=\"800\" srcset=\"https:\/\/static-blogs.diariosur.es\/wp-content\/uploads\/sites\/49\/2017\/02\/bambary-10.jpg 600w, https:\/\/static-blogs.diariosur.es\/wp-content\/uploads\/sites\/49\/2017\/02\/bambary-10-225x300.jpg 225w\" sizes=\"(max-width: 600px) 100vw, 600px\" \/><\/a><\/p>\n<p style=\"text-align: center;\"><a href=\"\/pasarelaurbana\/wp-content\/uploads\/sites\/49\/2017\/02\/peinanoche.jpg\"><img loading=\"lazy\" class=\"aligncenter size-full wp-image-9863\" title=\"peinanoche\" src=\"\/pasarelaurbana\/wp-content\/uploads\/sites\/49\/2017\/02\/peinanoche.jpg\" alt=\"\" width=\"600\" height=\"600\" srcset=\"https:\/\/static-blogs.diariosur.es\/wp-content\/uploads\/sites\/49\/2017\/02\/peinanoche.jpg 600w, https:\/\/static-blogs.diariosur.es\/wp-content\/uploads\/sites\/49\/2017\/02\/peinanoche-150x150.jpg 150w, https:\/\/static-blogs.diariosur.es\/wp-content\/uploads\/sites\/49\/2017\/02\/peinanoche-300x300.jpg 300w\" sizes=\"(max-width: 600px) 100vw, 600px\" \/><\/a><\/p>\n<p style=\"text-align: center;\"><a href=\"\/pasarelaurbana\/wp-content\/uploads\/sites\/49\/2017\/02\/nochezapatos.jpg\"><img loading=\"lazy\" class=\"aligncenter size-full wp-image-9865\" title=\"nochezapatos\" src=\"\/pasarelaurbana\/wp-content\/uploads\/sites\/49\/2017\/02\/nochezapatos.jpg\" alt=\"\" width=\"600\" height=\"450\" srcset=\"https:\/\/static-blogs.diariosur.es\/wp-content\/uploads\/sites\/49\/2017\/02\/nochezapatos.jpg 600w, https:\/\/static-blogs.diariosur.es\/wp-content\/uploads\/sites\/49\/2017\/02\/nochezapatos-300x225.jpg 300w\" sizes=\"(max-width: 600px) 100vw, 600px\" \/><\/a><\/p>\n<p style=\"text-align: center;\">Un top crudo, con chaqueta de terciopelo bordada (ambos de Zara) y falda gris midi de Ralph Lauren son sus elegidos para salir a cenar. Completa el estilismo con bolso metalizado de Hoss y salones negros de Uterq\u00fce. La guinda la pone una peina suya dorada cuajada de perlas.<\/p>\n<p style=\"text-align: center;\"><strong>IMPECABLE A UN EVENTO<\/strong>: Con vestido tubo negro y salones nude efecto segunda piel<\/p>\n<p style=\"text-align: center;\"><a href=\"\/pasarelaurbana\/wp-content\/uploads\/sites\/49\/2017\/02\/bambary-13.jpg\"><img loading=\"lazy\" class=\"aligncenter size-full wp-image-9842\" title=\"bambary (13)\" src=\"\/pasarelaurbana\/wp-content\/uploads\/sites\/49\/2017\/02\/bambary-13.jpg\" alt=\"\" width=\"600\" height=\"800\" srcset=\"https:\/\/static-blogs.diariosur.es\/wp-content\/uploads\/sites\/49\/2017\/02\/bambary-13.jpg 600w, https:\/\/static-blogs.diariosur.es\/wp-content\/uploads\/sites\/49\/2017\/02\/bambary-13-225x300.jpg 225w\" sizes=\"(max-width: 600px) 100vw, 600px\" \/><\/a><\/p>\n<p style=\"text-align: center;\"><a href=\"\/pasarelaurbana\/wp-content\/uploads\/sites\/49\/2017\/02\/bambary-6.jpg\"><img loading=\"lazy\" class=\"aligncenter size-full wp-image-9835\" title=\"bambary (6)\" src=\"\/pasarelaurbana\/wp-content\/uploads\/sites\/49\/2017\/02\/bambary-6.jpg\" alt=\"\" width=\"600\" height=\"600\" srcset=\"https:\/\/static-blogs.diariosur.es\/wp-content\/uploads\/sites\/49\/2017\/02\/bambary-6.jpg 600w, https:\/\/static-blogs.diariosur.es\/wp-content\/uploads\/sites\/49\/2017\/02\/bambary-6-150x150.jpg 150w, https:\/\/static-blogs.diariosur.es\/wp-content\/uploads\/sites\/49\/2017\/02\/bambary-6-300x300.jpg 300w\" sizes=\"(max-width: 600px) 100vw, 600px\" \/><\/a><\/p>\n<p style=\"text-align: center;\"><a href=\"\/pasarelaurbana\/wp-content\/uploads\/sites\/49\/2017\/02\/eventodos.jpg\"><img loading=\"lazy\" class=\"aligncenter size-full wp-image-9867\" title=\"eventodos\" src=\"\/pasarelaurbana\/wp-content\/uploads\/sites\/49\/2017\/02\/eventodos.jpg\" alt=\"\" width=\"600\" height=\"800\" srcset=\"https:\/\/static-blogs.diariosur.es\/wp-content\/uploads\/sites\/49\/2017\/02\/eventodos.jpg 600w, https:\/\/static-blogs.diariosur.es\/wp-content\/uploads\/sites\/49\/2017\/02\/eventodos-225x300.jpg 225w\" sizes=\"(max-width: 600px) 100vw, 600px\" \/><\/a><\/p>\n<p style=\"text-align: center;\">Para asistir a un evento, Caro se decanta por un vestido negro de Zara de largo midi con lunares metalizados combinado con unos salones nude de Louboutin \u2013en el mismo tono que mi piel, que estiliza mucho\u2013 y un bolso joya de Uterq\u00fce de tejido tapicero con una vistosa\u00a0 aplicaci\u00f3n de pedrer\u00eda en el cierre que poen la nota de color. Remata el \u2018look\u2019 con una peina de su firma Bambary.<\/p>\n<p style=\"text-align: center;\"><a href=\"\/pasarelaurbana\/wp-content\/uploads\/sites\/49\/2017\/02\/masbambary-6.jpg\"><img loading=\"lazy\" class=\"aligncenter size-full wp-image-9848\" title=\"masbambary (6)\" src=\"\/pasarelaurbana\/wp-content\/uploads\/sites\/49\/2017\/02\/masbambary-6.jpg\" alt=\"\" width=\"600\" height=\"600\" srcset=\"https:\/\/static-blogs.diariosur.es\/wp-content\/uploads\/sites\/49\/2017\/02\/masbambary-6.jpg 600w, https:\/\/static-blogs.diariosur.es\/wp-content\/uploads\/sites\/49\/2017\/02\/masbambary-6-150x150.jpg 150w, https:\/\/static-blogs.diariosur.es\/wp-content\/uploads\/sites\/49\/2017\/02\/masbambary-6-300x300.jpg 300w\" sizes=\"(max-width: 600px) 100vw, 600px\" \/><\/a><\/p>\n<p style=\"text-align: center;\">Sobre estas l\u00edneas Conchita en su taller, donde da vida a sus cuidadas piezas, 100% artesanales y mimadas hasta el \u00faltimo detalle. Cada pieza es una aut\u00e9ntica obra de arte.<\/p>\n<p style=\"text-align: center;\"><a href=\"\/pasarelaurbana\/wp-content\/uploads\/sites\/49\/2017\/02\/masbambary-2.jpg\"><img loading=\"lazy\" class=\"aligncenter size-full wp-image-9844\" title=\"masbambary (2)\" src=\"\/pasarelaurbana\/wp-content\/uploads\/sites\/49\/2017\/02\/masbambary-2.jpg\" alt=\"\" width=\"600\" height=\"600\" srcset=\"https:\/\/static-blogs.diariosur.es\/wp-content\/uploads\/sites\/49\/2017\/02\/masbambary-2.jpg 600w, https:\/\/static-blogs.diariosur.es\/wp-content\/uploads\/sites\/49\/2017\/02\/masbambary-2-150x150.jpg 150w, https:\/\/static-blogs.diariosur.es\/wp-content\/uploads\/sites\/49\/2017\/02\/masbambary-2-300x300.jpg 300w\" sizes=\"(max-width: 600px) 100vw, 600px\" \/><\/a><\/p>\n<p style=\"text-align: center;\"><a href=\"\/pasarelaurbana\/wp-content\/uploads\/sites\/49\/2017\/02\/masbambary-12.jpg\"><img loading=\"lazy\" class=\"aligncenter size-full wp-image-9854\" title=\"masbambary (12)\" src=\"\/pasarelaurbana\/wp-content\/uploads\/sites\/49\/2017\/02\/masbambary-12.jpg\" alt=\"\" width=\"600\" height=\"600\" srcset=\"https:\/\/static-blogs.diariosur.es\/wp-content\/uploads\/sites\/49\/2017\/02\/masbambary-12.jpg 600w, https:\/\/static-blogs.diariosur.es\/wp-content\/uploads\/sites\/49\/2017\/02\/masbambary-12-150x150.jpg 150w, https:\/\/static-blogs.diariosur.es\/wp-content\/uploads\/sites\/49\/2017\/02\/masbambary-12-300x300.jpg 300w\" sizes=\"(max-width: 600px) 100vw, 600px\" \/><\/a><\/p>\n<p style=\"text-align: center;\"><a href=\"\/pasarelaurbana\/wp-content\/uploads\/sites\/49\/2017\/02\/bambary-4.jpg\"><img loading=\"lazy\" class=\"aligncenter  wp-image-9833\" title=\"bambary (4)\" src=\"\/pasarelaurbana\/wp-content\/uploads\/sites\/49\/2017\/02\/bambary-4.jpg\" alt=\"\" width=\"600\" height=\"600\" srcset=\"https:\/\/static-blogs.diariosur.es\/wp-content\/uploads\/sites\/49\/2017\/02\/bambary-4.jpg 600w, https:\/\/static-blogs.diariosur.es\/wp-content\/uploads\/sites\/49\/2017\/02\/bambary-4-150x150.jpg 150w, https:\/\/static-blogs.diariosur.es\/wp-content\/uploads\/sites\/49\/2017\/02\/bambary-4-300x300.jpg 300w\" sizes=\"(max-width: 600px) 100vw, 600px\" \/><\/a><\/p>\n<p style=\"text-align: center;\"><a href=\"\/pasarelaurbana\/wp-content\/uploads\/sites\/49\/2017\/02\/bambary-3.jpg\"><img loading=\"lazy\" class=\"aligncenter size-full wp-image-9832\" title=\"bambary (3)\" src=\"\/pasarelaurbana\/wp-content\/uploads\/sites\/49\/2017\/02\/bambary-3.jpg\" alt=\"\" width=\"600\" height=\"600\" srcset=\"https:\/\/static-blogs.diariosur.es\/wp-content\/uploads\/sites\/49\/2017\/02\/bambary-3.jpg 600w, https:\/\/static-blogs.diariosur.es\/wp-content\/uploads\/sites\/49\/2017\/02\/bambary-3-150x150.jpg 150w, https:\/\/static-blogs.diariosur.es\/wp-content\/uploads\/sites\/49\/2017\/02\/bambary-3-300x300.jpg 300w\" sizes=\"(max-width: 600px) 100vw, 600px\" \/><\/a><\/p>\n<p style=\"text-align: center;\">Los bolsos son su debilidad confesa. En la foto, un \u2018shopping bag\u2019 de Carolina Herrera que lleva con ella 15 a\u00f1os y una bandolera de pedrer\u00eda de Purificaci\u00f3n Garc\u00eda.<\/p>\n<p style=\"text-align: center;\"><strong>SU RUTA DE TIENDAS<\/strong><\/p>\n<p style=\"text-align: center;\">1.<strong> Uterq\u00fce<\/strong>. \u00abMe encanta el dise\u00f1o de sus bolsos, sus blusas y su bisuter\u00eda\u00bb.<br \/>\n2. <strong>Zara.<\/strong> Para b\u00e1sicos de tendencia es fiel al \u2018buque insignia\u2019 de Inditex.<br \/>\n3.<strong> Hoss<\/strong>. \u00abUna de mis imprescindibles para buscar un \u2018look\u2019 para un evento\u00bb.<br \/>\n4. <strong>Massimo Dutti.<\/strong> Es otra de las firmas de cabecera. de la dise\u00f1adora.<br \/>\n5. <strong>Asos.<\/strong> Cuando compra a golpe de rat\u00f3n este portal figura entre sus favoritos.<\/p>\n<p style=\"text-align: center;\">Desde aqu\u00ed mi agradecimiento a Conchita. Una de esas empresarias a las que le brillan los ojos al hablar de su trabajo. Siempre es un placer entrevistar a alguien apasionado con lo que hace. Y ese es el caso de Caro. Si no conoc\u00e9is Bambary os animo a echarle un ojo a sus creaciones porque son aut\u00e9nticas maravillas.<\/p>\n","protected":false},"excerpt":{"rendered":"<p>El tiempo de reposo durante un embarazo complicado cambi\u00f3 su vida. Fue hace ocho a\u00f1os. Las horas muertas esperando su segunda hija le hicieron plantearse su futuro profesional. Por aquel entonces la construcci\u00f3n viv\u00eda sus horas m\u00e1s bajas y esta interiorista decidi\u00f3 que hab\u00eda llegado el momento de dar carpetazo al que era su empleo [&hellip;]<\/p>\n","protected":false},"author":54,"featured_media":0,"comment_status":"open","ping_status":"open","sticky":false,"template":"","format":"standard","meta":[],"categories":[2],"tags":[],"_links":{"self":[{"href":"https:\/\/blogs.diariosur.es\/pasarelaurbana\/wp-json\/wp\/v2\/posts\/9829"}],"collection":[{"href":"https:\/\/blogs.diariosur.es\/pasarelaurbana\/wp-json\/wp\/v2\/posts"}],"about":[{"href":"https:\/\/blogs.diariosur.es\/pasarelaurbana\/wp-json\/wp\/v2\/types\/post"}],"author":[{"embeddable":true,"href":"https:\/\/blogs.diariosur.es\/pasarelaurbana\/wp-json\/wp\/v2\/users\/54"}],"replies":[{"embeddable":true,"href":"https:\/\/blogs.diariosur.es\/pasarelaurbana\/wp-json\/wp\/v2\/comments?post=9829"}],"version-history":[{"count":0,"href":"https:\/\/blogs.diariosur.es\/pasarelaurbana\/wp-json\/wp\/v2\/posts\/9829\/revisions"}],"wp:attachment":[{"href":"https:\/\/blogs.diariosur.es\/pasarelaurbana\/wp-json\/wp\/v2\/media?parent=9829"}],"wp:term":[{"taxonomy":"category","embeddable":true,"href":"https:\/\/blogs.diariosur.es\/pasarelaurbana\/wp-json\/wp\/v2\/categories?post=9829"},{"taxonomy":"post_tag","embeddable":true,"href":"https:\/\/blogs.diariosur.es\/pasarelaurbana\/wp-json\/wp\/v2\/tags?post=9829"}],"curies":[{"name":"wp","href":"https:\/\/api.w.org\/{rel}","templated":true}]}}