{"id":9880,"date":"2017-02-25T09:07:30","date_gmt":"2017-02-25T08:07:30","guid":{"rendered":"http:\/\/blogs.diariosur.es\/pasarelaurbana\/?p=9880"},"modified":"2017-02-25T09:07:30","modified_gmt":"2017-02-25T08:07:30","slug":"la-fiebre-del-vichy-el-estampado-que-popularizo-bardot-regresa-con-fuerza","status":"publish","type":"post","link":"https:\/\/blogs.diariosur.es\/pasarelaurbana\/2017\/02\/25\/la-fiebre-del-vichy-el-estampado-que-popularizo-bardot-regresa-con-fuerza\/","title":{"rendered":"La fiebre del vichy: el estampado que populariz\u00f3 Bardot regresa con fuerza"},"content":{"rendered":"<p style=\"text-align: center;\"><a href=\"\/pasarelaurbana\/wp-content\/uploads\/sites\/49\/2017\/02\/combo-moda-vichyok.jpg\"><img loading=\"lazy\" class=\"aligncenter size-full wp-image-9897\" title=\"combo-moda-vichyok\" src=\"\/pasarelaurbana\/wp-content\/uploads\/sites\/49\/2017\/02\/combo-moda-vichyok.jpg\" alt=\"\" width=\"600\" height=\"600\" srcset=\"https:\/\/static-blogs.diariosur.es\/wp-content\/uploads\/sites\/49\/2017\/02\/combo-moda-vichyok.jpg 600w, https:\/\/static-blogs.diariosur.es\/wp-content\/uploads\/sites\/49\/2017\/02\/combo-moda-vichyok-150x150.jpg 150w, https:\/\/static-blogs.diariosur.es\/wp-content\/uploads\/sites\/49\/2017\/02\/combo-moda-vichyok-300x300.jpg 300w\" sizes=\"(max-width: 600px) 100vw, 600px\" \/><\/a><\/p>\n<p style=\"text-align: center;\">Atemporales. Con un punto na\u00edf. Femeninos y rom\u00e1nticos. Algo tienen estos cuadros cuando uno de los iconos de los a\u00f1os 50 y 60 los eligi\u00f3 como se\u00f1a de identidad. Brigitte Bardot fue la gran abanderada de uno de los estampados que llegan pisando fuerte cara a la nueva temporada primavera\/verano: el vichy. La actriz francesa eligi\u00f3 este delicado print para su vestido de novia en su boda con Jacques Charrier (1959). Fue su \u00edntimo amigo, el dise\u00f1ador Jacques Esterel, quien le anim\u00f3 a romper con la tradici\u00f3n nupcial y apostar por un dise\u00f1o de corte \u2018new look\u2019 con cuadros rosas y blancos. Por aquel entonces el vichy no estaba de moda y casarse con \u00e9l fue toda una declaraci\u00f3n de intenciones. Bardot no quer\u00eda pasar desapercibida. Y logr\u00f3 su objetivo.<br \/>\nHoy, medio siglo despu\u00e9s, la \u2018vichyman\u00eda\u2019 vuelve a pedir pista convertida en la nueva obsesi\u00f3n fashionista. Los cuadros son tendencia absoluta y la pasarela urbana se ha rendido por completo a la elegancia todoterreno de este estampado. Lo comprobamos durante nuestra \u00faltima sesi\u00f3n de \u2018street style\u2019 por las calles del Centro de M\u00e1laga.<br \/>\nEl estampado que tuvo su origen en la ciudad francesa con la que comparte nombre, Vichy, triunfa principalmente en clave bicolor blanco-negro, un formato incombustible con infinidad de combinaciones. \u00a1L\u00facelo en total look o con otra prenda b\u00e1sica para realzarlo!<\/p>\n<p style=\"text-align: center;\">Os dejo con cuatro propuestas firmadas por malague\u00f1as. \u00a1feliz fin de semana!<!--more--><\/p>\n<p style=\"text-align: center;\"><a href=\"\/pasarelaurbana\/wp-content\/uploads\/sites\/49\/2017\/02\/vichy-3.jpg\"><img loading=\"lazy\" class=\"aligncenter size-full wp-image-9883\" title=\"vichy (3)\" src=\"\/pasarelaurbana\/wp-content\/uploads\/sites\/49\/2017\/02\/vichy-3.jpg\" alt=\"\" width=\"600\" height=\"800\" srcset=\"https:\/\/static-blogs.diariosur.es\/wp-content\/uploads\/sites\/49\/2017\/02\/vichy-3.jpg 600w, https:\/\/static-blogs.diariosur.es\/wp-content\/uploads\/sites\/49\/2017\/02\/vichy-3-225x300.jpg 225w\" sizes=\"(max-width: 600px) 100vw, 600px\" \/><\/a><\/p>\n<p style=\"text-align: center;\"><a href=\"\/pasarelaurbana\/wp-content\/uploads\/sites\/49\/2017\/02\/vichy-11.jpg\"><img loading=\"lazy\" class=\"aligncenter size-full wp-image-9891\" title=\"vichy (11)\" src=\"\/pasarelaurbana\/wp-content\/uploads\/sites\/49\/2017\/02\/vichy-11.jpg\" alt=\"\" width=\"545\" height=\"599\" srcset=\"https:\/\/static-blogs.diariosur.es\/wp-content\/uploads\/sites\/49\/2017\/02\/vichy-11.jpg 545w, https:\/\/static-blogs.diariosur.es\/wp-content\/uploads\/sites\/49\/2017\/02\/vichy-11-273x300.jpg 273w\" sizes=\"(max-width: 545px) 100vw, 545px\" \/><\/a><\/p>\n<p style=\"text-align: center;\"><a href=\"\/pasarelaurbana\/wp-content\/uploads\/sites\/49\/2017\/02\/vichy-12.jpg\"><img loading=\"lazy\" class=\"aligncenter size-full wp-image-9892\" title=\"vichy (12)\" src=\"\/pasarelaurbana\/wp-content\/uploads\/sites\/49\/2017\/02\/vichy-12.jpg\" alt=\"\" width=\"600\" height=\"786\" srcset=\"https:\/\/static-blogs.diariosur.es\/wp-content\/uploads\/sites\/49\/2017\/02\/vichy-12.jpg 600w, https:\/\/static-blogs.diariosur.es\/wp-content\/uploads\/sites\/49\/2017\/02\/vichy-12-229x300.jpg 229w\" sizes=\"(max-width: 600px) 100vw, 600px\" \/><\/a><\/p>\n<p style=\"text-align: center;\"><span style=\"text-decoration: underline;\">En clave \u2018lady\u2019: con un vistoso cuello de pelo<\/span><br \/>\n<strong>Anabel Torres<\/strong>, una administrativa malague\u00f1a de 40 a\u00f1os, se rinde al \u2018print\u2019 de moda con un sofisticado vestido largo de Blanco. Nos gusta c\u00f3mo lo combina, en clave \u2018lady\u2019, con un vistoso cuello de pelo sobre una cazadora de cuero, que le resta romanticismo y aporta un acertado gui\u00f1o rockero al \u2018look\u2019. La biker le resta seriedad al resultado final aport\u00e1ndole frescura. \u00abDado que este estampado tiene bastante protagonismo, me gusta llevarlo con algo discreto d\u00e1ndole un papel especial al bolso, que son mi pasi\u00f3n\u00bb.<\/p>\n<p style=\"text-align: center;\">Vestido: Blanco. Chaqueta y\u00a0 cuello de pelo: Zara. Bolso: Carolina Herrera.<\/p>\n<p style=\"text-align: center;\"><a href=\"\/pasarelaurbana\/wp-content\/uploads\/sites\/49\/2017\/02\/vichy-6.jpg\"><img loading=\"lazy\" class=\"aligncenter size-full wp-image-9886\" title=\"vichy (6)\" src=\"\/pasarelaurbana\/wp-content\/uploads\/sites\/49\/2017\/02\/vichy-6.jpg\" alt=\"\" width=\"600\" height=\"800\" srcset=\"https:\/\/static-blogs.diariosur.es\/wp-content\/uploads\/sites\/49\/2017\/02\/vichy-6.jpg 600w, https:\/\/static-blogs.diariosur.es\/wp-content\/uploads\/sites\/49\/2017\/02\/vichy-6-225x300.jpg 225w\" sizes=\"(max-width: 600px) 100vw, 600px\" \/><\/a><\/p>\n<p style=\"text-align: center;\"><a href=\"\/pasarelaurbana\/wp-content\/uploads\/sites\/49\/2017\/02\/vichy-1.jpg\"><img loading=\"lazy\" class=\"aligncenter size-full wp-image-9881\" title=\"vichy (1)\" src=\"\/pasarelaurbana\/wp-content\/uploads\/sites\/49\/2017\/02\/vichy-1.jpg\" alt=\"\" width=\"600\" height=\"800\" srcset=\"https:\/\/static-blogs.diariosur.es\/wp-content\/uploads\/sites\/49\/2017\/02\/vichy-1.jpg 600w, https:\/\/static-blogs.diariosur.es\/wp-content\/uploads\/sites\/49\/2017\/02\/vichy-1-225x300.jpg 225w\" sizes=\"(max-width: 600px) 100vw, 600px\" \/><\/a><\/p>\n<p style=\"text-align: center;\"><a href=\"\/pasarelaurbana\/wp-content\/uploads\/sites\/49\/2017\/02\/4bis.jpg\"><img loading=\"lazy\" class=\"aligncenter size-full wp-image-9893\" title=\"4bis\" src=\"\/pasarelaurbana\/wp-content\/uploads\/sites\/49\/2017\/02\/4bis.jpg\" alt=\"\" width=\"600\" height=\"795\" srcset=\"https:\/\/static-blogs.diariosur.es\/wp-content\/uploads\/sites\/49\/2017\/02\/4bis.jpg 600w, https:\/\/static-blogs.diariosur.es\/wp-content\/uploads\/sites\/49\/2017\/02\/4bis-226x300.jpg 226w\" sizes=\"(max-width: 600px) 100vw, 600px\" \/><\/a><\/p>\n<p style=\"text-align: center;\"><span style=\"text-decoration: underline;\">La falda que quieren todas las fashionistas<\/span><br \/>\nFue uno de los grandes fen\u00f3menos de ventas de la pasada temporada de Zara. La minifalda de cuadros \u2018vichy\u2019 con volante lateral se viraliz\u00f3 en redes sociales hasta el punto de convertirse en el gran objeto de deseo de todas las fashionistas. Las \u2018instagramers\u2019 se volvieron literalmente locas con esta prenda gracias a sus infinitas posibilidades de combinaci\u00f3n y el juego que da para crear \u2018looks\u2019 arriesgados. Solo ten\u00eda una pega: que vol\u00f3. Tal cual. Y conseguirla se convirti\u00f3 en pocas semanas en misi\u00f3n imposible. O casi.<strong> Laura S\u00e1nchez<\/strong>, una economista malague\u00f1a de 27 a\u00f1os, fue de las que se qued\u00f3 sin ella, pero se quit\u00f3 la espinita localizando un clon en un vendedor de Aliexpress. \u00bfSu propuesta? Combinarla con un jersey de punto trenzado en rojo, \u00abque he rescatado de mi armario al ver lo fuerte que est\u00e1 pegando este color\u00bb y unas llamativas medias de rejilla (que han vuelto a la carga convertidas en tendencia imprescindible). \u00abSiempre he odiado estas medias y ahora estoy obsesionada con ellas\u00bb, advierte. Remata el \u2018outfit\u2019 con unos mocasines masculinos logrando un estilismo sofisticado y c\u00f3modo con interesantes mezclas.<\/p>\n<p style=\"text-align: center;\">Jersey: Mango. Falda (r\u00e9plica de Zara): Aliexpress.<\/p>\n<p style=\"text-align: center;\">Medias: Oysho.<\/p>\n<p style=\"text-align: center;\">Zapatos masculinos: Zara.<\/p>\n<p style=\"text-align: center;\"><a href=\"\/pasarelaurbana\/wp-content\/uploads\/sites\/49\/2017\/02\/vichy-7.jpg\"><img loading=\"lazy\" class=\"aligncenter size-full wp-image-9887\" title=\"vichy (7)\" src=\"\/pasarelaurbana\/wp-content\/uploads\/sites\/49\/2017\/02\/vichy-7.jpg\" alt=\"\" width=\"600\" height=\"565\" srcset=\"https:\/\/static-blogs.diariosur.es\/wp-content\/uploads\/sites\/49\/2017\/02\/vichy-7.jpg 600w, https:\/\/static-blogs.diariosur.es\/wp-content\/uploads\/sites\/49\/2017\/02\/vichy-7-300x283.jpg 300w\" sizes=\"(max-width: 600px) 100vw, 600px\" \/><\/a><\/p>\n<p style=\"text-align: center;\"><a href=\"\/pasarelaurbana\/wp-content\/uploads\/sites\/49\/2017\/02\/vichy-5.jpg\"><img loading=\"lazy\" class=\"aligncenter size-full wp-image-9885\" title=\"vichy (5)\" src=\"\/pasarelaurbana\/wp-content\/uploads\/sites\/49\/2017\/02\/vichy-5.jpg\" alt=\"\" width=\"600\" height=\"579\" srcset=\"https:\/\/static-blogs.diariosur.es\/wp-content\/uploads\/sites\/49\/2017\/02\/vichy-5.jpg 600w, https:\/\/static-blogs.diariosur.es\/wp-content\/uploads\/sites\/49\/2017\/02\/vichy-5-300x290.jpg 300w\" sizes=\"(max-width: 600px) 100vw, 600px\" \/><\/a><\/p>\n<p style=\"text-align: center;\"><a href=\"\/pasarelaurbana\/wp-content\/uploads\/sites\/49\/2017\/02\/vichy-9.jpg\"><img loading=\"lazy\" class=\"aligncenter size-full wp-image-9889\" title=\"vichy (9)\" src=\"\/pasarelaurbana\/wp-content\/uploads\/sites\/49\/2017\/02\/vichy-9.jpg\" alt=\"\" width=\"600\" height=\"539\" srcset=\"https:\/\/static-blogs.diariosur.es\/wp-content\/uploads\/sites\/49\/2017\/02\/vichy-9.jpg 600w, https:\/\/static-blogs.diariosur.es\/wp-content\/uploads\/sites\/49\/2017\/02\/vichy-9-300x270.jpg 300w\" sizes=\"(max-width: 600px) 100vw, 600px\" \/><\/a><\/p>\n<p style=\"text-align: center;\"><span style=\"text-decoration: underline;\">En camisa: un gran fondo de armario<\/span><br \/>\nUna camisa es la prenda ideal para las no iniciadas en el estampado vichy. Y es que una blusa de cuadros blancos y negros es un excelente fichaje para cualquier fondo de armario, dada su versatilidad. <strong>Elisa Ortega<\/strong>, una joven licenciada en Filolog\u00eda Inglesa de 24 a\u00f1os, apuesta por integrarla en un total \u2018look\u2019 bicolor, con falda de polipiel y botas XXL. Completa el estilismo con unas gafas redondas (de tendencia) y un bolso bordado que aporta la nota de color.<\/p>\n<p style=\"text-align: center;\">Abrigo: Stradivarius.<\/p>\n<p style=\"text-align: center;\">Blusa y falda: Sammydress.<\/p>\n<p style=\"text-align: center;\">Botas: Gamiss.<\/p>\n<p style=\"text-align: center;\">Bolso bordado: Zara.<\/p>\n<p style=\"text-align: center;\"><a href=\"\/pasarelaurbana\/wp-content\/uploads\/sites\/49\/2017\/02\/13.jpg\"><img loading=\"lazy\" class=\"aligncenter size-full wp-image-9894\" title=\"13\" src=\"\/pasarelaurbana\/wp-content\/uploads\/sites\/49\/2017\/02\/13.jpg\" alt=\"\" width=\"600\" height=\"901\" srcset=\"https:\/\/static-blogs.diariosur.es\/wp-content\/uploads\/sites\/49\/2017\/02\/13.jpg 600w, https:\/\/static-blogs.diariosur.es\/wp-content\/uploads\/sites\/49\/2017\/02\/13-200x300.jpg 200w\" sizes=\"(max-width: 600px) 100vw, 600px\" \/><\/a><\/p>\n<p style=\"text-align: center;\"><a href=\"\/pasarelaurbana\/wp-content\/uploads\/sites\/49\/2017\/02\/14.jpg\"><img loading=\"lazy\" class=\"aligncenter size-full wp-image-9895\" title=\"14\" src=\"\/pasarelaurbana\/wp-content\/uploads\/sites\/49\/2017\/02\/14.jpg\" alt=\"\" width=\"600\" height=\"901\" srcset=\"https:\/\/static-blogs.diariosur.es\/wp-content\/uploads\/sites\/49\/2017\/02\/14.jpg 600w, https:\/\/static-blogs.diariosur.es\/wp-content\/uploads\/sites\/49\/2017\/02\/14-200x300.jpg 200w\" sizes=\"(max-width: 600px) 100vw, 600px\" \/><\/a><\/p>\n<p style=\"text-align: center;\"><a href=\"\/pasarelaurbana\/wp-content\/uploads\/sites\/49\/2017\/02\/15.jpg\"><img loading=\"lazy\" class=\"aligncenter size-full wp-image-9896\" title=\"15\" src=\"\/pasarelaurbana\/wp-content\/uploads\/sites\/49\/2017\/02\/15.jpg\" alt=\"\" width=\"600\" height=\"901\" srcset=\"https:\/\/static-blogs.diariosur.es\/wp-content\/uploads\/sites\/49\/2017\/02\/15.jpg 600w, https:\/\/static-blogs.diariosur.es\/wp-content\/uploads\/sites\/49\/2017\/02\/15-200x300.jpg 200w\" sizes=\"(max-width: 600px) 100vw, 600px\" \/><\/a><\/p>\n<p style=\"text-align: center;\"><span style=\"text-decoration: underline;\">Los volantes llegan a los pantalones<\/span><br \/>\nLa nueva temporada llega flamenca. Con volantes hasta en la sopa. Se llevan en camisas, jerseys, faldas y, en el caso de los pantalones, rematando laterales o bajos. \u00bfLo m\u00e1s \u2018in\u2019? Optar por esta silueta en clave vichy, como hace Mar\u00eda de<strong>l Mar Cop\u00e9<\/strong>, una auxiliar de enfermer\u00eda y bloguera malague\u00f1a. Nos gusta el \u2018look\u2019 con el que la pillamos en nuestra \u00faltima sesi\u00f3n de \u2018street style\u2019 por el Centro de M\u00e1laga. En su caso tambi\u00e9n opt\u00f3 por un \u2018look\u2019 en el incombustible y siempre elegante blanco y negro, con una llamativa sudadera de mangas acampanadas. \u00bfLa guinda? Unos estilosos mocasines de tac\u00f3n plateados.<\/p>\n<p style=\"text-align: center;\">Top con mangas de campana: Stradivarius.<\/p>\n<p style=\"text-align: center;\">Pantalones y zapatos: Zara.<\/p>\n<p>&nbsp;<\/p>\n","protected":false},"excerpt":{"rendered":"<p>Atemporales. Con un punto na\u00edf. Femeninos y rom\u00e1nticos. Algo tienen estos cuadros cuando uno de los iconos de los a\u00f1os 50 y 60 los eligi\u00f3 como se\u00f1a de identidad. Brigitte Bardot fue la gran abanderada de uno de los estampados que llegan pisando fuerte cara a la nueva temporada primavera\/verano: el vichy. La actriz francesa [&hellip;]<\/p>\n","protected":false},"author":54,"featured_media":0,"comment_status":"open","ping_status":"open","sticky":false,"template":"","format":"standard","meta":[],"categories":[2],"tags":[],"_links":{"self":[{"href":"https:\/\/blogs.diariosur.es\/pasarelaurbana\/wp-json\/wp\/v2\/posts\/9880"}],"collection":[{"href":"https:\/\/blogs.diariosur.es\/pasarelaurbana\/wp-json\/wp\/v2\/posts"}],"about":[{"href":"https:\/\/blogs.diariosur.es\/pasarelaurbana\/wp-json\/wp\/v2\/types\/post"}],"author":[{"embeddable":true,"href":"https:\/\/blogs.diariosur.es\/pasarelaurbana\/wp-json\/wp\/v2\/users\/54"}],"replies":[{"embeddable":true,"href":"https:\/\/blogs.diariosur.es\/pasarelaurbana\/wp-json\/wp\/v2\/comments?post=9880"}],"version-history":[{"count":0,"href":"https:\/\/blogs.diariosur.es\/pasarelaurbana\/wp-json\/wp\/v2\/posts\/9880\/revisions"}],"wp:attachment":[{"href":"https:\/\/blogs.diariosur.es\/pasarelaurbana\/wp-json\/wp\/v2\/media?parent=9880"}],"wp:term":[{"taxonomy":"category","embeddable":true,"href":"https:\/\/blogs.diariosur.es\/pasarelaurbana\/wp-json\/wp\/v2\/categories?post=9880"},{"taxonomy":"post_tag","embeddable":true,"href":"https:\/\/blogs.diariosur.es\/pasarelaurbana\/wp-json\/wp\/v2\/tags?post=9880"}],"curies":[{"name":"wp","href":"https:\/\/api.w.org\/{rel}","templated":true}]}}