{"id":9964,"date":"2017-04-02T09:24:26","date_gmt":"2017-04-02T07:24:26","guid":{"rendered":"http:\/\/blogs.diariosur.es\/pasarelaurbana\/?p=9964"},"modified":"2017-04-02T09:24:26","modified_gmt":"2017-04-02T07:24:26","slug":"el-armario-de-monica-lara","status":"publish","type":"post","link":"https:\/\/blogs.diariosur.es\/pasarelaurbana\/2017\/04\/02\/el-armario-de-monica-lara\/","title":{"rendered":"El armario de M\u00f3nica Lara"},"content":{"rendered":"<p style=\"text-align: center;\"><a href=\"\/pasarelaurbana\/wp-content\/uploads\/sites\/49\/2017\/03\/20170329__1490793459_TgxRIFMpWn.jpg\"><img loading=\"lazy\" class=\"aligncenter size-full wp-image-9973\" title=\"20170329__1490793459_TgxRIFMpWn\" src=\"\/pasarelaurbana\/wp-content\/uploads\/sites\/49\/2017\/03\/20170329__1490793459_TgxRIFMpWn.jpg\" alt=\"\" width=\"600\" height=\"600\" srcset=\"https:\/\/static-blogs.diariosur.es\/wp-content\/uploads\/sites\/49\/2017\/03\/20170329__1490793459_TgxRIFMpWn.jpg 600w, https:\/\/static-blogs.diariosur.es\/wp-content\/uploads\/sites\/49\/2017\/03\/20170329__1490793459_TgxRIFMpWn-150x150.jpg 150w, https:\/\/static-blogs.diariosur.es\/wp-content\/uploads\/sites\/49\/2017\/03\/20170329__1490793459_TgxRIFMpWn-300x300.jpg 300w\" sizes=\"(max-width: 600px) 100vw, 600px\" \/><\/a><\/p>\n<p style=\"text-align: center;\">\u00abLa moda para mi es un arte\u00bb. As\u00ed de rotunda se expresa M\u00f3nica Lara nada m\u00e1s empezar la entrevista. \u00abCrear una colecci\u00f3n y sorprender con la puesta en escena de un desfile es puro arte, igual que en el \u00e1mbito dom\u00e9stico y a otra escala lo es componer un buen look\u00bb, a\u00f1ade esta asistente de imagen de 38 a\u00f1os, vinculada a la industria textil desde que empez\u00f3 a trabajar en el sector a los 17 a\u00f1os. Durante dos d\u00e9cadas esta malague\u00f1a recorri\u00f3 Espa\u00f1a de punta a punta abriendo tiendas de la firma Adolfo Dom\u00ednguez, encargada del visual, la decoraci\u00f3n y el escaparatismo. Hasta que el embarazo le oblig\u00f3 a pisar el freno y dar un giro a su vida.<br \/>\nFue entonces, con la llegada de sus mellizos -que ahora tienen 5 a\u00f1os- cuando decidi\u00f3 hacer realidad el sue\u00f1o de tener su propia tienda on line con dise\u00f1os propios. As\u00ed naci\u00f3 Momo Shop -proyecto que comparte con su amiga Montse Lechuga. Tras \u00e9l, propuestas funcionales y femeninas, con detalles especiales, fiel reflejo del armario de Lara, quien se declara adicta a los vaqueros, al color negro &#8211; \u00abpor el que tengo obsesi\u00f3n\u00bb- a las cazadoras de cuero y a las botas, \u00absiempre bromeo con que en otra vida he tenido que ser motera porque me vuelve loca una biker, tengo muchas\u00bb, sostiene. Desde que es mam\u00e1 de dos -explica- las zapatillas deportivas se han vuelto pieza clave en sus estilismos de d\u00eda. En su caso, le gusta llevarlas con leggins o vaqueros entubados y un jersey oversize de cashmere, \u00abun look todoterreno con el que se aguanta toda la jornada\u00bb.<br \/>\nPoco amiga de los estampados -salvo rayas o lunares en alguna prenda-al caer el sol esta estilista (metida ahora tambi\u00e9n a fot\u00f3grafa o a organizadora de eventos) aparca la discreci\u00f3n que le acompa\u00f1a durante el d\u00eda y se atreve con \u2018outfits\u2019 \u00abm\u00e1s ca\u00f1eros\u00bb y escotes m\u00e1s pronunciados. Para la noche, es fan del \u2018brilli brilli\u2019 y de los acabados metalizados, que combina entonces con taconazos y bolsos joya tipo clutch. \u00bfSu receta para acertar en un evento? Un mono, o una falda larga vaporosa -\u00abpara mi imprescindibles sobre todo en verano\u00bb- con una blusa rom\u00e1ntica.<br \/>\nEn materia de complementos, no sale de casa sin unas gafas de sol ni un buen reloj. \u00bfLa guinda a sus looks? Un anillo XL, un \u2018shopping bag\u2019 o una cadena minimal.<\/p>\n<p style=\"text-align: center;\"><!--more--><\/p>\n<p style=\"text-align: center;\"><strong>LOOK DE D\u00cdA<\/strong>: Camiseta bordada con pantalones con volantes (el &#8216;must&#8217; de esta primavera)<\/p>\n<p style=\"text-align: center;\"><a href=\"\/pasarelaurbana\/wp-content\/uploads\/sites\/49\/2017\/03\/20170329__1490793459_Qbl.jpg\"><img loading=\"lazy\" class=\"aligncenter size-full wp-image-9972\" title=\"20170329__1490793459_Qbl\" src=\"\/pasarelaurbana\/wp-content\/uploads\/sites\/49\/2017\/03\/20170329__1490793459_Qbl.jpg\" alt=\"\" width=\"600\" height=\"800\" srcset=\"https:\/\/static-blogs.diariosur.es\/wp-content\/uploads\/sites\/49\/2017\/03\/20170329__1490793459_Qbl.jpg 600w, https:\/\/static-blogs.diariosur.es\/wp-content\/uploads\/sites\/49\/2017\/03\/20170329__1490793459_Qbl-225x300.jpg 225w\" sizes=\"(max-width: 600px) 100vw, 600px\" \/><\/a><\/p>\n<p style=\"text-align: center;\"><a href=\"\/pasarelaurbana\/wp-content\/uploads\/sites\/49\/2017\/03\/20170329__1490793459_KijylqOEiD.jpg\"><img loading=\"lazy\" class=\"aligncenter size-full wp-image-9970\" title=\"20170329__1490793459_KijylqOEiD\" src=\"\/pasarelaurbana\/wp-content\/uploads\/sites\/49\/2017\/03\/20170329__1490793459_KijylqOEiD.jpg\" alt=\"\" width=\"600\" height=\"800\" srcset=\"https:\/\/static-blogs.diariosur.es\/wp-content\/uploads\/sites\/49\/2017\/03\/20170329__1490793459_KijylqOEiD.jpg 600w, https:\/\/static-blogs.diariosur.es\/wp-content\/uploads\/sites\/49\/2017\/03\/20170329__1490793459_KijylqOEiD-225x300.jpg 225w\" sizes=\"(max-width: 600px) 100vw, 600px\" \/><\/a><\/p>\n<p style=\"text-align: center;\"><a href=\"\/pasarelaurbana\/wp-content\/uploads\/sites\/49\/2017\/03\/masarmario-2.jpg\"><img loading=\"lazy\" class=\"aligncenter size-full wp-image-9978\" title=\"masarmario (2)\" src=\"\/pasarelaurbana\/wp-content\/uploads\/sites\/49\/2017\/03\/masarmario-2.jpg\" alt=\"\" width=\"600\" height=\"450\" srcset=\"https:\/\/static-blogs.diariosur.es\/wp-content\/uploads\/sites\/49\/2017\/03\/masarmario-2.jpg 600w, https:\/\/static-blogs.diariosur.es\/wp-content\/uploads\/sites\/49\/2017\/03\/masarmario-2-300x225.jpg 300w\" sizes=\"(max-width: 600px) 100vw, 600px\" \/><\/a><\/p>\n<p style=\"text-align: center;\"><a href=\"\/pasarelaurbana\/wp-content\/uploads\/sites\/49\/2017\/03\/bolso.jpg\"><img loading=\"lazy\" class=\"aligncenter size-full wp-image-9980\" title=\"bolso\" src=\"\/pasarelaurbana\/wp-content\/uploads\/sites\/49\/2017\/03\/bolso.jpg\" alt=\"\" width=\"600\" height=\"800\" srcset=\"https:\/\/static-blogs.diariosur.es\/wp-content\/uploads\/sites\/49\/2017\/03\/bolso.jpg 600w, https:\/\/static-blogs.diariosur.es\/wp-content\/uploads\/sites\/49\/2017\/03\/bolso-225x300.jpg 225w\" sizes=\"(max-width: 600px) 100vw, 600px\" \/><\/a><\/p>\n<p style=\"text-align: center;\">La comodidad rige sus looks de diario. En este caso: pantal\u00f3n de Zara con volantes, camiseta Momo Shop y blazer beige de H&#038;M. Completa el estilismo con deportivas Adidas y bolso burdeos de Parfois.<\/p>\n<p style=\"text-align: center;\"><strong>PARA SALIR A CENAR<\/strong>: Un look rockero te\u00f1ido de negro y brilli brilli<\/p>\n<p style=\"text-align: center;\"><a href=\"\/pasarelaurbana\/wp-content\/uploads\/sites\/49\/2017\/03\/20170329__1490793459_zKR.jpg\"><img loading=\"lazy\" class=\"aligncenter size-full wp-image-9974\" title=\"20170329__1490793459_zKR\" src=\"\/pasarelaurbana\/wp-content\/uploads\/sites\/49\/2017\/03\/20170329__1490793459_zKR.jpg\" alt=\"\" width=\"600\" height=\"600\" srcset=\"https:\/\/static-blogs.diariosur.es\/wp-content\/uploads\/sites\/49\/2017\/03\/20170329__1490793459_zKR.jpg 600w, https:\/\/static-blogs.diariosur.es\/wp-content\/uploads\/sites\/49\/2017\/03\/20170329__1490793459_zKR-150x150.jpg 150w, https:\/\/static-blogs.diariosur.es\/wp-content\/uploads\/sites\/49\/2017\/03\/20170329__1490793459_zKR-300x300.jpg 300w\" sizes=\"(max-width: 600px) 100vw, 600px\" \/><\/a><\/p>\n<p style=\"text-align: center;\"><a href=\"\/pasarelaurbana\/wp-content\/uploads\/sites\/49\/2017\/03\/masarmario-3.jpg\"><img loading=\"lazy\" class=\"aligncenter size-full wp-image-9976\" title=\"masarmario (3)\" src=\"\/pasarelaurbana\/wp-content\/uploads\/sites\/49\/2017\/03\/masarmario-3.jpg\" alt=\"\" width=\"600\" height=\"800\" srcset=\"https:\/\/static-blogs.diariosur.es\/wp-content\/uploads\/sites\/49\/2017\/03\/masarmario-3.jpg 600w, https:\/\/static-blogs.diariosur.es\/wp-content\/uploads\/sites\/49\/2017\/03\/masarmario-3-225x300.jpg 225w\" sizes=\"(max-width: 600px) 100vw, 600px\" \/><\/a><\/p>\n<p style=\"text-align: center;\"><a href=\"\/pasarelaurbana\/wp-content\/uploads\/sites\/49\/2017\/03\/masarmario-4.jpg\"><img loading=\"lazy\" class=\"aligncenter size-full wp-image-9982\" title=\"masarmario (4)\" src=\"\/pasarelaurbana\/wp-content\/uploads\/sites\/49\/2017\/03\/masarmario-4.jpg\" alt=\"\" width=\"600\" height=\"800\" srcset=\"https:\/\/static-blogs.diariosur.es\/wp-content\/uploads\/sites\/49\/2017\/03\/masarmario-4.jpg 600w, https:\/\/static-blogs.diariosur.es\/wp-content\/uploads\/sites\/49\/2017\/03\/masarmario-4-225x300.jpg 225w\" sizes=\"(max-width: 600px) 100vw, 600px\" \/><\/a><\/p>\n<p style=\"text-align: center;\"><a href=\"\/pasarelaurbana\/wp-content\/uploads\/sites\/49\/2017\/03\/armariotres-2.jpg\"><img loading=\"lazy\" class=\"aligncenter size-full wp-image-9985\" title=\"armariotres (2)\" src=\"\/pasarelaurbana\/wp-content\/uploads\/sites\/49\/2017\/03\/armariotres-2.jpg\" alt=\"\" width=\"600\" height=\"600\" srcset=\"https:\/\/static-blogs.diariosur.es\/wp-content\/uploads\/sites\/49\/2017\/03\/armariotres-2.jpg 600w, https:\/\/static-blogs.diariosur.es\/wp-content\/uploads\/sites\/49\/2017\/03\/armariotres-2-150x150.jpg 150w, https:\/\/static-blogs.diariosur.es\/wp-content\/uploads\/sites\/49\/2017\/03\/armariotres-2-300x300.jpg 300w\" sizes=\"(max-width: 600px) 100vw, 600px\" \/><\/a><\/p>\n<p style=\"text-align: center;\"><a href=\"\/pasarelaurbana\/wp-content\/uploads\/sites\/49\/2017\/03\/armariotres-1.jpg\"><img loading=\"lazy\" class=\"aligncenter size-full wp-image-9984\" title=\"armariotres (1)\" src=\"\/pasarelaurbana\/wp-content\/uploads\/sites\/49\/2017\/03\/armariotres-1.jpg\" alt=\"\" width=\"600\" height=\"600\" srcset=\"https:\/\/static-blogs.diariosur.es\/wp-content\/uploads\/sites\/49\/2017\/03\/armariotres-1.jpg 600w, https:\/\/static-blogs.diariosur.es\/wp-content\/uploads\/sites\/49\/2017\/03\/armariotres-1-150x150.jpg 150w, https:\/\/static-blogs.diariosur.es\/wp-content\/uploads\/sites\/49\/2017\/03\/armariotres-1-300x300.jpg 300w\" sizes=\"(max-width: 600px) 100vw, 600px\" \/><\/a><\/p>\n<p style=\"text-align: center;\">Para salir a cenar, Lara lo apuesta todo al negro (su color favorito, \u00abes mi obsesi\u00f3n\u00bb, advierte entre risas) compuesto por top de pailletes, pantal\u00f3n vintage plisado comprado en Londres y biker motera con flecos de Zara. Completa el look con sandalias negras de H&#038;M y clutch plata de Marc Jacobs.<\/p>\n<p style=\"text-align: center;\"><strong>SU APUESTA PARA UN EVENTO<\/strong>: Mono asim\u00e9trico con complementos dorados<\/p>\n<p style=\"text-align: center;\"><a href=\"\/pasarelaurbana\/wp-content\/uploads\/sites\/49\/2017\/03\/20170329__1490793459_eN6Jl.jpg\"><img loading=\"lazy\" class=\"aligncenter size-full wp-image-9967\" title=\"20170329__1490793459_eN6Jl\" src=\"\/pasarelaurbana\/wp-content\/uploads\/sites\/49\/2017\/03\/20170329__1490793459_eN6Jl.jpg\" alt=\"\" width=\"600\" height=\"800\" srcset=\"https:\/\/static-blogs.diariosur.es\/wp-content\/uploads\/sites\/49\/2017\/03\/20170329__1490793459_eN6Jl.jpg 600w, https:\/\/static-blogs.diariosur.es\/wp-content\/uploads\/sites\/49\/2017\/03\/20170329__1490793459_eN6Jl-225x300.jpg 225w\" sizes=\"(max-width: 600px) 100vw, 600px\" \/><\/a><\/p>\n<p style=\"text-align: center;\"><a href=\"\/pasarelaurbana\/wp-content\/uploads\/sites\/49\/2017\/03\/masarmario-11.jpg\"><img loading=\"lazy\" class=\"aligncenter size-full wp-image-9977\" title=\"masarmario (1)\" src=\"\/pasarelaurbana\/wp-content\/uploads\/sites\/49\/2017\/03\/masarmario-11.jpg\" alt=\"\" width=\"600\" height=\"600\" srcset=\"https:\/\/static-blogs.diariosur.es\/wp-content\/uploads\/sites\/49\/2017\/03\/masarmario-11.jpg 600w, https:\/\/static-blogs.diariosur.es\/wp-content\/uploads\/sites\/49\/2017\/03\/masarmario-11-150x150.jpg 150w, https:\/\/static-blogs.diariosur.es\/wp-content\/uploads\/sites\/49\/2017\/03\/masarmario-11-300x300.jpg 300w\" sizes=\"(max-width: 600px) 100vw, 600px\" \/><\/a><\/p>\n<p style=\"text-align: center;\"><a href=\"\/pasarelaurbana\/wp-content\/uploads\/sites\/49\/2017\/03\/armariotres-3.jpg\"><img loading=\"lazy\" class=\"aligncenter size-full wp-image-9986\" title=\"armariotres (3)\" src=\"\/pasarelaurbana\/wp-content\/uploads\/sites\/49\/2017\/03\/armariotres-3.jpg\" alt=\"\" width=\"600\" height=\"600\" srcset=\"https:\/\/static-blogs.diariosur.es\/wp-content\/uploads\/sites\/49\/2017\/03\/armariotres-3.jpg 600w, https:\/\/static-blogs.diariosur.es\/wp-content\/uploads\/sites\/49\/2017\/03\/armariotres-3-150x150.jpg 150w, https:\/\/static-blogs.diariosur.es\/wp-content\/uploads\/sites\/49\/2017\/03\/armariotres-3-300x300.jpg 300w\" sizes=\"(max-width: 600px) 100vw, 600px\" \/><\/a><\/p>\n<p style=\"text-align: center;\">Su propuesta para un evento: mono asim\u00e9trico rosa de Handel para Thirty30, con sandalias doradas de Pilar Burgos, bolso de Primark y pendientes de pedrer\u00eda de Zara<\/p>\n<p style=\"text-align: center;\"><strong>SUS PRENDAS ESPECIALES<\/strong><\/p>\n<p style=\"text-align: center;\"><a href=\"\/pasarelaurbana\/wp-content\/uploads\/sites\/49\/2017\/03\/20170329__1490793459_nBx1u.jpg\"><img loading=\"lazy\" class=\"aligncenter size-full wp-image-9971\" title=\"20170329__1490793459_nBx1u\" src=\"\/pasarelaurbana\/wp-content\/uploads\/sites\/49\/2017\/03\/20170329__1490793459_nBx1u.jpg\" alt=\"\" width=\"600\" height=\"800\" srcset=\"https:\/\/static-blogs.diariosur.es\/wp-content\/uploads\/sites\/49\/2017\/03\/20170329__1490793459_nBx1u.jpg 600w, https:\/\/static-blogs.diariosur.es\/wp-content\/uploads\/sites\/49\/2017\/03\/20170329__1490793459_nBx1u-225x300.jpg 225w\" sizes=\"(max-width: 600px) 100vw, 600px\" \/><\/a><\/p>\n<p style=\"text-align: center;\">\u00a0Entre los b\u00e1sicos de su armario figuran las prendas dise\u00f1adas junto a su socia Montse Lechuga para MomoShop.<\/p>\n<p style=\"text-align: center;\"><a href=\"\/pasarelaurbana\/wp-content\/uploads\/sites\/49\/2017\/03\/20170329__1490793459_35M.jpg\"><img loading=\"lazy\" class=\"aligncenter size-full wp-image-9965\" title=\"20170329__1490793459_35M\" src=\"\/pasarelaurbana\/wp-content\/uploads\/sites\/49\/2017\/03\/20170329__1490793459_35M.jpg\" alt=\"\" width=\"600\" height=\"800\" srcset=\"https:\/\/static-blogs.diariosur.es\/wp-content\/uploads\/sites\/49\/2017\/03\/20170329__1490793459_35M.jpg 600w, https:\/\/static-blogs.diariosur.es\/wp-content\/uploads\/sites\/49\/2017\/03\/20170329__1490793459_35M-225x300.jpg 225w\" sizes=\"(max-width: 600px) 100vw, 600px\" \/><\/a><\/p>\n<p style=\"text-align: center;\"><strong>SUS COMPLEMENTOS:<\/strong><\/p>\n<p style=\"text-align: center;\"><a href=\"\/pasarelaurbana\/wp-content\/uploads\/sites\/49\/2017\/03\/20170329__1490793459_ggUgQr.jpg\"><img loading=\"lazy\" class=\"aligncenter size-full wp-image-9968\" title=\"20170329__1490793459_ggUgQr\" src=\"\/pasarelaurbana\/wp-content\/uploads\/sites\/49\/2017\/03\/20170329__1490793459_ggUgQr.jpg\" alt=\"\" width=\"600\" height=\"600\" srcset=\"https:\/\/static-blogs.diariosur.es\/wp-content\/uploads\/sites\/49\/2017\/03\/20170329__1490793459_ggUgQr.jpg 600w, https:\/\/static-blogs.diariosur.es\/wp-content\/uploads\/sites\/49\/2017\/03\/20170329__1490793459_ggUgQr-150x150.jpg 150w, https:\/\/static-blogs.diariosur.es\/wp-content\/uploads\/sites\/49\/2017\/03\/20170329__1490793459_ggUgQr-300x300.jpg 300w\" sizes=\"(max-width: 600px) 100vw, 600px\" \/><\/a><\/p>\n<p style=\"text-align: center;\">Sandalias y botas de Zara, Adolfo Dom\u00ednguez, H&#038;M y &#038;OtherStories<\/p>\n<p style=\"text-align: center;\"><a href=\"\/pasarelaurbana\/wp-content\/uploads\/sites\/49\/2017\/03\/20170329__1490793459_ClqVLVCVqTO.jpg\"><img loading=\"lazy\" class=\"aligncenter size-full wp-image-9966\" title=\"20170329__1490793459_ClqVLVCVqTO\" src=\"\/pasarelaurbana\/wp-content\/uploads\/sites\/49\/2017\/03\/20170329__1490793459_ClqVLVCVqTO.jpg\" alt=\"\" width=\"600\" height=\"600\" srcset=\"https:\/\/static-blogs.diariosur.es\/wp-content\/uploads\/sites\/49\/2017\/03\/20170329__1490793459_ClqVLVCVqTO.jpg 600w, https:\/\/static-blogs.diariosur.es\/wp-content\/uploads\/sites\/49\/2017\/03\/20170329__1490793459_ClqVLVCVqTO-150x150.jpg 150w, https:\/\/static-blogs.diariosur.es\/wp-content\/uploads\/sites\/49\/2017\/03\/20170329__1490793459_ClqVLVCVqTO-300x300.jpg 300w\" sizes=\"(max-width: 600px) 100vw, 600px\" \/><\/a><\/p>\n<p style=\"text-align: center;\">La bisuter\u00eda la elige discreta, salvo los anillos que le gustan XL. La compra en Adolfo Dom\u00ednguez, Parfois y en firmas locales como Aurea o Appaloosa.<\/p>\n<p style=\"text-align: center;\"><a href=\"\/pasarelaurbana\/wp-content\/uploads\/sites\/49\/2017\/03\/20170329__1490793459_j0s1ZTpZ0u.jpg\"><img loading=\"lazy\" class=\"aligncenter size-full wp-image-9969\" title=\"20170329__1490793459_j0s1ZTpZ0u\" src=\"\/pasarelaurbana\/wp-content\/uploads\/sites\/49\/2017\/03\/20170329__1490793459_j0s1ZTpZ0u.jpg\" alt=\"\" width=\"600\" height=\"600\" srcset=\"https:\/\/static-blogs.diariosur.es\/wp-content\/uploads\/sites\/49\/2017\/03\/20170329__1490793459_j0s1ZTpZ0u.jpg 600w, https:\/\/static-blogs.diariosur.es\/wp-content\/uploads\/sites\/49\/2017\/03\/20170329__1490793459_j0s1ZTpZ0u-150x150.jpg 150w, https:\/\/static-blogs.diariosur.es\/wp-content\/uploads\/sites\/49\/2017\/03\/20170329__1490793459_j0s1ZTpZ0u-300x300.jpg 300w\" sizes=\"(max-width: 600px) 100vw, 600px\" \/><\/a><\/p>\n<p style=\"text-align: center;\">Una muestra de su colecci\u00f3n de gafas de sol, por las que siente debilidad. Las de la foto son de Maltessa, Crossed, Mr Bohoy Ray Ban<\/p>\n<p style=\"text-align: center;\"><a href=\"\/pasarelaurbana\/wp-content\/uploads\/sites\/49\/2017\/03\/bizcocho.jpg\"><img loading=\"lazy\" class=\"aligncenter size-full wp-image-9983\" title=\"bizcocho\" src=\"\/pasarelaurbana\/wp-content\/uploads\/sites\/49\/2017\/03\/bizcocho.jpg\" alt=\"\" width=\"600\" height=\"600\" srcset=\"https:\/\/static-blogs.diariosur.es\/wp-content\/uploads\/sites\/49\/2017\/03\/bizcocho.jpg 600w, https:\/\/static-blogs.diariosur.es\/wp-content\/uploads\/sites\/49\/2017\/03\/bizcocho-150x150.jpg 150w, https:\/\/static-blogs.diariosur.es\/wp-content\/uploads\/sites\/49\/2017\/03\/bizcocho-300x300.jpg 300w\" sizes=\"(max-width: 600px) 100vw, 600px\" \/><\/a><\/p>\n<p style=\"text-align: center;\"><a href=\"\/pasarelaurbana\/wp-content\/uploads\/sites\/49\/2017\/03\/masarmario-9.jpg\"><img loading=\"lazy\" class=\"aligncenter size-full wp-image-9987\" title=\"masarmario (9)\" src=\"\/pasarelaurbana\/wp-content\/uploads\/sites\/49\/2017\/03\/masarmario-9.jpg\" alt=\"\" width=\"600\" height=\"800\" srcset=\"https:\/\/static-blogs.diariosur.es\/wp-content\/uploads\/sites\/49\/2017\/03\/masarmario-9.jpg 600w, https:\/\/static-blogs.diariosur.es\/wp-content\/uploads\/sites\/49\/2017\/03\/masarmario-9-225x300.jpg 225w\" sizes=\"(max-width: 600px) 100vw, 600px\" \/><\/a><\/p>\n<p style=\"text-align: center;\">Desde aqu\u00ed mi gracias a M\u00f3nica por abrirnos las puertas de su casa y regalarnos este desayuno digno de tabl\u00f3n de Pinterest. \u00a1Un placer charlar de moda contigo! Si quer\u00e9is conocer a M\u00f3nica un poco m\u00e1s, os animo a pasaros por su <a href=\"https:\/\/www.instagram.com\/monica_lara\/\" rel=\"external nofollow\">Instagram <\/a>o por su reci\u00e9n inaugurado<a href=\"https:\/\/mothanwords.com\/\" rel=\"external nofollow\"> blog de lifestyle<\/a> ilustrado con fotos preciosas tomadas por su marido<\/p>\n<p style=\"text-align: center;\">S<span style=\"text-decoration: underline;\">U RUTA DE TIENDAS<\/span><\/p>\n<p style=\"text-align: center;\">1. <strong>Asos.<\/strong> Es su templo \u2018on line\u2019 para adquirir prendas originales y diferentes.<br \/>\n2. <strong>Zara<\/strong>. El buque insignia de Inditex juega un papel clave en sus \u2018outfits\u2019.<br \/>\n3. <strong>&#038;Other Stories<\/strong>. Es otra de sus imprescindibles junto a su hermana H&#038;M.<br \/>\n4. <strong>Mango.<\/strong> Lara es asidua a las franquicias y esta tampoco falta en su ruta.<br \/>\n5. <strong>Thirty 30.<\/strong> \u00abMe encanta esta boutique malague\u00f1a para un look de evento\u00bb<\/p>\n<p>&nbsp;<\/p>\n","protected":false},"excerpt":{"rendered":"<p>\u00abLa moda para mi es un arte\u00bb. As\u00ed de rotunda se expresa M\u00f3nica Lara nada m\u00e1s empezar la entrevista. \u00abCrear una colecci\u00f3n y sorprender con la puesta en escena de un desfile es puro arte, igual que en el \u00e1mbito dom\u00e9stico y a otra escala lo es componer un buen look\u00bb, a\u00f1ade esta asistente de [&hellip;]<\/p>\n","protected":false},"author":54,"featured_media":0,"comment_status":"open","ping_status":"open","sticky":false,"template":"","format":"standard","meta":[],"categories":[2],"tags":[],"_links":{"self":[{"href":"https:\/\/blogs.diariosur.es\/pasarelaurbana\/wp-json\/wp\/v2\/posts\/9964"}],"collection":[{"href":"https:\/\/blogs.diariosur.es\/pasarelaurbana\/wp-json\/wp\/v2\/posts"}],"about":[{"href":"https:\/\/blogs.diariosur.es\/pasarelaurbana\/wp-json\/wp\/v2\/types\/post"}],"author":[{"embeddable":true,"href":"https:\/\/blogs.diariosur.es\/pasarelaurbana\/wp-json\/wp\/v2\/users\/54"}],"replies":[{"embeddable":true,"href":"https:\/\/blogs.diariosur.es\/pasarelaurbana\/wp-json\/wp\/v2\/comments?post=9964"}],"version-history":[{"count":0,"href":"https:\/\/blogs.diariosur.es\/pasarelaurbana\/wp-json\/wp\/v2\/posts\/9964\/revisions"}],"wp:attachment":[{"href":"https:\/\/blogs.diariosur.es\/pasarelaurbana\/wp-json\/wp\/v2\/media?parent=9964"}],"wp:term":[{"taxonomy":"category","embeddable":true,"href":"https:\/\/blogs.diariosur.es\/pasarelaurbana\/wp-json\/wp\/v2\/categories?post=9964"},{"taxonomy":"post_tag","embeddable":true,"href":"https:\/\/blogs.diariosur.es\/pasarelaurbana\/wp-json\/wp\/v2\/tags?post=9964"}],"curies":[{"name":"wp","href":"https:\/\/api.w.org\/{rel}","templated":true}]}}