{"id":100,"date":"2009-07-21T18:08:00","date_gmt":"2009-07-21T18:08:00","guid":{"rendered":"http:\/\/blogs.diariosur.es\/tuenti-facebook\/?p=100"},"modified":"2009-07-21T18:08:00","modified_gmt":"2009-07-21T18:08:00","slug":"yahoo-lanza-hoy-eeuu-su-nueva-pagina-inicio","status":"publish","type":"post","link":"https:\/\/blogs.diariosur.es\/soyfriki\/2009\/07\/21\/yahoo-lanza-hoy-eeuu-su-nueva-pagina-inicio\/","title":{"rendered":"Yahoo lanza hoy en EEUU su nueva p\u00e1gina de inicio"},"content":{"rendered":"<p><IMG class=\"imgdcha\" src=\"\/\/www.diariosur.es\/RC\/200904\/22\/Media\/yahoo--253x190.JPG\" id=\"img_0\"><A href=\"http:\/\/yahoo.es\/\" title=\"http:\/\/yahoo.es\" id=\"link_6\">Yahoo<\/a>  tiene previsto lanzar hoy en EEUU una nueva p\u00e1gina de inicio m\u00e1s operativa en la que mezclar\u00e1 sus servicios con accesos externos que podr\u00e1 escoger el internauta con lo que personalizar\u00e1 su sitio, seg\u00fan adelanta <A href=\"http:\/\/www.elpais.com\/articulo\/internet\/cambios\/Yahoo\/llegaran\/Espana\/agosto\/elpeputec\/20090721elpepunet_2\/Tes\" title=\"http:\/\/www.elpais.com\/articulo\/internet\/cambios\/Yahoo\/llegaran\/Espana\/agosto\/elpeputec\/20090721elpepunet_2\/Tes\" id=\"link_0\">Elpais.com<\/a>. En Espa\u00f1a y M\u00e9xico, estos cambios llegar\u00e1n el pr\u00f3ximo mes.<\/p>\n<p>Se trata del cambio m\u00e1s &#8220;radical&#8221; en la historia de Yahoo, seg\u00fan su vicepresidente en el \u00e1rea de experiencia integrada del consumidor, Tapan Bhat. Este anuncio se produce horas antes de que Yahoo presente sus resultados financieros del segundo trimestre, en los que se deben reflejar las medidas de ahorro impuestas por la firma, e informar de su negociaci\u00f3n con Microsoft para crear un servicio conjunto de b\u00fasquedas y publicidad.<\/p>\n<p>La nueva web de Yahoo posibilitar\u00e1 que los internautas puedan incluir en una columna situada en su parte inferior izquierda aplicaciones que muestren el contenido de p\u00e1ginas propias y ajenas, como <A href=\"http:\/\/ebay.com\/\" title=\"http:\/\/ebay.com\" id=\"link_1\">eBay<\/a> , <A href=\"http:\/\/gmail.com\/\" title=\"http:\/\/gmail.com\" id=\"link_2\">Gmail<\/a> , <A href=\"http:\/\/twitter.com\/diario_sur\" title=\"http:\/\/twitter.com\/diario_sur\" id=\"link_3\">Twitter<\/a> , <A href=\"http:\/\/www.facebook.com\/home.php#\/pages\/SURes\/52107727250\" title=\"http:\/\/www.facebook.com\/home.php#\/pages\/SURes\/52107727250\" id=\"link_4\">Facebook<\/a> &#8230;<\/p>\n","protected":false},"excerpt":{"rendered":"<p>Yahoo tiene previsto lanzar hoy en EEUU una nueva p\u00e1gina de inicio m\u00e1s operativa en la que mezclar\u00e1 sus servicios con accesos externos que podr\u00e1 escoger el internauta con lo que personalizar\u00e1 su sitio, seg\u00fan adelanta Elpais.com. En Espa\u00f1a y M\u00e9xico, estos cambios llegar\u00e1n el pr\u00f3ximo mes. Se trata del cambio m\u00e1s &#8220;radical&#8221; en la [&hellip;]<\/p>\n","protected":false},"author":7,"featured_media":0,"comment_status":"open","ping_status":"closed","sticky":false,"template":"","format":"standard","meta":[],"categories":[9],"tags":[139,165,200,483,526],"_links":{"self":[{"href":"https:\/\/blogs.diariosur.es\/soyfriki\/wp-json\/wp\/v2\/posts\/100"}],"collection":[{"href":"https:\/\/blogs.diariosur.es\/soyfriki\/wp-json\/wp\/v2\/posts"}],"about":[{"href":"https:\/\/blogs.diariosur.es\/soyfriki\/wp-json\/wp\/v2\/types\/post"}],"author":[{"embeddable":true,"href":"https:\/\/blogs.diariosur.es\/soyfriki\/wp-json\/wp\/v2\/users\/7"}],"replies":[{"embeddable":true,"href":"https:\/\/blogs.diariosur.es\/soyfriki\/wp-json\/wp\/v2\/comments?post=100"}],"version-history":[{"count":0,"href":"https:\/\/blogs.diariosur.es\/soyfriki\/wp-json\/wp\/v2\/posts\/100\/revisions"}],"wp:attachment":[{"href":"https:\/\/blogs.diariosur.es\/soyfriki\/wp-json\/wp\/v2\/media?parent=100"}],"wp:term":[{"taxonomy":"category","embeddable":true,"href":"https:\/\/blogs.diariosur.es\/soyfriki\/wp-json\/wp\/v2\/categories?post=100"},{"taxonomy":"post_tag","embeddable":true,"href":"https:\/\/blogs.diariosur.es\/soyfriki\/wp-json\/wp\/v2\/tags?post=100"}],"curies":[{"name":"wp","href":"https:\/\/api.w.org\/{rel}","templated":true}]}}