{"id":1002,"date":"2014-02-19T18:02:43","date_gmt":"2014-02-19T17:02:43","guid":{"rendered":"http:\/\/blogs.diariosur.es\/soyfriki\/?p=1002"},"modified":"2014-02-19T18:02:43","modified_gmt":"2014-02-19T17:02:43","slug":"las-claves-del-papa-puede-ensenarte-sobre-como-usar-twitter","status":"publish","type":"post","link":"https:\/\/blogs.diariosur.es\/soyfriki\/2014\/02\/19\/las-claves-del-papa-puede-ensenarte-sobre-como-usar-twitter\/","title":{"rendered":"Las claves del Papa para tener \u00e9xito en Twitter"},"content":{"rendered":"<p><span style=\"font-size: x-small;\">No es la primera vez que la Iglesia Cat\u00f3lica de Roma intenta fabricar un <strong>Papa &#8216;tuitero&#8217;<\/strong>. Lo intent\u00f3 con <strong>Ratzinger<\/strong> (<strong>Benedicto XVI<\/strong>) el primero de la historia. Pero ni fr\u00edo ni calor. La apuesta por el <strong>Papa Francisco<\/strong> le ha salido redonda y <strong>Twitter<\/strong> se ha convertido en una <strong>herramienta<\/strong> m\u00e1s de evangelizaci\u00f3n. Los fieles como followers. Amparado por un \u00e9xito en cifras en los perfiles oficiales, porque <strong><a href=\"twitter.com\/@Pontifex\">@Pontifex<\/a><\/strong>, m\u00e1s de<strong> 11 millones de seguidores<\/strong>.<\/span><\/p>\n<p><a href=\"\/soyfriki\/wp-content\/uploads\/sites\/14\/2014\/02\/papa-francisco1.jpg\"><img loading=\"lazy\" class=\"aligncenter size-full wp-image-1003\" title=\"papa-francisco[1]\" src=\"\/soyfriki\/wp-content\/uploads\/sites\/14\/2014\/02\/papa-francisco1-e1392828841751.jpg\" alt=\"\" width=\"600\" height=\"316\" srcset=\"https:\/\/static-blogs.diariosur.es\/wp-content\/uploads\/sites\/14\/2014\/02\/papa-francisco1-e1392828841751.jpg 600w, https:\/\/static-blogs.diariosur.es\/wp-content\/uploads\/sites\/14\/2014\/02\/papa-francisco1-e1392828841751-300x158.jpg 300w\" sizes=\"(max-width: 600px) 100vw, 600px\" \/><\/a><\/p>\n<p><span style=\"font-size: x-small;\">En el <a href=\"http:\/\/es.socialbro.com\/blog-es\/8-aspectos-como-usa-twitter-el-papa\" target=\"_blank\" rel=\"external nofollow\"><strong>blog de SocialBro<\/strong> <\/a>han querido analizar el secreto de su <strong>\u00e9xito social<\/strong> y destacan &#8220;la constancia del <strong>Papa<\/strong> y su estilo informal a la hora de tuitear&#8221;, que le han convertido en el l\u00edder mundial m\u00e1s retuiteado. Marcan 8 claves:<\/span><\/p>\n<p><span style=\"font-size: x-small; color: #000080;\"><strong>1. Lleva su mensaje donde encontrar a su p\u00fablico objetivo.<\/strong><\/span><\/p>\n<p><span style=\"font-size: x-small;\"> Su <strong>audiencia<\/strong> son los j\u00f3venes, y sabe d\u00f3nde est\u00e1n.<\/span><\/p>\n<p><span style=\"font-size: x-small; color: #000080;\"><strong>2. Habla su idioma.<\/strong> <\/span><\/p>\n<p><span style=\"font-size: x-small;\">Tiene cuentas oficiales en espa\u00f1ol, \u00e1rabe, franc\u00e9s, alem\u00e1n, italiano, portugu\u00e9s, polaco y, por supuesto, lat\u00edn.<\/span><\/p>\n<p><span style=\"font-size: x-small; color: #000080;\"><strong>3. Es constante y tuitea de forma regular.\u00a0<\/strong><\/span><\/p>\n<p><span style=\"font-size: x-small;\">Aumenta el &#8216;<strong>engagement<\/strong>&#8216; y estrecha las relaciones con su comunidad.<\/span><\/p>\n<p><span style=\"font-size: x-small; color: #000080;\"><strong>4. Programa sus publicaciones.<\/strong> <\/span><\/p>\n<p><span style=\"font-size: x-small;\">Lleva el &#8216;timing&#8217; y conoce horas y fechas para tuitear, aumentando el alcance.<\/span><\/p>\n<p><span style=\"font-size: x-small; color: #000080;\"><strong>5. Usa hashtags para transmitir ideas. <\/strong><\/span><\/p>\n<p><span style=\"font-size: x-small;\">Recientemente, promovi\u00f3 el exitoso hashtag<strong> <a href=\"https:\/\/twitter.com\/search?q=%23PrayforPeace\" target=\"_blank\" rel=\"external nofollow\">#prayforpeace<\/a>.<\/strong><\/span><\/p>\n<p>&nbsp;<\/p>\n<blockquote class=\"twitter-tweet\" lang=\"es\"><p>Let the cry for peace ring out in all the world!<a href=\"https:\/\/twitter.com\/search?q=%23prayforpeace&#038;src=hash\" rel=\"external nofollow\">#prayforpeace<\/a><\/p>\n<p>\u2014 Pope Francis (@Pontifex) <a href=\"https:\/\/twitter.com\/Pontifex\/statuses\/375291902515355648\" rel=\"external nofollow\">septiembre 4, 2013<\/a><\/p><\/blockquote>\n<p>&nbsp;<\/p>\n<p>&nbsp;<\/p>\n<p><span style=\"font-size: x-small; color: #000080;\"><strong>6. Es sencillo y directo.<\/strong> <\/span><\/p>\n<p><span style=\"font-size: x-small;\">Cada tuit sirve para enviar un mensaje \u00fanico, favoreciendo su traducci\u00f3n.<\/span><\/p>\n<p><span style=\"font-size: x-small; color: #000080;\"><strong>7. El &#8216;engagement&#8217;.<\/strong> <\/span><\/p>\n<p><span style=\"font-size: x-small;\">Tiene 4 veces menos seguidores que <strong>Barack Obama<\/strong>, pero sus mensajes se <strong>retuitean<\/strong> una media de <strong>11.000 veces<\/strong>, y los del presidente s\u00f3lo <strong>2.300<\/strong>.<\/span><\/p>\n<p><span style=\"color: #000080; font-size: x-small;\"><strong>8. Piensa en multiplataforma.<\/strong><\/span><\/p>\n<p><span style=\"font-size: x-small;\">En 2013, por ejemplo, abri\u00f3 su cuenta oficial en <strong><a href=\"http:\/\/instagram.com\/popefrancis\" target=\"_blank\" rel=\"external nofollow\">Instagram<\/a><\/strong>, ahora con <strong>17K seguidores<\/strong>.<\/span><\/p>\n<p><iframe loading=\"lazy\" src=\"\/\/instagram.com\/p\/gc3JJNlUZ4\/embed\/\" frameborder=\"0\" scrolling=\"no\" width=\"600\" height=\"700\"><\/iframe><\/p>\n","protected":false},"excerpt":{"rendered":"<p>No es la primera vez que la Iglesia Cat\u00f3lica de Roma intenta fabricar un Papa &#8216;tuitero&#8217;. Lo intent\u00f3 con Ratzinger (Benedicto XVI) el primero de la historia. Pero ni fr\u00edo ni calor. La apuesta por el Papa Francisco le ha salido redonda y Twitter se ha convertido en una herramienta m\u00e1s de evangelizaci\u00f3n. Los fieles [&hellip;]<\/p>\n","protected":false},"author":7,"featured_media":0,"comment_status":"open","ping_status":"open","sticky":false,"template":"","format":"standard","meta":[],"categories":[10,11],"tags":[220,239,388,623,483],"_links":{"self":[{"href":"https:\/\/blogs.diariosur.es\/soyfriki\/wp-json\/wp\/v2\/posts\/1002"}],"collection":[{"href":"https:\/\/blogs.diariosur.es\/soyfriki\/wp-json\/wp\/v2\/posts"}],"about":[{"href":"https:\/\/blogs.diariosur.es\/soyfriki\/wp-json\/wp\/v2\/types\/post"}],"author":[{"embeddable":true,"href":"https:\/\/blogs.diariosur.es\/soyfriki\/wp-json\/wp\/v2\/users\/7"}],"replies":[{"embeddable":true,"href":"https:\/\/blogs.diariosur.es\/soyfriki\/wp-json\/wp\/v2\/comments?post=1002"}],"version-history":[{"count":0,"href":"https:\/\/blogs.diariosur.es\/soyfriki\/wp-json\/wp\/v2\/posts\/1002\/revisions"}],"wp:attachment":[{"href":"https:\/\/blogs.diariosur.es\/soyfriki\/wp-json\/wp\/v2\/media?parent=1002"}],"wp:term":[{"taxonomy":"category","embeddable":true,"href":"https:\/\/blogs.diariosur.es\/soyfriki\/wp-json\/wp\/v2\/categories?post=1002"},{"taxonomy":"post_tag","embeddable":true,"href":"https:\/\/blogs.diariosur.es\/soyfriki\/wp-json\/wp\/v2\/tags?post=1002"}],"curies":[{"name":"wp","href":"https:\/\/api.w.org\/{rel}","templated":true}]}}