{"id":1016,"date":"2014-03-08T12:43:30","date_gmt":"2014-03-08T11:43:30","guid":{"rendered":"http:\/\/blogs.diariosur.es\/soyfriki\/?p=1016"},"modified":"2014-03-08T12:43:30","modified_gmt":"2014-03-08T11:43:30","slug":"por-que-whatsapp-se-actualizara-en-14-dias-hay-una-version-mas-reciente","status":"publish","type":"post","link":"https:\/\/blogs.diariosur.es\/soyfriki\/2014\/03\/08\/por-que-whatsapp-se-actualizara-en-14-dias-hay-una-version-mas-reciente\/","title":{"rendered":"\u00bfPor qu\u00e9 Whatsapp se actualizar\u00e1 en 14 d\u00edas? \u00bfHay una versi\u00f3n m\u00e1s reciente?"},"content":{"rendered":"<p><span style=\"font-size: x-small; color: #000000;\">Desde que <a href=\"http:\/\/www.diariosur.es\/v\/20140220\/sociedad\/facebook-anuncia-compra-whatsapp-20140220.html\" rel=\"external nofollow\"><span style=\"color: #000000;\"><strong>Facebook<\/strong> adquiriera <strong>Whatsapp<\/strong><\/span><\/a>, no han dejado de circular rumores sobre su futuro a medio plazo de la <strong>aplicaci\u00f3n de mensajer\u00eda gratuita<\/strong>. Desde la desaparici\u00f3n a la integraci\u00f3n con la plataforma de <strong>Zuckerberg<\/strong>. <a href=\"http:\/\/www.diariosur.es\/20140222\/mas-actualidad\/tecnologia\/nueva-caida-servicio-whatsapp-201402222040.html\" rel=\"external nofollow\"><span style=\"color: #000000;\">Fallos de servicio<\/span><\/a> muy recientes, acrecentaron las dudas. Sin embargo, desde ayer ha comenzado a aparecer este mensaje a todos los usuarios: <em><strong>\u2018Se requiere una actualizaci\u00f3n de software. Esta versi\u00f3n de Whatsapp necesitar\u00e1 actualizarse en 14 d\u00edas. \u00bfActualizar a la versi\u00f3n m\u00e1s reciente? Cancelar. Aceptar\u201d.<\/strong><\/em><\/span><\/p>\n<p><img loading=\"lazy\" class=\"size-full wp-image-1018 aligncenter\" title=\"mensaje-actualizacion-whatsapp-14dias\" src=\"\/soyfriki\/wp-content\/uploads\/sites\/14\/2014\/03\/mensaje-actualizacion-whatsapp-14dias.png\" alt=\"\" width=\"362\" height=\"221\" srcset=\"https:\/\/static-blogs.diariosur.es\/wp-content\/uploads\/sites\/14\/2014\/03\/mensaje-actualizacion-whatsapp-14dias.png 362w, https:\/\/static-blogs.diariosur.es\/wp-content\/uploads\/sites\/14\/2014\/03\/mensaje-actualizacion-whatsapp-14dias-300x183.png 300w\" sizes=\"(max-width: 362px) 100vw, 362px\" \/><\/p>\n<p>&nbsp;<\/p>\n<p><span style=\"font-size: x-small; color: #000000;\">Da igual que acabes de instalar la \u00faltima versi\u00f3n, el mensaje te aparecer\u00e1 una y otra vez. S<\/span><span style=\"font-size: x-small;\">i decides pinchar en <\/span><strong style=\"font-size: x-small;\">Actualizar<\/strong><span style=\"font-size: x-small;\">, esta opci\u00f3n de abrir\u00e1 <\/span><strong style=\"font-size: x-small;\">Google Play<\/strong><span style=\"font-size: x-small;\"> y s\u00f3lo podr\u00e1s abrir o desinstalar. \u00bfD\u00f3nde est\u00e1 la novedad? <\/span><\/p>\n<p><span style=\"font-size: x-small;\">Como siempre <\/span><strong style=\"font-size: x-small;\">Whatsapp<\/strong><span style=\"font-size: x-small;\"> est\u00e1 tardando en responder a qu\u00e9 se debe esta alerta de actualizaci\u00f3n que no lleva a ninguna parte. Algunos <\/span><strong style=\"font-size: x-small;\">blogs como El Androide Libre o XatakaMovil<\/strong><span style=\"font-size: x-small;\">\u00a0expertos en la materia apuntan a que puede ser s\u00f3lo <\/span><a href=\"http:\/\/www.elandroidelibre.com\/2014\/03\/whatsapp-se-actualizara-en-14-dias-a-ti-tambien-te-ha-aparecido-este-mensaje.html\" rel=\"external nofollow\"><span style=\"color: #000000;\">un <strong>error de la<\/strong> <strong>app<\/strong><\/span><\/a><span style=\"font-size: x-small;\">, que ha dejado algunas partes del c\u00f3digo de la <\/span><strong style=\"font-size: x-small;\">versi\u00f3n Beta.<\/strong><span style=\"font-size: x-small;\">\u00a0Yendo m\u00e1s all\u00e1, que al aceptar,<\/span><a href=\"http:\/\/www.xatakandroid.com\/comunicacion-y-mensajeria\/whatsapp-se-actualiza-en-google-play-y-avisa-que-se-requiere-otra-version-mas-reciente-inexistente\" rel=\"external nofollow\"><span style=\"color: #000000;\"><strong> descargas una actualizaci\u00f3n en segundo plano<\/strong> <\/span><\/a><span style=\"font-size: x-small;\">que servir\u00e1 a <\/span><a href=\"https:\/\/blogs.diariosur.es\/soyfriki\/tag\/facebook\/\"><span style=\"color: #000000;\"><strong>Facebook<\/strong> <\/span><\/a><span style=\"font-size: x-small;\">para obtener estad\u00edsticas de uso.<\/span><\/p>\n<p><span style=\"font-size: x-small; color: #000000;\">Es lo que tiene la desinformaci\u00f3n, que da lugar a la especulaci\u00f3n. <strong>\u00bfA qu\u00e9 crees t\u00fa que se debe este mensaje?<\/strong><\/span><\/p>\n","protected":false},"excerpt":{"rendered":"<p>Desde que Facebook adquiriera Whatsapp, no han dejado de circular rumores sobre su futuro a medio plazo de la aplicaci\u00f3n de mensajer\u00eda gratuita. Desde la desaparici\u00f3n a la integraci\u00f3n con la plataforma de Zuckerberg. Fallos de servicio muy recientes, acrecentaron las dudas. Sin embargo, desde ayer ha comenzado a aparecer este mensaje a todos los [&hellip;]<\/p>\n","protected":false},"author":7,"featured_media":0,"comment_status":"open","ping_status":"open","sticky":false,"template":"","format":"standard","meta":[],"categories":[8],"tags":[165,515],"_links":{"self":[{"href":"https:\/\/blogs.diariosur.es\/soyfriki\/wp-json\/wp\/v2\/posts\/1016"}],"collection":[{"href":"https:\/\/blogs.diariosur.es\/soyfriki\/wp-json\/wp\/v2\/posts"}],"about":[{"href":"https:\/\/blogs.diariosur.es\/soyfriki\/wp-json\/wp\/v2\/types\/post"}],"author":[{"embeddable":true,"href":"https:\/\/blogs.diariosur.es\/soyfriki\/wp-json\/wp\/v2\/users\/7"}],"replies":[{"embeddable":true,"href":"https:\/\/blogs.diariosur.es\/soyfriki\/wp-json\/wp\/v2\/comments?post=1016"}],"version-history":[{"count":0,"href":"https:\/\/blogs.diariosur.es\/soyfriki\/wp-json\/wp\/v2\/posts\/1016\/revisions"}],"wp:attachment":[{"href":"https:\/\/blogs.diariosur.es\/soyfriki\/wp-json\/wp\/v2\/media?parent=1016"}],"wp:term":[{"taxonomy":"category","embeddable":true,"href":"https:\/\/blogs.diariosur.es\/soyfriki\/wp-json\/wp\/v2\/categories?post=1016"},{"taxonomy":"post_tag","embeddable":true,"href":"https:\/\/blogs.diariosur.es\/soyfriki\/wp-json\/wp\/v2\/tags?post=1016"}],"curies":[{"name":"wp","href":"https:\/\/api.w.org\/{rel}","templated":true}]}}