{"id":1021,"date":"2014-03-11T13:59:00","date_gmt":"2014-03-11T12:59:00","guid":{"rendered":"http:\/\/blogs.diariosur.es\/soyfriki\/?p=1021"},"modified":"2014-03-11T13:59:00","modified_gmt":"2014-03-11T12:59:00","slug":"1021","status":"publish","type":"post","link":"https:\/\/blogs.diariosur.es\/soyfriki\/2014\/03\/11\/1021\/","title":{"rendered":"Huesca capital mundial del Periodismo Digital"},"content":{"rendered":"<p><span style=\"font-size: x-small;\"><a href=\"\/soyfriki\/wp-content\/uploads\/sites\/14\/2014\/03\/941939_10151431155522233_579095587_n-e1394542382877.jpg\"><img loading=\"lazy\" class=\"alignright size-full wp-image-1022\" title=\"941939_10151431155522233_579095587_n\" src=\"\/soyfriki\/wp-content\/uploads\/sites\/14\/2014\/03\/941939_10151431155522233_579095587_n-e1394542382877.jpg\" alt=\"\" width=\"300\" height=\"450\" srcset=\"https:\/\/static-blogs.diariosur.es\/wp-content\/uploads\/sites\/14\/2014\/03\/941939_10151431155522233_579095587_n-e1394542382877.jpg 300w, https:\/\/static-blogs.diariosur.es\/wp-content\/uploads\/sites\/14\/2014\/03\/941939_10151431155522233_579095587_n-e1394542382877-200x300.jpg 200w\" sizes=\"(max-width: 300px) 100vw, 300px\" \/><\/a>\u00a1Nos vamos para <strong>Huesca<\/strong>! Esta semana Huesca es capital mundial de la comunicaci\u00f3n, porque se celebra el <strong>XV Congreso de Periodismo Digital<\/strong>. La comunicaci\u00f3n en <strong>redes sociales<\/strong> ser\u00e1 el eje vertebrador de esta edici\u00f3n, que se celebrar\u00e1 del 12 al 14 de marzo en la capital altoaragonesa.<\/span><\/p>\n<p><span style=\"font-size: x-small;\">Ser\u00e1 porque en <strong>SUR<\/strong> lo hacemos bien, o al menos lo intentamos con af\u00e1n, nos han invitado a participar en una mesa llamada<strong> \u2018De la web al papel. De la gesti\u00f3n de la participaci\u00f3n a la generaci\u00f3n de contenidos\u2019<\/strong>. Junto a <strong>Javier Barrera<\/strong>, de <strong>Ideal de Granada<\/strong>; <strong>Jes\u00fas Ollero<\/strong>, de <strong>Diario de Sevilla<\/strong> y <strong>Joly Digital<\/strong>, y <strong>Tom\u00e1s Garc\u00eda<\/strong>, de <strong>la Voz de Galicia<\/strong>. Pedazo de plantel. A hacerlo muy bien ma\u00f1ana desde las 12 horas, que es cuando se abre la previa al encuentro con gente como <strong>Nacho Escolar (eldiario.es)<\/strong>, <strong>Enric Sierra (vanguardia.es)<\/strong>, <strong>Gumersindo Lafuente<\/strong> y <strong>Ram\u00f3n Salaverr\u00eda<\/strong>.<\/span><\/p>\n<p><span style=\"font-size: x-small;\">Sobre la mesa 2 proyectos que nos encant\u00f3 llevar adelante. La iniciativa <strong>60.000 Buenas Noticias<\/strong> que celebramos en <strong>La Noche En Blanco<\/strong> de 2013. Repartimos millares de pajaritas de para que los lectores llevaran con sus mensajes al stand de los <strong>#60MILDESEOS<\/strong>, y se dejaron volar con globos al cielo de la noche malague\u00f1a. Y la de <strong>#tengo70000amigos<\/strong>, cuando la propia<strong> redacci\u00f3n de SUR<\/strong> celebr\u00f3 sus 70000 followers en Twitter con fotos y mensajes transmitiendo muy buen rollo.<\/span><\/p>\n<p><span style=\"font-size: x-small;\">Y desde el jueves el congreso se inaugura oficialmente con la ponencia<strong> &#8216;Cobrar por la informaci\u00f3n: el muro de pago y sus alternativas&#8217;<\/strong>. <strong>Nacho Escolar (Eldiario.es)<\/strong>, <strong>Carles Capdevila (Diari Ara)<\/strong> y <strong>Jes\u00fas Mara\u00f1a (Infolibre.es)<\/strong> explicar\u00e1n las distintas estrategias que siguen para obtener ingresos. Muchos nombres y muchos temas, porque <strong>Manuel Moreno (@TreceBits)\u00a0<\/strong>\u00a0impartir\u00e1 la charla<strong> &#8216;C\u00f3mo puede el periodista sacar el m\u00e1ximo partido a las redes sociales&#8217;<\/strong>. Moreno explicar\u00e1 las <strong>herramientas 2.0<\/strong> que se pueden usar en una redacci\u00f3n en el d\u00eda a d\u00eda y dar\u00e1 las claves para que cada periodista pueda gestionar su presencia en las redes sociales.<\/span><\/p>\n<p><span style=\"font-size: x-small;\">Y para descubrir cosas nuevas, nuevos proyectos period\u00edsticos mostrar\u00e1n los caminos que ayudan a los periodistas a convertirse en emprendedores.<strong> Idoia Sota (Acuerdo.us)<\/strong>, <strong>Itxu D\u00edaz (TheObjective.com)<\/strong>, <strong>Manuel Benito (Porcentual.es)<\/strong>, <strong>Montserrat Garc\u00eda (Tmex.es)<\/strong>, <strong>Daniel Montero (Informacionsensible.com)<\/strong>, <strong>Helena Vicente (OntheRecord.es)<\/strong>, <strong>Marta Bac (Madridandme.com)<\/strong> y <strong>Javier Moya (Revistadon.com)<\/strong> presentar\u00e1n sus iniciativas.<\/span><\/p>\n<p><span style=\"font-size: x-small;\"><a href=\"http:\/\/congresoperiodismo.rondasomontano.com\/\" target=\"_blank\" rel=\"external nofollow\">Y si lo quieres seguir todo en directo- \u00a0http:\/\/congresoperiodismo.rondasomontano.com\/<\/a><\/span><\/p>\n<p><a href=\"\/soyfriki\/wp-content\/uploads\/sites\/14\/2014\/03\/grupo-e1394542661922.jpg\"><img loading=\"lazy\" class=\"aligncenter size-full wp-image-1023\" title=\"grupo\" src=\"\/soyfriki\/wp-content\/uploads\/sites\/14\/2014\/03\/grupo-e1394542661922.jpg\" alt=\"\" width=\"600\" height=\"288\" srcset=\"https:\/\/static-blogs.diariosur.es\/wp-content\/uploads\/sites\/14\/2014\/03\/grupo-e1394542661922.jpg 600w, https:\/\/static-blogs.diariosur.es\/wp-content\/uploads\/sites\/14\/2014\/03\/grupo-e1394542661922-300x144.jpg 300w\" sizes=\"(max-width: 600px) 100vw, 600px\" \/><\/a><\/p>\n","protected":false},"excerpt":{"rendered":"<p>\u00a1Nos vamos para Huesca! Esta semana Huesca es capital mundial de la comunicaci\u00f3n, porque se celebra el XV Congreso de Periodismo Digital. La comunicaci\u00f3n en redes sociales ser\u00e1 el eje vertebrador de esta edici\u00f3n, que se celebrar\u00e1 del 12 al 14 de marzo en la capital altoaragonesa. Ser\u00e1 porque en SUR lo hacemos bien, o [&hellip;]<\/p>\n","protected":false},"author":7,"featured_media":0,"comment_status":"open","ping_status":"open","sticky":false,"template":"","format":"standard","meta":[],"categories":[13,5,10],"tags":[],"_links":{"self":[{"href":"https:\/\/blogs.diariosur.es\/soyfriki\/wp-json\/wp\/v2\/posts\/1021"}],"collection":[{"href":"https:\/\/blogs.diariosur.es\/soyfriki\/wp-json\/wp\/v2\/posts"}],"about":[{"href":"https:\/\/blogs.diariosur.es\/soyfriki\/wp-json\/wp\/v2\/types\/post"}],"author":[{"embeddable":true,"href":"https:\/\/blogs.diariosur.es\/soyfriki\/wp-json\/wp\/v2\/users\/7"}],"replies":[{"embeddable":true,"href":"https:\/\/blogs.diariosur.es\/soyfriki\/wp-json\/wp\/v2\/comments?post=1021"}],"version-history":[{"count":0,"href":"https:\/\/blogs.diariosur.es\/soyfriki\/wp-json\/wp\/v2\/posts\/1021\/revisions"}],"wp:attachment":[{"href":"https:\/\/blogs.diariosur.es\/soyfriki\/wp-json\/wp\/v2\/media?parent=1021"}],"wp:term":[{"taxonomy":"category","embeddable":true,"href":"https:\/\/blogs.diariosur.es\/soyfriki\/wp-json\/wp\/v2\/categories?post=1021"},{"taxonomy":"post_tag","embeddable":true,"href":"https:\/\/blogs.diariosur.es\/soyfriki\/wp-json\/wp\/v2\/tags?post=1021"}],"curies":[{"name":"wp","href":"https:\/\/api.w.org\/{rel}","templated":true}]}}