{"id":1031,"date":"2014-05-14T13:46:43","date_gmt":"2014-05-14T11:46:43","guid":{"rendered":"http:\/\/blogs.diariosur.es\/soyfriki\/?p=1031"},"modified":"2014-05-14T13:46:43","modified_gmt":"2014-05-14T11:46:43","slug":"llega-soy-comunicador-iii-al-cac-malaga-con-carlos-fernandez-de-policia-como-estrella","status":"publish","type":"post","link":"https:\/\/blogs.diariosur.es\/soyfriki\/2014\/05\/14\/llega-soy-comunicador-iii-al-cac-malaga-con-carlos-fernandez-de-policia-como-estrella\/","title":{"rendered":"Llega Soy Comunicador III al CAC M\u00e1laga con Carlos Fern\u00e1ndez de @Policia como estrella"},"content":{"rendered":"<p><a href=\"\/soyfriki\/wp-content\/uploads\/sites\/14\/2014\/05\/63731281.jpg\"><img loading=\"lazy\" class=\"alignright size-full wp-image-1033\" title=\"DOCU_SUR\" src=\"\/soyfriki\/wp-content\/uploads\/sites\/14\/2014\/05\/63731281.jpg\" alt=\"\" width=\"300\" height=\"214\" \/><\/a><span style=\"font-size: x-small;\">Este jueves 15 de mayo vuelve<a href=\"www.soycomunicador.com\/\" target=\"_blank\"> <strong>Soy Comunicador, III Jornada Andaluza de Comunicaci\u00f3n Estrat\u00e9gica<\/strong><\/a> al <strong><a href=\"http:\/\/cacmalaga.eu\/\" target=\"_blank\" rel=\"external nofollow\">CAC M\u00e1laga<\/a><\/strong>. Un punto de encuentro de comunicadores andalucescon las ponencias de diversos profesionales de la <strong>Comunicaci\u00f3n Corporativa offline y 2.0<\/strong>. El objetivo de <strong>Soy Comunicador<\/strong> es poner en valor la profesi\u00f3n del <strong>director de comunicaci\u00f3n<\/strong>, de las <strong>agencias de RRPP<\/strong> y de la <strong>comunicaci\u00f3n estrat\u00e9gica<\/strong>en general. Este evento est\u00e1 organizado por <strong>Proactive Press, theRoom1.0 y CAC M\u00e1laga<\/strong>.<\/span><\/p>\n<p><span style=\"font-size: x-small;\">Entre los ponentes de esta tercera edici\u00f3n de <strong>Soy Comunicador<\/strong> destaca <strong><a href=\"https:\/\/twitter.com\/carfergue\" target=\"_blank\" rel=\"external nofollow\">Carlos Fern\u00e1ndez Guerra<\/a><\/strong>, <strong>Community Manager de <a href=\"https:\/\/twitter.com\/policia\" target=\"_blank\" rel=\"external nofollow\">@policia<\/a><\/strong>, que por primera vez estar\u00e1 en M\u00e1laga para compartir su experiencia y explicar c\u00f3mo ha conseguido que esta cuenta de <strong>Twitter<\/strong> sea referencia de todos los cuerpos de seguridad del mundo.<\/span><\/p>\n<p><span style=\"font-size: x-small;\">Durante la jornada tambi\u00e9n estar\u00e1n:<\/span><\/p>\n<p><span style=\"font-size: x-small;\">\u2022 <a href=\"https:\/\/twitter.com\/MarietaJaure\" target=\"_blank\" rel=\"external nofollow\">Marieta Jaureguizar<\/a>, Coordinadora de Comunicaci\u00f3n de <strong><a href=\"www.gm.com\" target=\"_blank\">General Motors Espa\u00f1a<\/a><\/strong>.<\/span><\/p>\n<p><span style=\"font-size: x-small;\">\u2022 <a href=\"www.linkedin.com\/pub\/dir\/Aurora\/Garcia\" target=\"_blank\">Aurora Garc\u00eda<\/a>, directora de Corporativo de la agencia de RRPP<strong> <a href=\"www.ketchum.com\" target=\"_blank\">Ketchum<\/a><\/strong><\/span><\/p>\n<p><span style=\"font-size: x-small;\">\u2022 <a href=\"https:\/\/twitter.com\/lakshmiaguirre\" target=\"_blank\" rel=\"external nofollow\">Lakshmi Aguirre<\/a>, Community Manager de <strong><a href=\"https:\/\/twitter.com\/malaga\" target=\"_blank\" rel=\"external nofollow\">@malaga<\/a><\/strong><\/span><\/p>\n<p><span style=\"font-size: x-small;\">\u2022<a href=\"http:\/\/es.linkedin.com\/pub\/wanda-cuseo\/1a\/437\/465\" target=\"_blank\" rel=\"external nofollow\"> Wanda Cuseo<\/a>, directora de Comunicaci\u00f3n de <strong><a href=\"www.surgenia.es\" target=\"_blank\">Surgenia<\/a><\/strong><\/span><\/p>\n<p><span style=\"font-size: x-small;\">\u2022 <a href=\"http:\/\/es.linkedin.com\/in\/espinar\" target=\"_blank\" rel=\"external nofollow\">David Espinar<\/a>, consultor de RSC y socio fundador de<strong> <a href=\"www.fortespconsultores.com\" target=\"_blank\">FortEsp Consultores<\/a><\/strong><\/span><\/p>\n<p><span style=\"font-size: x-small;\">\u2022<a href=\"http:\/\/es.linkedin.com\/pub\/jorge-oliva\/40\/41b\/a4b\" target=\"_blank\" rel=\"external nofollow\"> Jorge Oliva<\/a>, director de Marketing Digital y Comunicaci\u00f3n de <strong><a href=\"www.puleva.es\/\" target=\"_blank\">Lactalis Puleva<\/a><\/strong><\/span><\/p>\n<p><span style=\"font-size: x-small;\"><strong>TOMA NOTA<\/strong><\/span><\/p>\n<p><span style=\"font-size: x-small;\">\u2022\u00a0Fecha: Jueves 15\/05\/14<\/span><\/p>\n<p><span style=\"font-size: x-small;\">\u2022\u00a0Lugar: Sal\u00f3n de Actos CAC M\u00e1laga<\/span><\/p>\n<p><span style=\"font-size: x-small;\">\u2022\u00a0Horario: desde las 10.00h hasta las 19.00h<\/span><\/p>\n<p><span style=\"font-size: x-small;\"><a href=\"www.ticketea.com\/soy-comunicador-iii\" target=\"_blank\">\u2022\u00a0Inscripciones a jornada completa (30\u20ac), o para media jornada (18\u20ac).<\/a><\/span><\/p>\n<p><span style=\"font-size: x-small;\">\u2022\u00a0Puedes consultar el programa en <a href=\"www.soycomunicador.com\/programa.php\" target=\"_blank\">www.soycomunicador.com\/programa.php<\/a><\/span><\/p>\n","protected":false},"excerpt":{"rendered":"<p>Este jueves 15 de mayo vuelve Soy Comunicador, III Jornada Andaluza de Comunicaci\u00f3n Estrat\u00e9gica al CAC M\u00e1laga. Un punto de encuentro de comunicadores andalucescon las ponencias de diversos profesionales de la Comunicaci\u00f3n Corporativa offline y 2.0. El objetivo de Soy Comunicador es poner en valor la profesi\u00f3n del director de comunicaci\u00f3n, de las agencias de [&hellip;]<\/p>\n","protected":false},"author":7,"featured_media":0,"comment_status":"open","ping_status":"open","sticky":false,"template":"","format":"standard","meta":[],"categories":[5,7],"tags":[159,165,281,388,483],"_links":{"self":[{"href":"https:\/\/blogs.diariosur.es\/soyfriki\/wp-json\/wp\/v2\/posts\/1031"}],"collection":[{"href":"https:\/\/blogs.diariosur.es\/soyfriki\/wp-json\/wp\/v2\/posts"}],"about":[{"href":"https:\/\/blogs.diariosur.es\/soyfriki\/wp-json\/wp\/v2\/types\/post"}],"author":[{"embeddable":true,"href":"https:\/\/blogs.diariosur.es\/soyfriki\/wp-json\/wp\/v2\/users\/7"}],"replies":[{"embeddable":true,"href":"https:\/\/blogs.diariosur.es\/soyfriki\/wp-json\/wp\/v2\/comments?post=1031"}],"version-history":[{"count":0,"href":"https:\/\/blogs.diariosur.es\/soyfriki\/wp-json\/wp\/v2\/posts\/1031\/revisions"}],"wp:attachment":[{"href":"https:\/\/blogs.diariosur.es\/soyfriki\/wp-json\/wp\/v2\/media?parent=1031"}],"wp:term":[{"taxonomy":"category","embeddable":true,"href":"https:\/\/blogs.diariosur.es\/soyfriki\/wp-json\/wp\/v2\/categories?post=1031"},{"taxonomy":"post_tag","embeddable":true,"href":"https:\/\/blogs.diariosur.es\/soyfriki\/wp-json\/wp\/v2\/tags?post=1031"}],"curies":[{"name":"wp","href":"https:\/\/api.w.org\/{rel}","templated":true}]}}