{"id":1036,"date":"2014-06-02T18:05:31","date_gmt":"2014-06-02T16:05:31","guid":{"rendered":"http:\/\/blogs.diariosur.es\/soyfriki\/?p=1036"},"modified":"2014-06-02T18:05:31","modified_gmt":"2014-06-02T16:05:31","slug":"como-reclamar-por-la-caida-de-la-red-movil-de-ono","status":"publish","type":"post","link":"https:\/\/blogs.diariosur.es\/soyfriki\/2014\/06\/02\/como-reclamar-por-la-caida-de-la-red-movil-de-ono\/","title":{"rendered":"C\u00f3mo reclamar por la ca\u00edda de la red m\u00f3vil de Ono."},"content":{"rendered":"<p><span style=\"font-size: x-small;\">La red m\u00f3vil de Ono sufr\u00eda ayer <a href=\"http:\/\/www.diariosur.es\/20140601\/mas-actualidad\/tecnologia\/movil-sufre-caida-nivel-201406012150.html\" target=\"_blank\" rel=\"external nofollow\">una ca\u00edda a nivel nacional <\/a>que sigue afectando hoy lunes -24 horas despu\u00e9s- a muchos de sus usuarios. &#8220;Estamos restableciendo el servicio&#8221;, dec\u00edan esta ma\u00f1ana fuentes de la compa\u00f1\u00eda. Tambi\u00e9n se ve\u00edan afectados parte de los servicios de fibra \u00f3ptica, televisi\u00f3n y tel\u00e9fono fijo. Asociaciones de consumidores como <a href=\"https:\/\/www.facua.org\/es\/noticia.php?Id=8492\" target=\"_blank\" rel=\"external nofollow\"><strong>FACUA<\/strong> <\/a>y <a href=\"http:\/\/www.ocu.org\/tecnologia\/internet-telefonia\/noticias\/caida-red-movil\" target=\"_blank\" rel=\"external nofollow\"><strong>OCU<\/strong> <\/a>instan desde ayer a los afectados a <strong>denunciar la situaci\u00f3n<\/strong> y a <strong>exigir compensaciones<\/strong> por la segunda ca\u00edda de su red m\u00f3vil en dos meses.<\/span><\/p>\n<p><span style=\"font-size: x-small;\"><strong><a href=\"\/soyfriki\/wp-content\/uploads\/sites\/14\/2014\/06\/reclamacionono.jpg\"><img loading=\"lazy\" class=\"alignright  wp-image-1037\" title=\"DOCU_GRUPO\" src=\"\/soyfriki\/wp-content\/uploads\/sites\/14\/2014\/06\/reclamacionono.jpg\" alt=\"\" width=\"362\" height=\"362\" srcset=\"https:\/\/static-blogs.diariosur.es\/wp-content\/uploads\/sites\/14\/2014\/06\/reclamacionono.jpg 3873w, https:\/\/static-blogs.diariosur.es\/wp-content\/uploads\/sites\/14\/2014\/06\/reclamacionono-150x150.jpg 150w, https:\/\/static-blogs.diariosur.es\/wp-content\/uploads\/sites\/14\/2014\/06\/reclamacionono-300x300.jpg 300w, https:\/\/static-blogs.diariosur.es\/wp-content\/uploads\/sites\/14\/2014\/06\/reclamacionono-768x768.jpg 768w, https:\/\/static-blogs.diariosur.es\/wp-content\/uploads\/sites\/14\/2014\/06\/reclamacionono-1024x1024.jpg 1024w\" sizes=\"(max-width: 362px) 100vw, 362px\" \/><\/a>\u00bfCu\u00e1nto te deben?<\/strong><\/span><\/p>\n<p><span style=\"font-size: x-small;\"><strong>FACUA<\/strong> reclama al operador de telecomunicaciones que abone las compensaciones<strong> sin necesidad de que sus clientes tengan que presentar reclamaciones<\/strong>. En este sentido, plantea que tome ejemplo de <strong>Jazztel<\/strong>, que tras el apag\u00f3n m\u00f3vil de entre diez y catorce horas que sufrieron sus usuarios el pasado 12 de abril les compens\u00f3 a todos abon\u00e1ndoles 5 euros en sus facturas. Pero en caso de que la compa\u00f1\u00eda se niegue a abonar las cantidades de forma autom\u00e1tica, &#8220;cada uno de los afectados tendr\u00e1 que presentar una reclamaci\u00f3n para exigir las cantidades que les correspondan&#8221;, explican desde FACUA.<\/span><\/p>\n<p><span style=\"font-size: x-small;\">La ley s\u00f3lo obliga a los operadores a aplicar las compensaciones sin necesidad de que sus clientes reclamen cuando la <strong>cantidad es superior a 1 euro<\/strong>. Seg\u00fan establece el Real Decreto 899\/2009, de 22 de mayo, de derechos del usuario de los servicios de comunicaciones electr\u00f3nicas, si el contrato incluye <strong>una cuota de abono fija mensual<\/strong>, la compensaci\u00f3n deber\u00e1 ser el equivalente a cinco veces su importe prorrateado por el n\u00famero de horas que haya durado el corte de servicio. No obstante, inciden desde OCU, &#8220;si el corte del servicio provoca al usuario <strong>un perjuicio econ\u00f3mico<\/strong> que pueda demostrar, tiene derecho a exigir a la compa\u00f1\u00eda que le indemnice en funci\u00f3n del mismo&#8221;.<\/span><\/p>\n<div>\n<p><span style=\"font-size: x-small;\"><strong>\u00bfC\u00f3mo reclamar?<\/strong><\/span><\/p>\n<p><span style=\"font-size: x-small;\">El consejo de las organizaciones es que poner la reclamaci\u00f3n a trav\u00e9s del <strong>Servicio de Atenci\u00f3n al Cliente<\/strong>\u00a0del operador en cuanto se restablezca el servicio.<\/span><\/p>\n<\/div>\n","protected":false},"excerpt":{"rendered":"<p>La red m\u00f3vil de Ono sufr\u00eda ayer una ca\u00edda a nivel nacional que sigue afectando hoy lunes -24 horas despu\u00e9s- a muchos de sus usuarios. &#8220;Estamos restableciendo el servicio&#8221;, dec\u00edan esta ma\u00f1ana fuentes de la compa\u00f1\u00eda. Tambi\u00e9n se ve\u00edan afectados parte de los servicios de fibra \u00f3ptica, televisi\u00f3n y tel\u00e9fono fijo. Asociaciones de consumidores como [&hellip;]<\/p>\n","protected":false},"author":7,"featured_media":0,"comment_status":"open","ping_status":"open","sticky":false,"template":"","format":"standard","meta":[],"categories":[8],"tags":[],"_links":{"self":[{"href":"https:\/\/blogs.diariosur.es\/soyfriki\/wp-json\/wp\/v2\/posts\/1036"}],"collection":[{"href":"https:\/\/blogs.diariosur.es\/soyfriki\/wp-json\/wp\/v2\/posts"}],"about":[{"href":"https:\/\/blogs.diariosur.es\/soyfriki\/wp-json\/wp\/v2\/types\/post"}],"author":[{"embeddable":true,"href":"https:\/\/blogs.diariosur.es\/soyfriki\/wp-json\/wp\/v2\/users\/7"}],"replies":[{"embeddable":true,"href":"https:\/\/blogs.diariosur.es\/soyfriki\/wp-json\/wp\/v2\/comments?post=1036"}],"version-history":[{"count":0,"href":"https:\/\/blogs.diariosur.es\/soyfriki\/wp-json\/wp\/v2\/posts\/1036\/revisions"}],"wp:attachment":[{"href":"https:\/\/blogs.diariosur.es\/soyfriki\/wp-json\/wp\/v2\/media?parent=1036"}],"wp:term":[{"taxonomy":"category","embeddable":true,"href":"https:\/\/blogs.diariosur.es\/soyfriki\/wp-json\/wp\/v2\/categories?post=1036"},{"taxonomy":"post_tag","embeddable":true,"href":"https:\/\/blogs.diariosur.es\/soyfriki\/wp-json\/wp\/v2\/tags?post=1036"}],"curies":[{"name":"wp","href":"https:\/\/api.w.org\/{rel}","templated":true}]}}