{"id":1062,"date":"2014-07-17T20:06:48","date_gmt":"2014-07-17T18:06:48","guid":{"rendered":"http:\/\/blogs.diariosur.es\/soyfriki\/?p=1062"},"modified":"2014-07-17T20:06:48","modified_gmt":"2014-07-17T18:06:48","slug":"worten-trae-a-marbella-talleres-tecnologicos-y-descuentos","status":"publish","type":"post","link":"https:\/\/blogs.diariosur.es\/soyfriki\/2014\/07\/17\/worten-trae-a-marbella-talleres-tecnologicos-y-descuentos\/","title":{"rendered":"Worten trae a Marbella talleres tecnol\u00f3gicos y descuentos"},"content":{"rendered":"<p><strong>Worten<\/strong> celebra en <strong>Marbella<\/strong> su primer <strong>roadshow<\/strong> <strong>tecnol\u00f3gico<\/strong> para mostrar de forma pr\u00e1ctica las posibilidades de algunos de los \u00faltimos dispositivos y usos, como la interconexi\u00f3n de distintos equipamientos del hogar o las posibilidades del almacenamiento en la nube. Con este <strong>roadshow<\/strong>, <strong>Worten<\/strong> acerca la tecnolog\u00eda al consumidor con formaci\u00f3n experta y ofertas especiales.<\/p>\n<p>Las sesiones tendr\u00e1n lugar <strong>este viernes d\u00eda 18<\/strong> en la tienda <strong>Worten<\/strong> del <strong>Centro Comercial La Ca\u00f1ada<\/strong>, bajo el t\u00edtulo<strong> &#8216;Vive la Experiencia Worten&#8217;. <\/strong>La\u00a0cadena reunir\u00e1 en su tienda a expertos tecnol\u00f3gicos de las primeras marcas, como <strong>Samsung<\/strong> o <strong>Netgear<\/strong>, entre otros, que impartir\u00e1n <strong>talleres pr\u00e1cticos y gratuitos<\/strong> para los asistentes. <strong>Samsung<\/strong> explicar\u00e1 c\u00f3mo crear un hogar tecnol\u00f3gico a trav\u00e9s de la conexi\u00f3n del <strong>Smartphone<\/strong>, <strong>TV<\/strong> y <strong>tablet<\/strong> entre s\u00ed. Los participantes tambi\u00e9n podr\u00e1n asistir a una demostraci\u00f3n de un v\u00eddeo a\u00e9reo con espectaculares im\u00e1genes de <strong>Motril<\/strong>, grabado en vuelo con una c\u00e1mara <strong>GoPro<\/strong>.<\/p>\n<p><span style=\"color: #ff0000;\"><strong>Concursos para ganar tarjetas de regalo<\/strong><\/span><\/p>\n<p><span style=\"color: #000000;\">El <strong>roadshow<\/strong>\u00a0tendr\u00e1 lugar el <strong>viernes<\/strong> a lo largo de todo el d\u00eda,<strong> en sesiones de ma\u00f1ana y tarde<\/strong>. Los asistentes podr\u00e1n <strong>obtener adem\u00e1s tarjetas de regalo<\/strong>, con <strong>descuentos de hasta 100 euros<\/strong>. Para ello, tendr\u00e1n que participar en los <strong>concursos pregunta-respuesta<\/strong> que se celebrar\u00e1n cada hora en la tienda en relaci\u00f3n al contenido de cada sesi\u00f3n de formaci\u00f3n. Durante la jornada, <strong>Worten<\/strong> contar\u00e1 adem\u00e1s con un taller de <strong>Nespresso<\/strong>, donde un experto barista ofrecer\u00e1 recetas exclusivas.<\/span><\/p>\n<div><span style=\"color: #000000;\"><strong>Worten Marbella<\/strong> tambi\u00e9n pondr\u00e1 a disposici\u00f3n de los clientes <strong>descuentos especiales<\/strong> en una selecci\u00f3n de productos como televisores <strong>4K<\/strong>, c\u00e1maras <strong>GoPro<\/strong>, tel\u00e9fonos <strong>Samsung S5<\/strong>, <strong>Note 3<\/strong> y <strong>Apple 5<\/strong>, cafeteras <strong>Nespresso<\/strong>, entre otros.\u00a0<\/span><\/div>\n<div><\/div>\n<div><a href=\"\/soyfriki\/wp-content\/uploads\/sites\/14\/2014\/07\/roadshow-marbella2.jpg\"><img loading=\"lazy\" class=\"aligncenter size-full wp-image-1064\" title=\"roadshow-marbella2\" src=\"\/soyfriki\/wp-content\/uploads\/sites\/14\/2014\/07\/roadshow-marbella2.jpg\" alt=\"\" width=\"590\" height=\"269\" srcset=\"https:\/\/static-blogs.diariosur.es\/wp-content\/uploads\/sites\/14\/2014\/07\/roadshow-marbella2.jpg 590w, https:\/\/static-blogs.diariosur.es\/wp-content\/uploads\/sites\/14\/2014\/07\/roadshow-marbella2-300x137.jpg 300w\" sizes=\"(max-width: 590px) 100vw, 590px\" \/><\/a><\/div>\n<div><\/div>\n<div><a href=\"http:\/\/www.worten.es\/store\/roadshow-marbella\" target=\"_blank\" rel=\"external nofollow\"><strong>>> Conoce m\u00e1s sobre el RoadShow de Worten en Marbella<\/strong><\/a><\/div>\n","protected":false},"excerpt":{"rendered":"<p>Worten celebra en Marbella su primer roadshow tecnol\u00f3gico para mostrar de forma pr\u00e1ctica las posibilidades de algunos de los \u00faltimos dispositivos y usos, como la interconexi\u00f3n de distintos equipamientos del hogar o las posibilidades del almacenamiento en la nube. Con este roadshow, Worten acerca la tecnolog\u00eda al consumidor con formaci\u00f3n experta y ofertas especiales. Las [&hellip;]<\/p>\n","protected":false},"author":7,"featured_media":0,"comment_status":"open","ping_status":"open","sticky":false,"template":"","format":"standard","meta":[],"categories":[5,7],"tags":[47,244,286,398,438],"_links":{"self":[{"href":"https:\/\/blogs.diariosur.es\/soyfriki\/wp-json\/wp\/v2\/posts\/1062"}],"collection":[{"href":"https:\/\/blogs.diariosur.es\/soyfriki\/wp-json\/wp\/v2\/posts"}],"about":[{"href":"https:\/\/blogs.diariosur.es\/soyfriki\/wp-json\/wp\/v2\/types\/post"}],"author":[{"embeddable":true,"href":"https:\/\/blogs.diariosur.es\/soyfriki\/wp-json\/wp\/v2\/users\/7"}],"replies":[{"embeddable":true,"href":"https:\/\/blogs.diariosur.es\/soyfriki\/wp-json\/wp\/v2\/comments?post=1062"}],"version-history":[{"count":0,"href":"https:\/\/blogs.diariosur.es\/soyfriki\/wp-json\/wp\/v2\/posts\/1062\/revisions"}],"wp:attachment":[{"href":"https:\/\/blogs.diariosur.es\/soyfriki\/wp-json\/wp\/v2\/media?parent=1062"}],"wp:term":[{"taxonomy":"category","embeddable":true,"href":"https:\/\/blogs.diariosur.es\/soyfriki\/wp-json\/wp\/v2\/categories?post=1062"},{"taxonomy":"post_tag","embeddable":true,"href":"https:\/\/blogs.diariosur.es\/soyfriki\/wp-json\/wp\/v2\/tags?post=1062"}],"curies":[{"name":"wp","href":"https:\/\/api.w.org\/{rel}","templated":true}]}}