{"id":107,"date":"2009-07-27T02:03:00","date_gmt":"2009-07-27T02:03:00","guid":{"rendered":"http:\/\/blogs.diariosur.es\/tuenti-facebook\/?p=107"},"modified":"2009-07-27T02:03:00","modified_gmt":"2009-07-27T02:03:00","slug":"facebook-usa-tus-fotos-la-publicidad-como-evitarlo","status":"publish","type":"post","link":"https:\/\/blogs.diariosur.es\/soyfriki\/2009\/07\/27\/facebook-usa-tus-fotos-la-publicidad-como-evitarlo\/","title":{"rendered":"Facebook usa tus fotos en la publicidad, c\u00f3mo evitarlo&#8230;"},"content":{"rendered":"<p>\u00bfAlguna vez te has preguntado de d\u00f3nde sacaran las fotos de los anuncios que muestra <A href=\"http:\/\/facebook.com\/\" title=\"http:\/\/facebook.com\" id=\"link_1\">FaceBook<\/a>? Pues es muy probable que no s\u00f3lo parezcan sacadas de un album personal de un usuario cualquiera, sino que efectivamente sea as\u00ed.<\/p>\n<p>Para evitar que FaceBook pueda usar tus fotos en la publicidad de sus anunciantes tienes que hacer lo siguiente:<em> <\/p>\n<p>1. Ve a \u201cConfiguraci\u00f3n de la privacidad\u201d.<br \/>\n2. Haz clic en \u201cNoticias y Muro\u201d.<br \/>\n3. Ahora clic en \u201cAnuncios de Facebook\u201d.<br \/>\n4. Donde dice \u201cDoy permiso para que mi nombre salga en los anuncios recibidos por:\u201d seleccion\u00e1is \u201cNadie\u201d en el desplegable que queda a la derecha de esa frase. 5. Y para terminar puls\u00e1is en \u201cGuardar cambios\u201d.<\/em><\/p>\n<p><IMG class=\"imgcen\" src=\"\/\/www.culturesmithconsulting.com\/wp-content\/uploads\/2009\/07\/hot-singles.png\" id=\"img_0\"><br \/>\nY es muy enrevesada la explicaci\u00f3n de esta secci\u00f3n que nos da Facebook:<\/p>\n<p>   <em>A veces, Facebook incluye en los anuncios acciones sociales de los amigos de los usuarios. De este forma, los anuncios son m\u00e1s relevantes e interesantes para ti y tus amigos sin dejar de respetar todas las normas de privacidad. A continuaci\u00f3n puedes decirnos si quieres o no aparecer en los anuncios que reciben tus amigos.<\/em><\/p>\n<p>Eso de &#8216;acciones sociales&#8217; parece ser que es la curiosa forma que tiene Facebook de decir &#8216;anuncios&#8217;. <\/p>\n<p>Y aunque en ingl\u00e9s, aqu\u00ed os dejo el <A href=\"http:\/\/www.culturesmithconsulting.com\/change-your-facebook-settings-or-else\/\" title=\"http:\/\/www.culturesmithconsulting.com\/change-your-facebook-settings-or-else\/\" id=\"link_0\">curioso caso Cheryl Smith,<\/a>  una mujer casada cuyo esposo vio su foto en un anuncio que dec\u00eda &#8216;Hey Peter. \u00a1Solteras macizas te esperan!&#8217;<\/p>\n","protected":false},"excerpt":{"rendered":"<p>\u00bfAlguna vez te has preguntado de d\u00f3nde sacaran las fotos de los anuncios que muestra FaceBook? Pues es muy probable que no s\u00f3lo parezcan sacadas de un album personal de un usuario cualquiera, sino que efectivamente sea as\u00ed. Para evitar que FaceBook pueda usar tus fotos en la publicidad de sus anunciantes tienes que hacer [&hellip;]<\/p>\n","protected":false},"author":7,"featured_media":0,"comment_status":"open","ping_status":"closed","sticky":false,"template":"","format":"standard","meta":[],"categories":[9],"tags":[165],"_links":{"self":[{"href":"https:\/\/blogs.diariosur.es\/soyfriki\/wp-json\/wp\/v2\/posts\/107"}],"collection":[{"href":"https:\/\/blogs.diariosur.es\/soyfriki\/wp-json\/wp\/v2\/posts"}],"about":[{"href":"https:\/\/blogs.diariosur.es\/soyfriki\/wp-json\/wp\/v2\/types\/post"}],"author":[{"embeddable":true,"href":"https:\/\/blogs.diariosur.es\/soyfriki\/wp-json\/wp\/v2\/users\/7"}],"replies":[{"embeddable":true,"href":"https:\/\/blogs.diariosur.es\/soyfriki\/wp-json\/wp\/v2\/comments?post=107"}],"version-history":[{"count":0,"href":"https:\/\/blogs.diariosur.es\/soyfriki\/wp-json\/wp\/v2\/posts\/107\/revisions"}],"wp:attachment":[{"href":"https:\/\/blogs.diariosur.es\/soyfriki\/wp-json\/wp\/v2\/media?parent=107"}],"wp:term":[{"taxonomy":"category","embeddable":true,"href":"https:\/\/blogs.diariosur.es\/soyfriki\/wp-json\/wp\/v2\/categories?post=107"},{"taxonomy":"post_tag","embeddable":true,"href":"https:\/\/blogs.diariosur.es\/soyfriki\/wp-json\/wp\/v2\/tags?post=107"}],"curies":[{"name":"wp","href":"https:\/\/api.w.org\/{rel}","templated":true}]}}