{"id":109,"date":"2009-09-03T11:47:00","date_gmt":"2009-09-03T11:47:00","guid":{"rendered":"http:\/\/blogs.diariosur.es\/tuenti-facebook\/?p=109"},"modified":"2009-09-03T11:47:00","modified_gmt":"2009-09-03T11:47:00","slug":"los-jefes-prohiben-facebook-el-trabajo","status":"publish","type":"post","link":"https:\/\/blogs.diariosur.es\/soyfriki\/2009\/09\/03\/los-jefes-prohiben-facebook-el-trabajo\/","title":{"rendered":"Los jefes prohiben Facebook en el trabajo"},"content":{"rendered":"<p> <IMG class=\"imgdcha\" src=\"\/\/i.dailymail.co.uk\/i\/pix\/2009\/09\/01\/article-1210564-06417643000005DC-523_468x342.jpg\" id=\"img_0\" width=\"332\" height=\"245\">\u00bfCu\u00e1nto tiempo dedicas al d\u00eda para <A href=\"http:\/\/facebook.com\/\" title=\"http:\/\/facebook.com\" id=\"link_0\">Facebook<\/a>? \u00bfLo haces en tu casa o en tu trabajo? Sinceramente, \u00bfcrees que te quita tiempo de trabajo?<\/p>\n<p>Theo Paphitis, presidente de la empresa de papeler\u00eda y material de oficina Ryman, ha tomado un decisi\u00f3n brutal. Acaba de prohibir Facebook en su empresa porque los empleados pierden demasiado tiempo. <\/p>\n<p>La idea la ha copiado del ayuntamiento de Portsmouth, que tambi\u00e9n ha prohibido esta p\u00e1gina web tras descubrir que recib\u00eda 270.000 entradas al mes desde sus ordenadores, seg\u00fan leemos de <A href=\"http:\/\/blogs.expansion.com\/blogs\/web\/polo.html?opcion=1&#038;codPost=55001\" title=\"http:\/\/blogs.expansion.com\/blogs\/web\/polo.html?opcion=1&#038;codPost=55001\" id=\"link_1\">Amparo Polo en Expansi\u00f3n<\/a>.<\/p>\n<p>Paphitis, que dice que usa Facebook, pero en su casa, ha tomado la decisi\u00f3n de quitar el acceso a Internet de los ordenadores de su plantilla seg\u00fan informa el diario <A href=\"http:\/\/www.dailymail.co.uk\/debate\/article-1210564\/THEO-PAPHITIS-Why-ALL-bosses-I-did-ban-staff-Facebook.html\" title=\"http:\/\/www.dailymail.co.uk\/debate\/article-1210564\/THEO-PAPHITIS-Why-ALL-bosses-I-did-ban-staff-Facebook.html\" id=\"link_2\">The Mail<\/a> . &#8220;Todos los jefes deber\u00edan hacer como yo y prohibir Facebook en la oficina&#8221;.<\/p>\n<p>Seg\u00fan Facebook, cada usuario dedica 4 horas y 40 minutos que a navegar por su web al d\u00eda. Sinceramente, si puedes entrar en <A href=\"http:\/\/marca.com\/\" title=\"http:\/\/marca.com\" id=\"link_3\">Marca.com<\/a>  o reservar tus pr\u00f3ximas vacaciones por internet sin que nadie en tu empresa tenga alguna idea, \u00bfqu\u00e9 m\u00e1s da que sea Facebook lo que utilizas?<\/p>\n<p>Entrar en Facebook es como salir a fumar un cigarro, si no fumas. Digo yo. <\/p>\n","protected":false},"excerpt":{"rendered":"<p>\u00bfCu\u00e1nto tiempo dedicas al d\u00eda para Facebook? \u00bfLo haces en tu casa o en tu trabajo? Sinceramente, \u00bfcrees que te quita tiempo de trabajo? Theo Paphitis, presidente de la empresa de papeler\u00eda y material de oficina Ryman, ha tomado un decisi\u00f3n brutal. Acaba de prohibir Facebook en su empresa porque los empleados pierden demasiado tiempo. [&hellip;]<\/p>\n","protected":false},"author":7,"featured_media":0,"comment_status":"open","ping_status":"closed","sticky":false,"template":"","format":"standard","meta":[],"categories":[9],"tags":[165],"_links":{"self":[{"href":"https:\/\/blogs.diariosur.es\/soyfriki\/wp-json\/wp\/v2\/posts\/109"}],"collection":[{"href":"https:\/\/blogs.diariosur.es\/soyfriki\/wp-json\/wp\/v2\/posts"}],"about":[{"href":"https:\/\/blogs.diariosur.es\/soyfriki\/wp-json\/wp\/v2\/types\/post"}],"author":[{"embeddable":true,"href":"https:\/\/blogs.diariosur.es\/soyfriki\/wp-json\/wp\/v2\/users\/7"}],"replies":[{"embeddable":true,"href":"https:\/\/blogs.diariosur.es\/soyfriki\/wp-json\/wp\/v2\/comments?post=109"}],"version-history":[{"count":0,"href":"https:\/\/blogs.diariosur.es\/soyfriki\/wp-json\/wp\/v2\/posts\/109\/revisions"}],"wp:attachment":[{"href":"https:\/\/blogs.diariosur.es\/soyfriki\/wp-json\/wp\/v2\/media?parent=109"}],"wp:term":[{"taxonomy":"category","embeddable":true,"href":"https:\/\/blogs.diariosur.es\/soyfriki\/wp-json\/wp\/v2\/categories?post=109"},{"taxonomy":"post_tag","embeddable":true,"href":"https:\/\/blogs.diariosur.es\/soyfriki\/wp-json\/wp\/v2\/tags?post=109"}],"curies":[{"name":"wp","href":"https:\/\/api.w.org\/{rel}","templated":true}]}}