{"id":1103,"date":"2015-02-27T00:06:45","date_gmt":"2015-02-26T23:06:45","guid":{"rendered":"http:\/\/blogs.diariosur.es\/soyfriki\/?p=1103"},"modified":"2015-02-27T00:06:45","modified_gmt":"2015-02-26T23:06:45","slug":"el-risitas-se-hace-viral-en-estados-unidos","status":"publish","type":"post","link":"https:\/\/blogs.diariosur.es\/soyfriki\/2015\/02\/27\/el-risitas-se-hace-viral-en-estados-unidos\/","title":{"rendered":"El Risitas se hace viral en Estados Unidos"},"content":{"rendered":"<p><a href=\"\/soyfriki\/wp-content\/uploads\/sites\/14\/2015\/02\/ratones-coloraos-risitas.jpg\"><img loading=\"lazy\" class=\"aligncenter size-full wp-image-1104\" title=\"ratones-coloraos-risitas--644x362\" src=\"\/soyfriki\/wp-content\/uploads\/sites\/14\/2015\/02\/ratones-coloraos-risitas.jpg\" alt=\"\" width=\"644\" height=\"362\" \/><\/a><\/p>\n<p>Posiblemente ya habr\u00e1s visto el <strong>meme<\/strong> que ahora mismo hace furor en<strong> Estados Unidos<\/strong>. Un v\u00eddeo de YouTube que rescata el programa <strong>Ratones Coloraos<\/strong>, con el <strong>Risitas<\/strong> y <strong>Jes\u00fas Quintero<\/strong>, pero d\u00e1ndole un toque friki absoluto. Risitas aparece proclamado como\u00a0<strong>Kevin\u00a0Feige<\/strong>, directivo y productor de<strong>\u00a0Marvel\u00a0Studios<\/strong>, hablando sobre el regreso de <strong>Spiderman<\/strong> y los planes que ten\u00eda\u00a0<strong>Sony\u00a0<\/strong>para pr\u00f3ximas entregas de la saga.<\/p>\n<p><iframe loading=\"lazy\" src=\"https:\/\/www.youtube.com\/embed\/dv-C2x8TrM0?rel=0&#038;controls=0&#038;showinfo=0\" frameborder=\"0\" width=\"550\" height=\"415\"><\/iframe><\/p>\n<p>Y es que en <strong>Estados Unidos<\/strong>, entre el p\u00fablico fiel a <strong>Marvel<\/strong>, se ha desatado un pol\u00e9mica sobre si el nuevo hombre ara\u00f1a debe ser o no negro. Pues aqu\u00ed est\u00e1 este directivo -desde <strong>Sevilla<\/strong>&#8211; explicando el porqu\u00e9 o\u00a0\u00a0la inclusi\u00f3n con calzador del h\u00e9roe en\u00a0<strong>Civil\u00a0War\u00a0<\/strong>desplazando a <strong>Pantera Negra<\/strong>. Te guste o no <strong>Spiderman<\/strong>, el v\u00eddeo seguro que te encantar\u00e1.<\/p>\n<p><iframe loading=\"lazy\" src=\"https:\/\/www.youtube.com\/embed\/DErDxrbMO_4?rel=0&#038;controls=0&#038;showinfo=0\" frameborder=\"0\" width=\"560\" height=\"315\"><\/iframe><\/p>\n","protected":false},"excerpt":{"rendered":"<p>Posiblemente ya habr\u00e1s visto el meme que ahora mismo hace furor en Estados Unidos. Un v\u00eddeo de YouTube que rescata el programa Ratones Coloraos, con el Risitas y Jes\u00fas Quintero, pero d\u00e1ndole un toque friki absoluto. Risitas aparece proclamado como\u00a0Kevin\u00a0Feige, directivo y productor de\u00a0Marvel\u00a0Studios, hablando sobre el regreso de Spiderman y los planes que ten\u00eda\u00a0Sony\u00a0para [&hellip;]<\/p>\n","protected":false},"author":7,"featured_media":0,"comment_status":"open","ping_status":"open","sticky":false,"template":"","format":"standard","meta":[],"categories":[12],"tags":[298,529],"_links":{"self":[{"href":"https:\/\/blogs.diariosur.es\/soyfriki\/wp-json\/wp\/v2\/posts\/1103"}],"collection":[{"href":"https:\/\/blogs.diariosur.es\/soyfriki\/wp-json\/wp\/v2\/posts"}],"about":[{"href":"https:\/\/blogs.diariosur.es\/soyfriki\/wp-json\/wp\/v2\/types\/post"}],"author":[{"embeddable":true,"href":"https:\/\/blogs.diariosur.es\/soyfriki\/wp-json\/wp\/v2\/users\/7"}],"replies":[{"embeddable":true,"href":"https:\/\/blogs.diariosur.es\/soyfriki\/wp-json\/wp\/v2\/comments?post=1103"}],"version-history":[{"count":0,"href":"https:\/\/blogs.diariosur.es\/soyfriki\/wp-json\/wp\/v2\/posts\/1103\/revisions"}],"wp:attachment":[{"href":"https:\/\/blogs.diariosur.es\/soyfriki\/wp-json\/wp\/v2\/media?parent=1103"}],"wp:term":[{"taxonomy":"category","embeddable":true,"href":"https:\/\/blogs.diariosur.es\/soyfriki\/wp-json\/wp\/v2\/categories?post=1103"},{"taxonomy":"post_tag","embeddable":true,"href":"https:\/\/blogs.diariosur.es\/soyfriki\/wp-json\/wp\/v2\/tags?post=1103"}],"curies":[{"name":"wp","href":"https:\/\/api.w.org\/{rel}","templated":true}]}}