{"id":1152,"date":"2015-06-14T20:42:47","date_gmt":"2015-06-14T18:42:47","guid":{"rendered":"http:\/\/blogs.diariosur.es\/soyfriki\/?p=1152"},"modified":"2015-06-14T20:42:47","modified_gmt":"2015-06-14T18:42:47","slug":"guillermo-zapata-tuits-descontextualizados-o-chistes-de-barra-de-bar","status":"publish","type":"post","link":"https:\/\/blogs.diariosur.es\/soyfriki\/2015\/06\/14\/guillermo-zapata-tuits-descontextualizados-o-chistes-de-barra-de-bar\/","title":{"rendered":"Guillermo Zapata: \u00bfTuits descontextualizados o chistes de barra de bar?"},"content":{"rendered":"<p style=\"text-align: center;\"><a href=\"\/soyfriki\/wp-content\/uploads\/sites\/14\/2015\/06\/guillezapata.jpg\"><img loading=\"lazy\" class=\"size-full wp-image-1158 aligncenter\" title=\"guillezapata\" src=\"\/soyfriki\/wp-content\/uploads\/sites\/14\/2015\/06\/guillezapata.jpg\" alt=\"\" width=\"600\" height=\"400\" srcset=\"https:\/\/static-blogs.diariosur.es\/wp-content\/uploads\/sites\/14\/2015\/06\/guillezapata.jpg 600w, https:\/\/static-blogs.diariosur.es\/wp-content\/uploads\/sites\/14\/2015\/06\/guillezapata-300x200.jpg 300w\" sizes=\"(max-width: 600px) 100vw, 600px\" \/><\/a><\/p>\n<p><span style=\"font-size: medium;\">Un mensaje <a href=\"http:\/\/www.diariosur.es\/nacional\/201506\/14\/ciudadanos-piden-destitucion-zapata-20150614131735-rc.html\" rel=\"external nofollow\">del 31 de enero de 2011 <\/a>difundido en <strong>Twitter<\/strong> ha dejado tocado al estrenado<strong> concejal de Cultura<\/strong> de <strong>Carmena<\/strong> en Madrid, <a href=\"https:\/\/twitter.com\/casiopeaexpres\" rel=\"external nofollow\">Guillermo Zapata<\/a>. Dec\u00eda as\u00ed: <strong><em>&#8220;C\u00f3mo meter\u00edas a cinco millones de jud\u00edos en un 600? En el cenicero&#8221;<\/em><\/strong>. Zapata saltaba a todos los diarios esta semana por otras frases como: <strong><em>&#8220;Han tenido que cerrar el cementerio de las ni\u00f1as de Alcaser para que no vaya Irene Villa a por repuestos&#8221;<\/em><\/strong>. Los tuits provocaron ayer una ola de indignaci\u00f3n en Internet y la exigencia de explicaciones por parte del portavoz socialista en el <strong>Ayuntamiento de Madrid<\/strong>, Antonio Miguel Carmona.<\/span><\/p>\n<p><a href=\"\/soyfriki\/wp-content\/uploads\/sites\/14\/2015\/06\/tuit-que-guillermo-zapata-publico-2011-1434284064899.jpg\"><img loading=\"lazy\" class=\"size-medium wp-image-1154 alignright\" title=\"tuit-que-guillermo-zapata-publico-2011-1434284064899\" src=\"\/soyfriki\/wp-content\/uploads\/sites\/14\/2015\/06\/tuit-que-guillermo-zapata-publico-2011-1434284064899.jpg\" alt=\"\" width=\"300\" height=\"146\" srcset=\"https:\/\/static-blogs.diariosur.es\/wp-content\/uploads\/sites\/14\/2015\/06\/tuit-que-guillermo-zapata-publico-2011-1434284064899.jpg 659w, https:\/\/static-blogs.diariosur.es\/wp-content\/uploads\/sites\/14\/2015\/06\/tuit-que-guillermo-zapata-publico-2011-1434284064899-300x147.jpg 300w\" sizes=\"(max-width: 300px) 100vw, 300px\" \/><\/a><span style=\"font-size: medium;\"><em>&#8220;Ni soy <strong>antisemita<\/strong>, ni soy <strong>proetarra<\/strong>, ni defiendo la <strong>violencia<\/strong>, <a href=\"http:\/\/www.diariosur.es\/nacional\/201506\/14\/guillermo-zapata-cierra-cuenta-20150614024043-rc.html\" rel=\"external nofollow\">pido disculpas<\/a> a toda la gente que se haya podido sentir mal por esos tuits&#8221;<\/em>, afirmaba ayer en un tuit quien se ha convertido en trending topic, lamentando de nuevo los pol\u00e9micos mensajes. Esta tarde, ha dado<a href=\"http:\/\/www.diariosur.es\/nacional\/201506\/14\/guillermo-zapata-cierra-cuenta-20150614024043-rc.html\" rel=\"external nofollow\"> carpetazo a su cuenta de Twitter<\/a>. <em>&#8220;No quiero hacer una pol\u00edtica de redes sociales, de hipervelocidad y ansiedad. La pol\u00edtica que he aprendido con <strong>Manuela Carmena<\/strong> estos meses es la de la pausa y la escucha y es la que creo que necesitamos ahora todos los madrile\u00f1os y las madrile\u00f1as&#8221;<\/em>.<\/span><\/p>\n<p><span style=\"font-size: medium;\">Por eso, Zapata ha optado por abrir un <a href=\"http:\/\/guillezapata.tumblr.com\/post\/121494668305\/sobre-polemicas-y-contextos\" rel=\"external nofollow\">Tumblr<\/a>, para reflexionar sobre lo sucedido.\u00a0No quiere negar la existencia de esos mensajes, pero s\u00ed contextualizar &#8220;con toda la informaci\u00f3n el asunto y que supera con creces los 140 caracteres de un tuit&#8221;. Apasionado de Twitter, afirma: &#8220;Soy consciente, y hoy m\u00e1s que nunca, de que este medio es propicio a las descontextualizaciones, los ataques desproporcionados, y la generaci\u00f3n de pol\u00e9micas que corren como la p\u00f3lvora&#8221;. Los mensajes son breves y la rapidez con la que se difunden es grande.<\/span><\/p>\n<p><a href=\"\/soyfriki\/wp-content\/uploads\/sites\/14\/2015\/06\/229189-620-282.jpg\"><img loading=\"lazy\" class=\"alignright size-medium wp-image-1155\" title=\"229189-620-282\" src=\"\/soyfriki\/wp-content\/uploads\/sites\/14\/2015\/06\/229189-620-282.jpg\" alt=\"\" width=\"300\" height=\"136\" srcset=\"https:\/\/static-blogs.diariosur.es\/wp-content\/uploads\/sites\/14\/2015\/06\/229189-620-282.jpg 620w, https:\/\/static-blogs.diariosur.es\/wp-content\/uploads\/sites\/14\/2015\/06\/229189-620-282-300x136.jpg 300w\" sizes=\"(max-width: 300px) 100vw, 300px\" \/><\/a><span style=\"font-size: medium;\">Afirma el integrante de <strong>Podemos<\/strong> que los mensajes que m\u00e1s relevancia han tomado en esta pol\u00e9mica <em>&#8220;aparecen entrecomillados porque se sit\u00faan en el contexto de una conversaci\u00f3n sobre los l\u00edmites del humor&#8221;<\/em>, que se genera despu\u00e9s de que en\u00a0enero de 2011 el director de cine <strong>Nacho Vigalondo<\/strong> fuera despedido del diario <strong>El Pa\u00eds<\/strong> por escribir varios tuits con un supuesto contenido negacionista del <strong>Holocausto<\/strong>. <em>&#8220;Aquellos tuits ten\u00edan por objeto se\u00f1alar algunos chistes que fueron de uso com\u00fan (este es el motivo de que est\u00e9n entrecomillados) durante un periodo de tiempo en ciertos \u00e1mbitos, en concreto el de <strong>Twitter<\/strong>&#8220;<\/em>, a\u00f1ade.<\/span><\/p>\n<p><span style=\"font-size: medium;\">Pero todav\u00eda quedan por explicar los no entrecomillados, como aquel que dec\u00eda <strong><em>&#8220;Se confirma que ETA adem\u00e1s de criminal era idiota, con la cantidad de simpatizantes y aliados que ten\u00eda no fue capaz de tomar el poder&#8221;;<\/em><\/strong> u otros a la sombra de un <strong>hashtag<\/strong> como <strong>#rescateficcion<\/strong>: <strong><em>&#8220;Rajoy promete resucitar la econom\u00eda y a Marta del Castillo&#8221;<\/em><\/strong>. \u00bfSe puede permitir un pol\u00edtico estas licencias de barra de bar y mal gusto? Zapata cierra con una frase del escritor israel\u00ed Amos Oz:\u00abA menudo los hechos amenazan la verdad\u00bb. Juzgad vosotros mismos.<\/span><\/p>\n","protected":false},"excerpt":{"rendered":"<p>Un mensaje del 31 de enero de 2011 difundido en Twitter ha dejado tocado al estrenado concejal de Cultura de Carmena en Madrid, Guillermo Zapata. Dec\u00eda as\u00ed: &#8220;C\u00f3mo meter\u00edas a cinco millones de jud\u00edos en un 600? En el cenicero&#8221;. Zapata saltaba a todos los diarios esta semana por otras frases como: &#8220;Han tenido que [&hellip;]<\/p>\n","protected":false},"author":7,"featured_media":0,"comment_status":"open","ping_status":"open","sticky":false,"template":"","format":"standard","meta":[],"categories":[8,11],"tags":[483],"_links":{"self":[{"href":"https:\/\/blogs.diariosur.es\/soyfriki\/wp-json\/wp\/v2\/posts\/1152"}],"collection":[{"href":"https:\/\/blogs.diariosur.es\/soyfriki\/wp-json\/wp\/v2\/posts"}],"about":[{"href":"https:\/\/blogs.diariosur.es\/soyfriki\/wp-json\/wp\/v2\/types\/post"}],"author":[{"embeddable":true,"href":"https:\/\/blogs.diariosur.es\/soyfriki\/wp-json\/wp\/v2\/users\/7"}],"replies":[{"embeddable":true,"href":"https:\/\/blogs.diariosur.es\/soyfriki\/wp-json\/wp\/v2\/comments?post=1152"}],"version-history":[{"count":0,"href":"https:\/\/blogs.diariosur.es\/soyfriki\/wp-json\/wp\/v2\/posts\/1152\/revisions"}],"wp:attachment":[{"href":"https:\/\/blogs.diariosur.es\/soyfriki\/wp-json\/wp\/v2\/media?parent=1152"}],"wp:term":[{"taxonomy":"category","embeddable":true,"href":"https:\/\/blogs.diariosur.es\/soyfriki\/wp-json\/wp\/v2\/categories?post=1152"},{"taxonomy":"post_tag","embeddable":true,"href":"https:\/\/blogs.diariosur.es\/soyfriki\/wp-json\/wp\/v2\/tags?post=1152"}],"curies":[{"name":"wp","href":"https:\/\/api.w.org\/{rel}","templated":true}]}}