{"id":1159,"date":"2015-07-16T19:34:35","date_gmt":"2015-07-16T17:34:35","guid":{"rendered":"http:\/\/blogs.diariosur.es\/soyfriki\/?p=1159"},"modified":"2015-07-16T19:34:35","modified_gmt":"2015-07-16T17:34:35","slug":"instagram-caido-de-nuevo-a-nivel-mundial","status":"publish","type":"post","link":"https:\/\/blogs.diariosur.es\/soyfriki\/2015\/07\/16\/instagram-caido-de-nuevo-a-nivel-mundial\/","title":{"rendered":"Instagram soluciona su ca\u00edda a nivel mundial"},"content":{"rendered":"<p>La popular red de fotos Instagram ha sufrido una nueva incidencia esta tarde. Durante m\u00e1s de una hora no fue posible subir im\u00e1genes desde la aplicaci\u00f3n m\u00f3vil, aunque s\u00ed visionarlas desde la p\u00e1gina web. Instagram emiti\u00f3 un mensaje para frenar el runr\u00fan de las redes sociales&#8230;<\/p>\n<blockquote class=\"twitter-tweet\" lang=\"es\">\n<p lang=\"en\" dir=\"ltr\">We&#8217;re currently experiencing an issue that may have caused some users to have trouble logging in. We\u2019re working hard to fix it.<\/p>\n<p>\u2014 Instagram (@instagram) <a href=\"https:\/\/twitter.com\/instagram\/status\/621734932440748032\" rel=\"external nofollow\">julio 16, 2015<\/a><\/p><\/blockquote>\n<p>&nbsp;<\/p>\n<p>\u00bfQu\u00e9 pas\u00f3? \u00bfQu\u00e9 sucedi\u00f3? Se preguntaban todos. Como casi siempre, el mensaje que devuelv\u00eda la aplicaci\u00f3n a la hora de hacer login es &#8220;error de red&#8221;. Millones de instagramers respiran tranquilos porque ya han encontrado soluci\u00f3n. Vuelven los gaticos, los caf\u00e9s y los selfies con gintonic.<\/p>\n<p><a href=\"\/soyfriki\/wp-content\/uploads\/sites\/14\/2015\/07\/tempFileForShare.jpg\"><img loading=\"lazy\" class=\"alignright  wp-image-1160\" title=\"tempFileForShare\" src=\"\/soyfriki\/wp-content\/uploads\/sites\/14\/2015\/07\/tempFileForShare.jpg\" alt=\"\" width=\"742\" height=\"842\" srcset=\"https:\/\/static-blogs.diariosur.es\/wp-content\/uploads\/sites\/14\/2015\/07\/tempFileForShare.jpg 1060w, https:\/\/static-blogs.diariosur.es\/wp-content\/uploads\/sites\/14\/2015\/07\/tempFileForShare-264x300.jpg 264w, https:\/\/static-blogs.diariosur.es\/wp-content\/uploads\/sites\/14\/2015\/07\/tempFileForShare-768x872.jpg 768w, https:\/\/static-blogs.diariosur.es\/wp-content\/uploads\/sites\/14\/2015\/07\/tempFileForShare-902x1024.jpg 902w\" sizes=\"(max-width: 742px) 100vw, 742px\" \/><\/a><\/p>\n<div><\/div>\n","protected":false},"excerpt":{"rendered":"<p>La popular red de fotos Instagram ha sufrido una nueva incidencia esta tarde. Durante m\u00e1s de una hora no fue posible subir im\u00e1genes desde la aplicaci\u00f3n m\u00f3vil, aunque s\u00ed visionarlas desde la p\u00e1gina web. Instagram emiti\u00f3 un mensaje para frenar el runr\u00fan de las redes sociales&#8230; We&#8217;re currently experiencing an issue that may have caused [&hellip;]<\/p>\n","protected":false},"author":7,"featured_media":0,"comment_status":"open","ping_status":"open","sticky":false,"template":"","format":"standard","meta":[],"categories":[10],"tags":[239],"_links":{"self":[{"href":"https:\/\/blogs.diariosur.es\/soyfriki\/wp-json\/wp\/v2\/posts\/1159"}],"collection":[{"href":"https:\/\/blogs.diariosur.es\/soyfriki\/wp-json\/wp\/v2\/posts"}],"about":[{"href":"https:\/\/blogs.diariosur.es\/soyfriki\/wp-json\/wp\/v2\/types\/post"}],"author":[{"embeddable":true,"href":"https:\/\/blogs.diariosur.es\/soyfriki\/wp-json\/wp\/v2\/users\/7"}],"replies":[{"embeddable":true,"href":"https:\/\/blogs.diariosur.es\/soyfriki\/wp-json\/wp\/v2\/comments?post=1159"}],"version-history":[{"count":0,"href":"https:\/\/blogs.diariosur.es\/soyfriki\/wp-json\/wp\/v2\/posts\/1159\/revisions"}],"wp:attachment":[{"href":"https:\/\/blogs.diariosur.es\/soyfriki\/wp-json\/wp\/v2\/media?parent=1159"}],"wp:term":[{"taxonomy":"category","embeddable":true,"href":"https:\/\/blogs.diariosur.es\/soyfriki\/wp-json\/wp\/v2\/categories?post=1159"},{"taxonomy":"post_tag","embeddable":true,"href":"https:\/\/blogs.diariosur.es\/soyfriki\/wp-json\/wp\/v2\/tags?post=1159"}],"curies":[{"name":"wp","href":"https:\/\/api.w.org\/{rel}","templated":true}]}}