{"id":117,"date":"2010-02-18T13:42:00","date_gmt":"2010-02-18T13:42:00","guid":{"rendered":"http:\/\/blogs.diariosur.es\/tuenti-facebook\/?p=117"},"modified":"2010-02-18T13:42:00","modified_gmt":"2010-02-18T13:42:00","slug":"tetas-malaga-las-cosas-google","status":"publish","type":"post","link":"https:\/\/blogs.diariosur.es\/soyfriki\/2010\/02\/18\/tetas-malaga-las-cosas-google\/","title":{"rendered":"Tetas M\u00e1laga: \u00a1las cosas de Google!"},"content":{"rendered":"<p>Me sirven de mucho las b\u00fasquedas disparatadas, para saber por d\u00f3nde van los tiros de Google. Esto del SEO es un mundo que nunca entender\u00e9 bien, pero lo mejor es dejarse llevar por la corriente&#8230;<\/p>\n<p>\u00bfOs ha dado por poner en Google <strong>&#8216;tetas de M\u00e1laga&#8217;<\/strong>, o <strong>&#8216;tetas en M\u00e1laga&#8217;<\/strong>? \u00bfY luego filtar por <strong>im\u00e1genes<\/strong>? Los resultados son m\u00e1s que entretenidos, porque lejos de encontrar muchas guarrer\u00edas, ver\u00e9is que la mayor\u00eda de resultados se refieren al Monte de San Ant\u00f3n , popularmente conocido como las tetas de M\u00e1laga. XD<\/p>\n<p>El primer resultado que encontrar\u00e9is ser\u00e1 &#8216;Puerto de Malaga: Monte de San Ant\u00f3n -tetas de Malaga, con perd\u00f3n, al fondo&#8217;, <A href=\"http:\/\/www.panoramio.com\/photo\/15279896\" title=\"http:\/\/www.panoramio.com\/photo\/15279896\" id=\"link_0\">una imagen por Javier Malaga en Panoramio<\/a>.<\/p>\n<p><IMG src=\"\/tuenti-facebook\/files\/tetas-Malaga-panoramio.jpg\" id=\"img_3\" class=\"imgcen\" height=\"247\" width=\"329\">Una imagen a la que simp\u00e1ticamente Rodr\u00edguez Prati le comentaba: &#8220;Muy bonita Javier. Gracias por presentarnos la &#8220;anatom\u00eda&#8221; de M\u00e1laga, ja ja&#8221;.<\/p>\n<p>Luego nos encontramos, con otro t\u00edtulo m\u00e1s sentencioso &#8216;Las tetas de M\u00e1laga&#8217;, <A href=\"http:\/\/www.flickr.com\/photos\/29601707@N05\/3187697495\/\" title=\"http:\/\/www.flickr.com\/photos\/29601707@N05\/3187697495\/\" id=\"link_1\">por agujasmalaga en Flickr<\/a> .<\/p>\n<p><IMG src=\"\/tuenti-facebook\/files\/tetas-Malaga-flicker.jpg\" id=\"img_2\" class=\"imgcen\" height=\"193\" width=\"362\">Una imagen a la que nuestro conocido por <A href=\"http:\/\/www.objetivomalaga.com\/\" title=\"http:\/\/www.Objetivomalaga.com\" id=\"link_6\">Objetivomalaga.com<\/a>  <A href=\"http:\/\/objetivomalaga.diariosur.es\/fotos-ToniMolero\/\" title=\"http:\/\/objetivomalaga.diariosur.es\/fotos-ToniMolero\/\" id=\"link_7\">ToniMolero07 <\/a> comentaba: &#8220;Si se\u00f1or, las aut\u00e9nticas,,!!&#8221;<\/p>\n<p>En un curioso hilo denominado &#8220;Senderismo con perro, Pinares de San Anton&#8221;, <A href=\"http:\/\/www.forospiedrasobrepiedra.com\/smf\/index.php?topic=5766.0\" title=\"http:\/\/www.forospiedrasobrepiedra.com\/smf\/index.php?topic=5766.0\" id=\"link_2\">creado por kiche en forospiedrasobrepiedra.com<\/a> nos encontramos esta preciosa foto&#8230;<\/p>\n<p><IMG src=\"\/tuenti-facebook\/files\/tetas-malaga-foro.jpg\" id=\"img_1\" class=\"imgcen\" height=\"245\" width=\"326\">&#8230; y con este comentario de su autora &#8220;Bueno ya comenzamos el descenso solo que al llegar al &#8220;canalillo&#8221; nos desviamos por un sendero para rodear la primera &#8220;teta&#8221;. Llegamos de nuevo a la cueva del principio y hacemos otra parada para que los peludos beban y tomar unos donetes para reponer. Seguimos disfrutando de las vistas&#8230;&#8221;.<\/p>\n<p><IMG class=\"imgdcha\" src=\"\/\/foto-cache.diariosur.es\/jpg\/7\/1\/1240065849817.jpg\" id=\"img_0\" height=\"231\" width=\"306\">A m\u00ed me ha hecho gracia el comentario, particularmente&#8230; <\/p>\n<p>Aunque si busc\u00e1is &#8220;tetas y m\u00e1laga&#8221; por google, lo que m\u00e1s v\u00e1is a encontrar es a <A href=\"http:\/\/www.diariosur.es\/multimedia\/fotos\/ultimos\/segundo-festival-cine-malaga-12521.html\" title=\"http:\/\/www.diariosur.es\/multimedia\/fotos\/ultimos\/segundo-festival-cine-malaga-12521.html\" id=\"link_3\">Miguel \u00c1ngel Silvestre<\/a>  y <A href=\"http:\/\/www.diariosur.es\/multimedia\/fotos\/ultimos\/expectacion-para-amaia-salamanca-mario-casas-protagonistas-fuga-cerebros-33959.html\" title=\"http:\/\/www.diariosur.es\/multimedia\/fotos\/ultimos\/expectacion-para-amaia-salamanca-mario-casas-protagonistas-fuga-cerebros-33959.html\" id=\"link_4\">Amaia Salamanca<\/a>  en el Festival de Cine Espa\u00f1ol, porque se sabe que <A href=\"http:\/\/www.diariosur.es\/multimedia\/fotos\/ultimos\/expectacion-para-amaia-salamanca-mario-casas-protagonistas-fuga-cerebros-33959.html\" title=\"http:\/\/www.diariosur.es\/multimedia\/fotos\/ultimos\/expectacion-para-amaia-salamanca-mario-casas-protagonistas-fuga-cerebros-33959.html\" id=\"link_5\">&#8216;Sin tetas no hay para\u00edso&#8217;<\/a>, incluso en Google&#8230;<\/p>\n<p>Apuntad por ah\u00ed que tiran m\u00e1s dos tetas que dos buenas &#8216;keywords&#8217;.<\/p>\n","protected":false},"excerpt":{"rendered":"<p>Me sirven de mucho las b\u00fasquedas disparatadas, para saber por d\u00f3nde van los tiros de Google. Esto del SEO es un mundo que nunca entender\u00e9 bien, pero lo mejor es dejarse llevar por la corriente&#8230; \u00bfOs ha dado por poner en Google &#8216;tetas de M\u00e1laga&#8217;, o &#8216;tetas en M\u00e1laga&#8217;? \u00bfY luego filtar por im\u00e1genes? Los [&hellip;]<\/p>\n","protected":false},"author":7,"featured_media":0,"comment_status":"open","ping_status":"closed","sticky":false,"template":"","format":"standard","meta":[],"categories":[9],"tags":[202],"_links":{"self":[{"href":"https:\/\/blogs.diariosur.es\/soyfriki\/wp-json\/wp\/v2\/posts\/117"}],"collection":[{"href":"https:\/\/blogs.diariosur.es\/soyfriki\/wp-json\/wp\/v2\/posts"}],"about":[{"href":"https:\/\/blogs.diariosur.es\/soyfriki\/wp-json\/wp\/v2\/types\/post"}],"author":[{"embeddable":true,"href":"https:\/\/blogs.diariosur.es\/soyfriki\/wp-json\/wp\/v2\/users\/7"}],"replies":[{"embeddable":true,"href":"https:\/\/blogs.diariosur.es\/soyfriki\/wp-json\/wp\/v2\/comments?post=117"}],"version-history":[{"count":0,"href":"https:\/\/blogs.diariosur.es\/soyfriki\/wp-json\/wp\/v2\/posts\/117\/revisions"}],"wp:attachment":[{"href":"https:\/\/blogs.diariosur.es\/soyfriki\/wp-json\/wp\/v2\/media?parent=117"}],"wp:term":[{"taxonomy":"category","embeddable":true,"href":"https:\/\/blogs.diariosur.es\/soyfriki\/wp-json\/wp\/v2\/categories?post=117"},{"taxonomy":"post_tag","embeddable":true,"href":"https:\/\/blogs.diariosur.es\/soyfriki\/wp-json\/wp\/v2\/tags?post=117"}],"curies":[{"name":"wp","href":"https:\/\/api.w.org\/{rel}","templated":true}]}}