{"id":1180,"date":"2015-10-06T15:55:17","date_gmt":"2015-10-06T13:55:17","guid":{"rendered":"http:\/\/blogs.diariosur.es\/soyfriki\/?p=1180"},"modified":"2015-10-06T15:55:17","modified_gmt":"2015-10-06T13:55:17","slug":"cuanto-tarda-en-actualizar-tu-google-maps-un-tramo-en-obras","status":"publish","type":"post","link":"https:\/\/blogs.diariosur.es\/soyfriki\/2015\/10\/06\/cuanto-tarda-en-actualizar-tu-google-maps-un-tramo-en-obras\/","title":{"rendered":"\u00bfCu\u00e1nto tarda en actualizar tu Google Maps un tramo en obras?"},"content":{"rendered":"<p><span style=\"font-size: small;\">Me lo he preguntado esta ma\u00f1ana antes de meterme en el Centro de M\u00e1laga.<strong>\u00a0\u00bfCu\u00e1nto tardar\u00e1 realmente en actualizar Google Maps un tramo en obras? <\/strong><\/span><\/p>\n<p><span style=\"font-size: small;\">El <a href=\"http:\/\/www.diariosur.es\/malaga-capital\/201510\/06\/cambio-calle-cordoba-estrena-20151006123051.html\" target=\"_blank\" rel=\"external nofollow\">caos anunciado por mi compa\u00f1ero<strong> Ignacio Lillo<\/strong><\/a> en el entorno de la <strong>Alameda<\/strong> por las <strong>obras del metro<\/strong> no ha hecho m\u00e1s que empezar. \u00a1Y hoy solo se dio la circunstancia de que<strong> la calle C\u00f3rdoba<\/strong> pasaba a ser de doble sentido! Se supone que todos lo hemos o\u00eddo en la <strong>radio<\/strong> o le\u00eddo en los <strong>peri\u00f3dicos<\/strong>, pero, \u00bfy si no lo sabemos y nos da por buscar la mejor ruta en<strong> Google Maps<\/strong> en pleno atasco? Pues nos encontraremos con que a las <strong>15.30 horas<\/strong> no se han enterado, despu\u00e9s de que el <strong>Centro<\/strong> se haya colapsado, esta v\u00eda sigue siendo de un solo sentido en la <strong>app<\/strong>.<\/span><\/p>\n<p><a href=\"\/soyfriki\/wp-content\/uploads\/sites\/14\/2015\/10\/maps.jpg\"><img loading=\"lazy\" class=\"aligncenter size-large wp-image-1181\" title=\"maps\" src=\"\/soyfriki\/wp-content\/uploads\/sites\/14\/2015\/10\/maps.jpg\" alt=\"\" width=\"1024\" height=\"546\" srcset=\"https:\/\/static-blogs.diariosur.es\/wp-content\/uploads\/sites\/14\/2015\/10\/maps.jpg 1200w, https:\/\/static-blogs.diariosur.es\/wp-content\/uploads\/sites\/14\/2015\/10\/maps-300x160.jpg 300w, https:\/\/static-blogs.diariosur.es\/wp-content\/uploads\/sites\/14\/2015\/10\/maps-768x410.jpg 768w, https:\/\/static-blogs.diariosur.es\/wp-content\/uploads\/sites\/14\/2015\/10\/maps-1024x546.jpg 1024w\" sizes=\"(max-width: 1024px) 100vw, 1024px\" \/><\/a><\/p>\n<p><span style=\"font-size: small;\">La<strong> versi\u00f3n 4.8 de\u00a0Google Maps<\/strong> ahora permite\u00a0compartir r\u00e1pidamente\u00a0una ubicaci\u00f3n en <strong>redes sociales<\/strong> como <strong>Facebook<\/strong> e incluye novedades como una mejoras en la <strong>monitorizaci\u00f3n del tr\u00e1fico<\/strong>. Todos estamos acostumbrado a ver esas temidas <strong>l\u00edneas rojas<\/strong> que marcan un tramo de aglomeraci\u00f3n. Se entiende que, con estas mejoras, <strong>Google Maps<\/strong> corrige <strong>errores<\/strong> de forma m\u00e1s r\u00e1pida, mejorando nuestra comunicaci\u00f3n y nuestro transporte. Pero, \u00bfcu\u00e1nto tiempo es eso?\u00a0<\/span><\/p>\n<div><span style=\"font-size: small;\">Fuentes de la propia compa\u00f1\u00eda aseguran que &#8220;la frecuencia de las <strong>actualizaciones<\/strong> puede variar&#8221; y que se esfuerzan por &#8220;<strong>actualizar los datos de mapas<\/strong> de forma regular&#8221;, aunque no hay &#8220;fechas fijas&#8221; sobre esto.\u00a0Los datos de los mapas que se encuentran en <strong>Google Maps<\/strong> proceden de <strong>TeleAtlas<\/strong>. Igualmente, las im\u00e1genes ofrecidas en el modo &#8220;Sat\u00e9lite&#8221; se obtienen principalmente de <strong>DigitalGlobe<\/strong> y <strong>MDA Federal<\/strong>. Pero, tengo un amigo que casi baja su coche por una escalera del Albaic\u00edn y otro al que el navegador lanz\u00f3 desde un muro de 1,5 metros de altura. As\u00ed que ojito.<\/span><\/div>\n<div><\/div>\n<div><span style=\"font-size: small;\">En <strong>Espa\u00f1a<\/strong> es posible reportar cualquier error que vean en <strong>Google Maps<\/strong> desde el mismo producto, eligiendo<strong> &#8216;Informar un problema&#8217;<\/strong> ubicado en la parte inferior derecha. Esto ayudar\u00e1 a que las actualizaciones sean m\u00e1s r\u00e1pidas. Pero, \u00bfqu\u00e9 pasar\u00e1 cuando corten la <strong>Avenida de F\u00e1tima<\/strong> una ma\u00f1ana y te metas en plena hora punta? \u00bfO que restrinjan el <strong>tr\u00e1fico<\/strong> solo en horas nocturnas de una v\u00eda? Seamos sinceros, en mitad de un calent\u00f3n, nadie reporta nada. Lo mejor ser\u00e1 curarse en salud y consultar<a href=\"http:\/\/www.diariosur.es\/malaga-capital\/201510\/06\/obras-metro-alameda-cambian-20151005222220.html\" target=\"_blank\" rel=\"external nofollow\"> este gr\u00e1fico que elabor\u00e1bamos hoy en <strong>SUR<\/strong><\/a> y, sobre todo, estar muy pendiente del <strong>peri\u00f3dico<\/strong> d\u00eda a d\u00eda.<\/span><\/div>\n<div><\/div>\n<div><a href=\"\/soyfriki\/wp-content\/uploads\/sites\/14\/2015\/10\/planometro.jpg\"><img loading=\"lazy\" class=\"aligncenter size-full wp-image-1182\" title=\"planometro\" src=\"\/soyfriki\/wp-content\/uploads\/sites\/14\/2015\/10\/planometro.jpg\" alt=\"\" width=\"915\" height=\"645\" srcset=\"https:\/\/static-blogs.diariosur.es\/wp-content\/uploads\/sites\/14\/2015\/10\/planometro.jpg 915w, https:\/\/static-blogs.diariosur.es\/wp-content\/uploads\/sites\/14\/2015\/10\/planometro-300x211.jpg 300w, https:\/\/static-blogs.diariosur.es\/wp-content\/uploads\/sites\/14\/2015\/10\/planometro-768x541.jpg 768w\" sizes=\"(max-width: 915px) 100vw, 915px\" \/><\/a><\/div>\n","protected":false},"excerpt":{"rendered":"<p>Me lo he preguntado esta ma\u00f1ana antes de meterme en el Centro de M\u00e1laga.\u00a0\u00bfCu\u00e1nto tardar\u00e1 realmente en actualizar Google Maps un tramo en obras? El caos anunciado por mi compa\u00f1ero Ignacio Lillo en el entorno de la Alameda por las obras del metro no ha hecho m\u00e1s que empezar. \u00a1Y hoy solo se dio la [&hellip;]<\/p>\n","protected":false},"author":7,"featured_media":0,"comment_status":"open","ping_status":"open","sticky":false,"template":"","format":"standard","meta":[],"categories":[6],"tags":[],"_links":{"self":[{"href":"https:\/\/blogs.diariosur.es\/soyfriki\/wp-json\/wp\/v2\/posts\/1180"}],"collection":[{"href":"https:\/\/blogs.diariosur.es\/soyfriki\/wp-json\/wp\/v2\/posts"}],"about":[{"href":"https:\/\/blogs.diariosur.es\/soyfriki\/wp-json\/wp\/v2\/types\/post"}],"author":[{"embeddable":true,"href":"https:\/\/blogs.diariosur.es\/soyfriki\/wp-json\/wp\/v2\/users\/7"}],"replies":[{"embeddable":true,"href":"https:\/\/blogs.diariosur.es\/soyfriki\/wp-json\/wp\/v2\/comments?post=1180"}],"version-history":[{"count":0,"href":"https:\/\/blogs.diariosur.es\/soyfriki\/wp-json\/wp\/v2\/posts\/1180\/revisions"}],"wp:attachment":[{"href":"https:\/\/blogs.diariosur.es\/soyfriki\/wp-json\/wp\/v2\/media?parent=1180"}],"wp:term":[{"taxonomy":"category","embeddable":true,"href":"https:\/\/blogs.diariosur.es\/soyfriki\/wp-json\/wp\/v2\/categories?post=1180"},{"taxonomy":"post_tag","embeddable":true,"href":"https:\/\/blogs.diariosur.es\/soyfriki\/wp-json\/wp\/v2\/tags?post=1180"}],"curies":[{"name":"wp","href":"https:\/\/api.w.org\/{rel}","templated":true}]}}