{"id":1184,"date":"2015-10-09T01:36:40","date_gmt":"2015-10-08T23:36:40","guid":{"rendered":"http:\/\/blogs.diariosur.es\/soyfriki\/?p=1184"},"modified":"2015-10-09T01:36:40","modified_gmt":"2015-10-08T23:36:40","slug":"me-encanta-me-enfada-me-asombra-6-nuevos-emoticonos-para-facebook","status":"publish","type":"post","link":"https:\/\/blogs.diariosur.es\/soyfriki\/2015\/10\/09\/me-encanta-me-enfada-me-asombra-6-nuevos-emoticonos-para-facebook\/","title":{"rendered":"Me encanta. Me enfada. Me asombra&#8230; 6 nuevos emoticonos para Facebook"},"content":{"rendered":"<p>La red social <a href=\"http:\/\/facebook.com\/diariosur\" rel=\"external nofollow\">Facebook <\/a>ha puesto en marcha yaa unos nuevos iconos para que los usuarios expresen emociones, aunque no el bot\u00f3n &#8220;no me gusta&#8221; todav\u00eda se har\u00e1 esperar. &#8220;Probar las reacciones, una extensi\u00f3n del bot\u00f3n &#8216;me gusta'&#8221;, se\u00f1alaban desde Facebook. Ahora descubrimos que son 6\u00a0las nuevas formas de interacturar en la red social: <strong>&#8220;Me encanta&#8221;, &#8220;Me divierte&#8221;, &#8220;Me alegra&#8221;, &#8220;Me asombra&#8221;, &#8220;Me entristece&#8221; y &#8220;Me enfada&#8221;<\/strong>.<\/p>\n<p><a href=\"\/soyfriki\/wp-content\/uploads\/sites\/14\/2015\/10\/facebookreactions.jpg\"><img loading=\"lazy\" class=\"aligncenter size-full wp-image-1185\" title=\"facebookreactions\" src=\"\/soyfriki\/wp-content\/uploads\/sites\/14\/2015\/10\/facebookreactions.jpg\" alt=\"\" width=\"848\" height=\"476\" srcset=\"https:\/\/static-blogs.diariosur.es\/wp-content\/uploads\/sites\/14\/2015\/10\/facebookreactions.jpg 848w, https:\/\/static-blogs.diariosur.es\/wp-content\/uploads\/sites\/14\/2015\/10\/facebookreactions-300x168.jpg 300w, https:\/\/static-blogs.diariosur.es\/wp-content\/uploads\/sites\/14\/2015\/10\/facebookreactions-768x431.jpg 768w\" sizes=\"(max-width: 848px) 100vw, 848px\" \/><\/a><\/p>\n<p>Seg\u00fan se\u00f1ala Facebook, estas &#8216;Reactions&#8217; estar\u00e1n disponibles en modo &#8216;beta&#8217; solo en Espa\u00f1a e Irlanda y no se sabe el tiempo que durar\u00e1 la prueba. En las noticias de Diario SUR, ya est\u00e1n comenzando a triunfar&#8230;<\/p>\n<div><\/div>\n","protected":false},"excerpt":{"rendered":"<p>La red social Facebook ha puesto en marcha yaa unos nuevos iconos para que los usuarios expresen emociones, aunque no el bot\u00f3n &#8220;no me gusta&#8221; todav\u00eda se har\u00e1 esperar. &#8220;Probar las reacciones, una extensi\u00f3n del bot\u00f3n &#8216;me gusta&#8217;&#8221;, se\u00f1alaban desde Facebook. Ahora descubrimos que son 6\u00a0las nuevas formas de interacturar en la red social: &#8220;Me [&hellip;]<\/p>\n","protected":false},"author":7,"featured_media":0,"comment_status":"open","ping_status":"open","sticky":false,"template":"","format":"standard","meta":[],"categories":[14],"tags":[],"_links":{"self":[{"href":"https:\/\/blogs.diariosur.es\/soyfriki\/wp-json\/wp\/v2\/posts\/1184"}],"collection":[{"href":"https:\/\/blogs.diariosur.es\/soyfriki\/wp-json\/wp\/v2\/posts"}],"about":[{"href":"https:\/\/blogs.diariosur.es\/soyfriki\/wp-json\/wp\/v2\/types\/post"}],"author":[{"embeddable":true,"href":"https:\/\/blogs.diariosur.es\/soyfriki\/wp-json\/wp\/v2\/users\/7"}],"replies":[{"embeddable":true,"href":"https:\/\/blogs.diariosur.es\/soyfriki\/wp-json\/wp\/v2\/comments?post=1184"}],"version-history":[{"count":0,"href":"https:\/\/blogs.diariosur.es\/soyfriki\/wp-json\/wp\/v2\/posts\/1184\/revisions"}],"wp:attachment":[{"href":"https:\/\/blogs.diariosur.es\/soyfriki\/wp-json\/wp\/v2\/media?parent=1184"}],"wp:term":[{"taxonomy":"category","embeddable":true,"href":"https:\/\/blogs.diariosur.es\/soyfriki\/wp-json\/wp\/v2\/categories?post=1184"},{"taxonomy":"post_tag","embeddable":true,"href":"https:\/\/blogs.diariosur.es\/soyfriki\/wp-json\/wp\/v2\/tags?post=1184"}],"curies":[{"name":"wp","href":"https:\/\/api.w.org\/{rel}","templated":true}]}}