{"id":1209,"date":"2015-10-28T01:03:20","date_gmt":"2015-10-28T00:03:20","guid":{"rendered":"http:\/\/blogs.diariosur.es\/soyfriki\/?p=1209"},"modified":"2015-10-28T01:03:20","modified_gmt":"2015-10-28T00:03:20","slug":"las-reacciones-de-facebook-traducidas-al-malaguita","status":"publish","type":"post","link":"https:\/\/blogs.diariosur.es\/soyfriki\/2015\/10\/28\/las-reacciones-de-facebook-traducidas-al-malaguita\/","title":{"rendered":"Las reacciones de Facebook traducidas al &#039;malaguita&#039;"},"content":{"rendered":"<p><span style=\"font-size: medium;\">&#8216;Me encanta&#8217;, &#8216;Me divierte&#8217;, &#8216;Me alegra&#8217;&#8230; Son las reacciones que desde hace unas semanas tenemos en la botonera de Facebook. 6 nuevas formas de interactuar con los amigos. Disgustan m\u00e1s que gustan, seg\u00fan los comentarios, y est\u00e1n dando mucho que hablar entre los usuarios. Tanto que cada uno hace su libre versi\u00f3n de estas extensiones del bot\u00f3n &#8216;me gusta&#8217;. Ya las encontramos en catal\u00e1n, en mallorqu\u00edn, en canario&#8230; Incluso unas traducidas al malague\u00f1o por <a href=\"https:\/\/www.facebook.com\/littlepepeoficial\/?fref=ts\" target=\"_blank\" rel=\"external nofollow\">Little Pepe<\/a>, pero nosotros hemos querido componer nuestro propio &#8216;Facebook malaguita&#8217;. \u00bfC\u00f3mo lo ves?<\/span><\/p>\n<p>&nbsp;<\/p>\n<p><a href=\"\/soyfriki\/wp-content\/uploads\/sites\/14\/2015\/10\/FBMALAGUITA1.jpg\"><img loading=\"lazy\" class=\"aligncenter size-full wp-image-1214\" title=\"FBMALAGUITA\" src=\"\/soyfriki\/wp-content\/uploads\/sites\/14\/2015\/10\/FBMALAGUITA1.jpg\" alt=\"\" width=\"770\" height=\"433\" srcset=\"https:\/\/static-blogs.diariosur.es\/wp-content\/uploads\/sites\/14\/2015\/10\/FBMALAGUITA1.jpg 770w, https:\/\/static-blogs.diariosur.es\/wp-content\/uploads\/sites\/14\/2015\/10\/FBMALAGUITA1-300x169.jpg 300w, https:\/\/static-blogs.diariosur.es\/wp-content\/uploads\/sites\/14\/2015\/10\/FBMALAGUITA1-768x432.jpg 768w\" sizes=\"(max-width: 770px) 100vw, 770px\" \/><\/a><\/p>\n<p><span style=\"font-size: medium;\">Entre las m\u00e1s divertidas que hemos encontrado por la red la que los chicos de<a href=\"https:\/\/www.facebook.com\/humormallorquin\" target=\"_blank\" rel=\"external nofollow\"> Humor Mallorqu\u00edn\u00a0<\/a>han versionado.<\/span><\/p>\n<p><a href=\"\/soyfriki\/wp-content\/uploads\/sites\/14\/2015\/10\/12046634_505115779670214_4099426479547099718_n.png\"><img loading=\"lazy\" class=\"aligncenter size-full wp-image-1211\" title=\"12046634_505115779670214_4099426479547099718_n\" src=\"\/soyfriki\/wp-content\/uploads\/sites\/14\/2015\/10\/12046634_505115779670214_4099426479547099718_n-e1445990235240.png\" alt=\"\" width=\"660\" height=\"494\" srcset=\"https:\/\/static-blogs.diariosur.es\/wp-content\/uploads\/sites\/14\/2015\/10\/12046634_505115779670214_4099426479547099718_n-e1445990235240.png 660w, https:\/\/static-blogs.diariosur.es\/wp-content\/uploads\/sites\/14\/2015\/10\/12046634_505115779670214_4099426479547099718_n-e1445990235240-300x225.png 300w\" sizes=\"(max-width: 660px) 100vw, 660px\" \/><\/a><\/p>\n<p>&nbsp;<\/p>\n<p><span style=\"font-size: medium;\">Tambi\u00e9n las hay m\u00e1s frikis, como la que se han montado en <a href=\"http:\/\/www.baratz.es\/\" target=\"_blank\" rel=\"external nofollow\">Baratz<\/a>, una empresa de soluciones documentales. \u00a1Reacciones para fans de las bibliotecas!<\/span><\/p>\n<p><a href=\"\/soyfriki\/wp-content\/uploads\/sites\/14\/2015\/10\/12115850_649858388490250_700150534618839688_n.jpg\"><img loading=\"lazy\" class=\"aligncenter size-full wp-image-1212\" title=\"12115850_649858388490250_700150534618839688_n\" src=\"\/soyfriki\/wp-content\/uploads\/sites\/14\/2015\/10\/12115850_649858388490250_700150534618839688_n-e1445990336854.jpg\" alt=\"\" width=\"660\" height=\"495\" srcset=\"https:\/\/static-blogs.diariosur.es\/wp-content\/uploads\/sites\/14\/2015\/10\/12115850_649858388490250_700150534618839688_n-e1445990336854.jpg 660w, https:\/\/static-blogs.diariosur.es\/wp-content\/uploads\/sites\/14\/2015\/10\/12115850_649858388490250_700150534618839688_n-e1445990336854-300x225.jpg 300w\" sizes=\"(max-width: 660px) 100vw, 660px\" \/><\/a><\/p>\n","protected":false},"excerpt":{"rendered":"<p>&#8216;Me encanta&#8217;, &#8216;Me divierte&#8217;, &#8216;Me alegra&#8217;&#8230; Son las reacciones que desde hace unas semanas tenemos en la botonera de Facebook. 6 nuevas formas de interactuar con los amigos. Disgustan m\u00e1s que gustan, seg\u00fan los comentarios, y est\u00e1n dando mucho que hablar entre los usuarios. Tanto que cada uno hace su libre versi\u00f3n de estas extensiones [&hellip;]<\/p>\n","protected":false},"author":7,"featured_media":0,"comment_status":"open","ping_status":"open","sticky":false,"template":"","format":"standard","meta":[],"categories":[14],"tags":[165,281],"_links":{"self":[{"href":"https:\/\/blogs.diariosur.es\/soyfriki\/wp-json\/wp\/v2\/posts\/1209"}],"collection":[{"href":"https:\/\/blogs.diariosur.es\/soyfriki\/wp-json\/wp\/v2\/posts"}],"about":[{"href":"https:\/\/blogs.diariosur.es\/soyfriki\/wp-json\/wp\/v2\/types\/post"}],"author":[{"embeddable":true,"href":"https:\/\/blogs.diariosur.es\/soyfriki\/wp-json\/wp\/v2\/users\/7"}],"replies":[{"embeddable":true,"href":"https:\/\/blogs.diariosur.es\/soyfriki\/wp-json\/wp\/v2\/comments?post=1209"}],"version-history":[{"count":0,"href":"https:\/\/blogs.diariosur.es\/soyfriki\/wp-json\/wp\/v2\/posts\/1209\/revisions"}],"wp:attachment":[{"href":"https:\/\/blogs.diariosur.es\/soyfriki\/wp-json\/wp\/v2\/media?parent=1209"}],"wp:term":[{"taxonomy":"category","embeddable":true,"href":"https:\/\/blogs.diariosur.es\/soyfriki\/wp-json\/wp\/v2\/categories?post=1209"},{"taxonomy":"post_tag","embeddable":true,"href":"https:\/\/blogs.diariosur.es\/soyfriki\/wp-json\/wp\/v2\/tags?post=1209"}],"curies":[{"name":"wp","href":"https:\/\/api.w.org\/{rel}","templated":true}]}}