{"id":1215,"date":"2015-10-29T20:41:03","date_gmt":"2015-10-29T19:41:03","guid":{"rendered":"http:\/\/blogs.diariosur.es\/soyfriki\/?p=1215"},"modified":"2015-10-29T20:41:03","modified_gmt":"2015-10-29T19:41:03","slug":"ray-ban-baratas-la-oferta-timo-de-facebook-charity-sale-event","status":"publish","type":"post","link":"https:\/\/blogs.diariosur.es\/soyfriki\/2015\/10\/29\/ray-ban-baratas-la-oferta-timo-de-facebook-charity-sale-event\/","title":{"rendered":"Ray-Ban baratas, la oferta timo de Facebook. Charity-sale event"},"content":{"rendered":"<p><span style=\"font-size: medium;\"><a href=\"\/soyfriki\/wp-content\/uploads\/sites\/14\/2015\/10\/paginaraybantimo.jpg\"><img loading=\"lazy\" class=\"alignright size-medium wp-image-1216\" title=\"paginaraybantimo\" src=\"\/soyfriki\/wp-content\/uploads\/sites\/14\/2015\/10\/paginaraybantimo.jpg\" alt=\"\" width=\"300\" height=\"190\" srcset=\"https:\/\/static-blogs.diariosur.es\/wp-content\/uploads\/sites\/14\/2015\/10\/paginaraybantimo.jpg 660w, https:\/\/static-blogs.diariosur.es\/wp-content\/uploads\/sites\/14\/2015\/10\/paginaraybantimo-300x191.jpg 300w\" sizes=\"(max-width: 300px) 100vw, 300px\" \/><\/a>Aparece con el formato de evento. Un amigo tuyo de invita a un &#8216;<strong>outlet<\/strong>&#8216; o algo similar relacionado con <strong>Ray-Ban<\/strong>. Me ha ocurrido que el \u00faltimo al que me invitaron era hasta ben\u00e9fico. <strong>&#8216;RayBan annual charity-sale event&#8217;<\/strong> La persona que te invita es de tu c\u00edrculo de confianza, el <strong>evento<\/strong> parece oficial, pero todo sospechosamente <strong>barato<\/strong>. La convocatoria aparece llena de fotos de alegres compradoras que tienen sus <strong>Ray-Ban<\/strong> por entre <strong>19 y 23 euro<\/strong>s. Y, te apuntas por si acaso.<\/span><\/p>\n<p><span style=\"font-size: medium;\">Hace unos a\u00f1os se creaban <strong>grupos<\/strong>, luego llegaron las <strong>etiquetas<\/strong> en las fotos&#8230; Pero el timo es el mismo, no te enga\u00f1es. En realidad, es una <strong>estafa<\/strong> en dos fases: un &#8216;<strong>malware<\/strong>&#8216; que infecta tu cuenta y va a invitando a tus amigos en cadena.\u00a0\u00a0El <strong>malware<\/strong> que se mete en tu cuenta de <strong>Facebook<\/strong> y publica en tu nombre.<\/span><\/p>\n<p><span style=\"font-size: medium;\">En<strong><a href=\"http:\/\/computerhoy.com\/noticias\/internet\/ray-ban-baratas-facebook-nuevo-virus-red-social-19797\" target=\"_blank\" rel=\"external nofollow\"> &#8216;Computer Hoy&#8217;<\/a><\/strong>\u00a0explican la forma de eliminar este indeseable <strong>virus<\/strong>:<\/span><\/p>\n<ul>\n<li><span style=\"font-size: medium;\">Cambia la <strong>contrase\u00f1a<\/strong> de <strong>Facebook<\/strong><\/span><\/li>\n<li><span style=\"font-size: medium;\">Pasa por el ordenador un <strong>filtro de malware<\/strong><\/span><a style=\"font-size: medium;\" href=\"https:\/\/www.facebook.com\/checkpoint\/checkpointme?f=244838672349252\" rel=\"external nofollow\"> Trend Micro<\/a><\/li>\n<li><span style=\"font-size: medium;\">Adem\u00e1s se instala como complemento del <strong>navegador<\/strong>: conviene que lo elimines<\/span><\/li>\n<\/ul>\n<p>&nbsp;<\/p>\n<p><span style=\"font-size: medium;\">Por otro lado, si se te ocurre comprar en la p\u00e1gina de esta oferta -aparentemente oficial- y que dura solo un d\u00eda, te vas a encontrar con unas gafas m\u00e1s <strong>falsas<\/strong> que Judas o, en el peor de los casos, que jam\u00e1s llegar\u00e1n. Y eso s\u00ed que no tendr\u00e1 remedio&#8230;<\/span><\/p>\n<p>&nbsp;<\/p>\n<p><a href=\"\/soyfriki\/wp-content\/uploads\/sites\/14\/2015\/10\/facebookraybantimo.jpg\"><img loading=\"lazy\" class=\"aligncenter size-full wp-image-1217\" title=\"facebookraybantimo\" src=\"\/soyfriki\/wp-content\/uploads\/sites\/14\/2015\/10\/facebookraybantimo.jpg\" alt=\"\" width=\"660\" height=\"225\" srcset=\"https:\/\/static-blogs.diariosur.es\/wp-content\/uploads\/sites\/14\/2015\/10\/facebookraybantimo.jpg 660w, https:\/\/static-blogs.diariosur.es\/wp-content\/uploads\/sites\/14\/2015\/10\/facebookraybantimo-300x102.jpg 300w\" sizes=\"(max-width: 660px) 100vw, 660px\" \/><\/a><\/p>\n","protected":false},"excerpt":{"rendered":"<p>Aparece con el formato de evento. Un amigo tuyo de invita a un &#8216;outlet&#8216; o algo similar relacionado con Ray-Ban. Me ha ocurrido que el \u00faltimo al que me invitaron era hasta ben\u00e9fico. &#8216;RayBan annual charity-sale event&#8217; La persona que te invita es de tu c\u00edrculo de confianza, el evento parece oficial, pero todo sospechosamente [&hellip;]<\/p>\n","protected":false},"author":7,"featured_media":0,"comment_status":"open","ping_status":"open","sticky":false,"template":"","format":"standard","meta":[],"categories":[14],"tags":[165,456],"_links":{"self":[{"href":"https:\/\/blogs.diariosur.es\/soyfriki\/wp-json\/wp\/v2\/posts\/1215"}],"collection":[{"href":"https:\/\/blogs.diariosur.es\/soyfriki\/wp-json\/wp\/v2\/posts"}],"about":[{"href":"https:\/\/blogs.diariosur.es\/soyfriki\/wp-json\/wp\/v2\/types\/post"}],"author":[{"embeddable":true,"href":"https:\/\/blogs.diariosur.es\/soyfriki\/wp-json\/wp\/v2\/users\/7"}],"replies":[{"embeddable":true,"href":"https:\/\/blogs.diariosur.es\/soyfriki\/wp-json\/wp\/v2\/comments?post=1215"}],"version-history":[{"count":0,"href":"https:\/\/blogs.diariosur.es\/soyfriki\/wp-json\/wp\/v2\/posts\/1215\/revisions"}],"wp:attachment":[{"href":"https:\/\/blogs.diariosur.es\/soyfriki\/wp-json\/wp\/v2\/media?parent=1215"}],"wp:term":[{"taxonomy":"category","embeddable":true,"href":"https:\/\/blogs.diariosur.es\/soyfriki\/wp-json\/wp\/v2\/categories?post=1215"},{"taxonomy":"post_tag","embeddable":true,"href":"https:\/\/blogs.diariosur.es\/soyfriki\/wp-json\/wp\/v2\/tags?post=1215"}],"curies":[{"name":"wp","href":"https:\/\/api.w.org\/{rel}","templated":true}]}}