{"id":122,"date":"2010-02-22T19:04:00","date_gmt":"2010-02-22T19:04:00","guid":{"rendered":"http:\/\/blogs.diariosur.es\/tuenti-facebook\/?p=122"},"modified":"2010-02-22T19:04:00","modified_gmt":"2010-02-22T19:04:00","slug":"mas-tetas-malaga-todo-seran-fotos","status":"publish","type":"post","link":"https:\/\/blogs.diariosur.es\/soyfriki\/2010\/02\/22\/mas-tetas-malaga-todo-seran-fotos\/","title":{"rendered":"M\u00e1s tetas en M\u00e1laga: no todo ser\u00e1n fotos&#8230;"},"content":{"rendered":"<p><IMG src=\"\/tuenti-facebook\/files\/tetas-malaga-duque.jpg\" id=\"img_0\" class=\"imgdcha\" height=\"286\" width=\"381\">Ya en el post anterior expresaba mi sorpresa por los bienintencionados resultados que <strong>Google <\/strong>ofrec\u00eda en mi b\u00fasqueda de <strong>&#8220;tetas M\u00e1laga&#8221;<\/strong>. Y uno de los primeros resultados, sobre textos, que me he encontrado, ha sido sorprendente porque el titular <strong>&#8216;Con las tetas al aire&#8217;<\/strong>, no hac\u00eda presagiar nada bueno sobre el contenido. Pero era m\u00e1s jugoso de lo que yo esperaba:<\/p>\n<p><em>&#8220;Seg\u00fan public\u00f3 ayer La Vanguardia, hace unas semanas el encargado de un restaurante de post\u00edn de Barcelona ech\u00f3 de mala manera a una madre del establecimiento porque se hab\u00eda empe\u00f1ado en dar de mamar a su beb\u00e9, y se sac\u00f3 la teta. Ignoro la versi\u00f3n del encargado; pero, seg\u00fan la intr\u00e9pida mam\u00e1, el hombre le dijo poco m\u00e1s o menos que eso era una vulgaridad y que podr\u00eda incomodar al resto de la clientela&#8221;. <\/em><\/p>\n<p><A href=\"http:\/\/foros.diariosur.es\/con-las-teta-aire-t36062.html\" title=\"http:\/\/foros.diariosur.es\/con-las-teta-aire-t36062.html\" id=\"link_0\"> por ALVARO MENDIOLA en los foros de SUR.es<\/a> <\/p>\n<p><strong>Legnar<\/strong>, con acierto, le contestaba:<br \/>\n <em>&#8220;Una madre no da de mamar a su hijo, lo alimenta&#8221;. <\/em><\/p>\n<p>El hecho, es que he comprobado que no s\u00f3lo de fotos del <strong>Monte San Ant\u00f3n<\/strong> vive el internauta. Aunque <A href=\"foroswebgratis.com\/mensaje-cosas_de_la_mar-92754-822592-1-2755957.htm\" title=\"foroswebgratis.com\/mensaje-cosas_de_la_mar-92754-822592-1-2755957.htm\" id=\"link_1\">un post<\/a>  en foroswebgratis.com me ha sorprendido.<\/p>\n<p>&#8220;Amanec\u00eda y el temporal hab\u00eda amainado lo suficiente para, con la l\u00f3gica precauci\u00f3n, asomar la cabeza por el sollao. Luis &#8216;El Chulo&#8217;, apodado as\u00ed por sus maneras. Un poco finolis para la \u00e9poca, y como en el verano ejerc\u00eda de fotografo ambulante, vest\u00eda de traje veraniego, y de ah\u00ed le ven\u00eda el apodo. Eso contaban&#8230; Y fu\u00e9 este hombre que me dijo: chaval si asomas un poco le ver\u00e1s las tetas a M\u00e1laga. Esto me intrig\u00f3 y, curioso, sal\u00ed a cubierta. Aunque el temporal hab\u00eda amainado, a\u00fan hab\u00eda un oleaje fuerte, pero ya soportable, as\u00ed que con cuidado, pero curioso pregunt\u00e9 qu\u00e9 era aquello de las tetas&#8230;..Y las v\u00ed. Son como dos montes juntos, algo as\u00ed como la mujer yacente de C\u00e9uta, pero, en \u00e9ste caso, asemejan a unos senos de mujer&#8221;.<\/p>\n<p>Un texto sin duda rescatado de alguna novela o tratado, pero genial.<\/p>\n<p>Por \u00faltimo -porque no s\u00e9 si ha alguno os ha pasado- pero a m\u00ed s\u00ed os dejo con una reflexi\u00f3n de <strong>Gibson <\/strong>en <A href=\"http:\/\/www.dalequeteblog.com\/tetas-en-oferta\" title=\"http:\/\/www.dalequeteblog.com\/tetas-en-oferta\" id=\"link_2\">&#8216;Dale que te blog&#8217;<\/a>, bajo el nombre<strong> Tetas en oferta<\/strong>. La hago m\u00eda.<\/p>\n<p><em>&#8220;Vi un cartel. Uno de esos bien grandes que plagan nuestras autov\u00edas, y bajo la foto daba tiempo a leer un mensaje corto pero muy conciso, escrito en una lengua que no me concordaba con la de los nativos del lugar, que no es otra que el castellano. &#8216;Increase your breasts&#8217; y adem\u00e1s &#8216;for only 3.995 \u20ac&#8217;. \u00a1\u00a1Tetas!!- me dije. No. -\u00a1\u00a1Hostias!!- me dije. -\u00a1Qu\u00e9 ofert\u00f3n!&#8221;<\/em><\/p>\n<p>S\u00ed, si hay unas tetas de M\u00e1laga que han robado protagonismo a las del Monte San Ant\u00f3n, son estas que est\u00e1n en el extremo opuesto. Justo en la entrada de <strong>Torremolinos <\/strong>desde la A-7, direcci\u00f3n Benalm\u00e1dena, de una cl\u00ednica de cuyo nombre no quiero acordarme.<\/p>\n","protected":false},"excerpt":{"rendered":"<p>Ya en el post anterior expresaba mi sorpresa por los bienintencionados resultados que Google ofrec\u00eda en mi b\u00fasqueda de &#8220;tetas M\u00e1laga&#8221;. Y uno de los primeros resultados, sobre textos, que me he encontrado, ha sido sorprendente porque el titular &#8216;Con las tetas al aire&#8217;, no hac\u00eda presagiar nada bueno sobre el contenido. Pero era m\u00e1s [&hellip;]<\/p>\n","protected":false},"author":7,"featured_media":0,"comment_status":"open","ping_status":"closed","sticky":false,"template":"","format":"standard","meta":[],"categories":[9],"tags":[202,281,448],"_links":{"self":[{"href":"https:\/\/blogs.diariosur.es\/soyfriki\/wp-json\/wp\/v2\/posts\/122"}],"collection":[{"href":"https:\/\/blogs.diariosur.es\/soyfriki\/wp-json\/wp\/v2\/posts"}],"about":[{"href":"https:\/\/blogs.diariosur.es\/soyfriki\/wp-json\/wp\/v2\/types\/post"}],"author":[{"embeddable":true,"href":"https:\/\/blogs.diariosur.es\/soyfriki\/wp-json\/wp\/v2\/users\/7"}],"replies":[{"embeddable":true,"href":"https:\/\/blogs.diariosur.es\/soyfriki\/wp-json\/wp\/v2\/comments?post=122"}],"version-history":[{"count":0,"href":"https:\/\/blogs.diariosur.es\/soyfriki\/wp-json\/wp\/v2\/posts\/122\/revisions"}],"wp:attachment":[{"href":"https:\/\/blogs.diariosur.es\/soyfriki\/wp-json\/wp\/v2\/media?parent=122"}],"wp:term":[{"taxonomy":"category","embeddable":true,"href":"https:\/\/blogs.diariosur.es\/soyfriki\/wp-json\/wp\/v2\/categories?post=122"},{"taxonomy":"post_tag","embeddable":true,"href":"https:\/\/blogs.diariosur.es\/soyfriki\/wp-json\/wp\/v2\/tags?post=122"}],"curies":[{"name":"wp","href":"https:\/\/api.w.org\/{rel}","templated":true}]}}