{"id":125,"date":"2010-02-23T17:48:00","date_gmt":"2010-02-23T17:48:00","guid":{"rendered":"http:\/\/blogs.diariosur.es\/tuenti-facebook\/?p=125"},"modified":"2010-02-23T17:48:00","modified_gmt":"2010-02-23T17:48:00","slug":"etarras-que-moda-tras-senoras-que","status":"publish","type":"post","link":"https:\/\/blogs.diariosur.es\/soyfriki\/2010\/02\/23\/etarras-que-moda-tras-senoras-que\/","title":{"rendered":"&#039;Etarras que&#8230;&#039;, la moda tras &#039;Se\u00f1oras que&#8230;&#039;"},"content":{"rendered":"<p> <IMG src=\"\/tuenti-facebook\/files\/etarras-que.jpg\" id=\"img_0\" class=\"imgdcha\" height=\"265\" width=\"353\"><strong>&#8216;Etarras vestidos de flamencas&#8217; o &#8216;Etarras que actualizan su estado en el Caralibro y les pilla la Polic\u00eda&#8217;<\/strong>. Dos ejemplos de las delirantes p\u00e1ginas creadas en Facebook para burlarse de la foto en la que aparecen los <A href=\"http:\/\/www.diariosur.es\/rc\/20100218\/espana\/videonoticia-etarra-facebook-camiseta-201002181429.html\" title=\"http:\/\/www.diariosur.es\/rc\/20100218\/espana\/videonoticia-etarra-facebook-camiseta-201002181429.html\" id=\"link_1\">dos presuntos miembros de la banda ETA detenidos esta semana, con una camiseta de la selecci\u00f3n espa\u00f1ola inclu\u00edda<\/a>. El eco de su creaci\u00f3n ha llegado tambi\u00e9n a Twitter.<\/p>\n<p>Las iniciativas se inspiran en las conocidas p\u00e1ginas <A href=\"..\/tuenti-facebook\/2010\/2\/19\/grupos-facebook-mas-famosos-y-frikis-y-senoras-que-\" title=\"http:\/\/blogs.diariosur.es\/tuenti-facebook\/2010\/2\/19\/grupos-facebook-mas-famosos-y-frikis-y-senoras-que-\" id=\"link_2\">&#8216;Se\u00f1oras que&#8230;&#8217;<\/a>.<\/p>\n<p>Los presuntos etarras, Jon Rosales y Adur Aristegi, aparecen en Facebook posando en una foto -publicada en el perfil del primero- ataviados y sonrientes con la camiseta. Aristegi bromea con un comentario que dice: &#8220;\u00a1Podemos!&#8221;.<\/p>\n<p><strong>&#8216;Etarras que quedan para ir a andar&#8217;, &#8216;etarras lesbianas que se cortan el flequillo recto&#8217;, &#8216;etarras que quieren usar Foursquare pero no les dejan&#8217; o &#8216;etarras que quieren que Ra\u00fal vuelva a la selecci\u00f3n&#8217;<\/strong>. <A href=\"http:\/\/www.delia2d.com\/2010\/02\/etarras-que-en-facebook-asi-nace-un-meme\/\" title=\"http:\/\/www.delia2d.com\/2010\/02\/etarras-que-en-facebook-asi-nace-un-meme\/\" id=\"link_0\">DeliaD2.com<\/a>  hace un balance y estima que hay ya 130 p\u00e1ginas que ridiculizan a los etarras en Facebook. <\/p>\n<p>No se sabe si fagocitar\u00e1n a <strong>&#8216;Se\u00f1oras que&#8230;&#8217;<\/strong>, pero como se dice comenta ya por la red est\u00e1 claro que Twitter y Facebook ya crean y difunden sus propias noticias. Bueno, y que la gente le ha perdido el respeto a ETA.<\/p>\n","protected":false},"excerpt":{"rendered":"<p>&#8216;Etarras vestidos de flamencas&#8217; o &#8216;Etarras que actualizan su estado en el Caralibro y les pilla la Polic\u00eda&#8217;. Dos ejemplos de las delirantes p\u00e1ginas creadas en Facebook para burlarse de la foto en la que aparecen los dos presuntos miembros de la banda ETA detenidos esta semana, con una camiseta de la selecci\u00f3n espa\u00f1ola inclu\u00edda. [&hellip;]<\/p>\n","protected":false},"author":7,"featured_media":0,"comment_status":"open","ping_status":"closed","sticky":false,"template":"","format":"standard","meta":[],"categories":[9],"tags":[165,483],"_links":{"self":[{"href":"https:\/\/blogs.diariosur.es\/soyfriki\/wp-json\/wp\/v2\/posts\/125"}],"collection":[{"href":"https:\/\/blogs.diariosur.es\/soyfriki\/wp-json\/wp\/v2\/posts"}],"about":[{"href":"https:\/\/blogs.diariosur.es\/soyfriki\/wp-json\/wp\/v2\/types\/post"}],"author":[{"embeddable":true,"href":"https:\/\/blogs.diariosur.es\/soyfriki\/wp-json\/wp\/v2\/users\/7"}],"replies":[{"embeddable":true,"href":"https:\/\/blogs.diariosur.es\/soyfriki\/wp-json\/wp\/v2\/comments?post=125"}],"version-history":[{"count":0,"href":"https:\/\/blogs.diariosur.es\/soyfriki\/wp-json\/wp\/v2\/posts\/125\/revisions"}],"wp:attachment":[{"href":"https:\/\/blogs.diariosur.es\/soyfriki\/wp-json\/wp\/v2\/media?parent=125"}],"wp:term":[{"taxonomy":"category","embeddable":true,"href":"https:\/\/blogs.diariosur.es\/soyfriki\/wp-json\/wp\/v2\/categories?post=125"},{"taxonomy":"post_tag","embeddable":true,"href":"https:\/\/blogs.diariosur.es\/soyfriki\/wp-json\/wp\/v2\/tags?post=125"}],"curies":[{"name":"wp","href":"https:\/\/api.w.org\/{rel}","templated":true}]}}