{"id":1263,"date":"2016-11-16T15:20:01","date_gmt":"2016-11-16T14:20:01","guid":{"rendered":"http:\/\/blogs.diariosur.es\/soyfriki\/?p=1263"},"modified":"2016-11-16T15:20:01","modified_gmt":"2016-11-16T14:20:01","slug":"de-donde-sale-que-es-una-madre","status":"publish","type":"post","link":"https:\/\/blogs.diariosur.es\/soyfriki\/2016\/11\/16\/de-donde-sale-que-es-una-madre\/","title":{"rendered":"\u00bfDe d\u00f3nde sale realmente &#039;Qu\u00e9 es una madre&#039;?"},"content":{"rendered":"<p>Seg\u00fan recoge la <strong>Real Academia Espa\u00f1ola (RAE) en el Diccionario<\/strong>, &#8220;madre&#8221; es toda <em><strong>&#8220;mujer o animal hembra que ha parido a otro ser de su misma especie&#8221;<\/strong><\/em>. <strong>Puleva<\/strong> ha lanzado una campa\u00f1a, junto con la agencia creativa <strong>Havas<\/strong>, para hacer un llamamiento a la colaboraci\u00f3n ciudadana. La iniciativa se articula en torno al sitio <a href=\"www.queesunamadre.org\" target=\"_blank\">www.queesunamadre.org<\/a> donde se recogen firmas para pedir el cambio.<\/p>\n<p><iframe loading=\"lazy\" src=\"https:\/\/www.youtube.com\/embed\/nyKWm1Cx-fc\" frameborder=\"0\" width=\"575\" height=\"325\"><\/iframe><\/p>\n<p>La campa\u00f1a &#8216;Qu\u00e9 es una madre&#8217; cuenta con la participaci\u00f3n de famosos -previo paso por caja, entendemos- como <strong>Sara Carbonero, Vicky Mart\u00edn Berrocal, Jes\u00fas Calleja, Christian G\u00e1lvez o Patricia Montero<\/strong>. Muestran en sus redes sociales su propia definici\u00f3n sobre lo que es una madre para ellos y animan a todos sus seguidores a que se unan a la iniciativa tambi\u00e9n utilizando el hashtag <strong>#UnaMadreEs<\/strong> para poner en valor a las madres. Desconocemos su alcance exacto porque, obviamente, desde primera hora de la ma\u00f1ana aparec\u00eda como<strong> tendencia promocionada<\/strong>.<\/p>\n<p><a href=\"\/soyfriki\/wp-content\/uploads\/sites\/14\/2016\/11\/madresaracarbonero.jpg\"><img loading=\"lazy\" class=\"aligncenter size-large wp-image-1265\" title=\"madresaracarbonero\" src=\"\/soyfriki\/wp-content\/uploads\/sites\/14\/2016\/11\/madresaracarbonero.jpg\" alt=\"\" width=\"1024\" height=\"567\" srcset=\"https:\/\/static-blogs.diariosur.es\/wp-content\/uploads\/sites\/14\/2016\/11\/madresaracarbonero.jpg 1264w, https:\/\/static-blogs.diariosur.es\/wp-content\/uploads\/sites\/14\/2016\/11\/madresaracarbonero-300x166.jpg 300w, https:\/\/static-blogs.diariosur.es\/wp-content\/uploads\/sites\/14\/2016\/11\/madresaracarbonero-768x425.jpg 768w, https:\/\/static-blogs.diariosur.es\/wp-content\/uploads\/sites\/14\/2016\/11\/madresaracarbonero-1024x567.jpg 1024w\" sizes=\"(max-width: 1024px) 100vw, 1024px\" \/><\/a><\/p>\n<p>Algunos medios ya hab\u00edan colgado esta ma\u00f1ana la noticia como <strong><em>&#8216;una original propuesta&#8217;<\/em><\/strong> hasta que se percataron que detr\u00e1s de ella hay una <strong>campa\u00f1a de marketing<\/strong>. Con un buen fin, pero <strong>publicidad al fin y al cabo<\/strong>.<\/p>\n<p><a class=\"twitter-timeline\" href=\"https:\/\/twitter.com\/hashtag\/UnaMadreEs\" data-widget-id=\"798892443206844416\" rel=\"external nofollow\">Tweets sobre #UnaMadreEs<\/a><br \/>\n<script type=\"text\/javascript\">\/\/ <![CDATA[\n  !function(d,s,id){var js,fjs=d.getElementsByTagName(s)[0],p=\/^http:\/.test(d.location)?'http':'https';if(!d.getElementById(id)){js=d.createElement(s);js.id=id;js.src=p+\":\/\/platform.twitter.com\/widgets.js\";fjs.parentNode.insertBefore(js,fjs);}}(document,\"script\",\"twitter-wjs\");\n\/\/ ]]><\/script><\/p>\n","protected":false},"excerpt":{"rendered":"<p>Seg\u00fan recoge la Real Academia Espa\u00f1ola (RAE) en el Diccionario, &#8220;madre&#8221; es toda &#8220;mujer o animal hembra que ha parido a otro ser de su misma especie&#8221;. Puleva ha lanzado una campa\u00f1a, junto con la agencia creativa Havas, para hacer un llamamiento a la colaboraci\u00f3n ciudadana. La iniciativa se articula en torno al sitio www.queesunamadre.org [&hellip;]<\/p>\n","protected":false},"author":7,"featured_media":0,"comment_status":"open","ping_status":"open","sticky":false,"template":"","format":"standard","meta":[],"categories":[9],"tags":[],"_links":{"self":[{"href":"https:\/\/blogs.diariosur.es\/soyfriki\/wp-json\/wp\/v2\/posts\/1263"}],"collection":[{"href":"https:\/\/blogs.diariosur.es\/soyfriki\/wp-json\/wp\/v2\/posts"}],"about":[{"href":"https:\/\/blogs.diariosur.es\/soyfriki\/wp-json\/wp\/v2\/types\/post"}],"author":[{"embeddable":true,"href":"https:\/\/blogs.diariosur.es\/soyfriki\/wp-json\/wp\/v2\/users\/7"}],"replies":[{"embeddable":true,"href":"https:\/\/blogs.diariosur.es\/soyfriki\/wp-json\/wp\/v2\/comments?post=1263"}],"version-history":[{"count":0,"href":"https:\/\/blogs.diariosur.es\/soyfriki\/wp-json\/wp\/v2\/posts\/1263\/revisions"}],"wp:attachment":[{"href":"https:\/\/blogs.diariosur.es\/soyfriki\/wp-json\/wp\/v2\/media?parent=1263"}],"wp:term":[{"taxonomy":"category","embeddable":true,"href":"https:\/\/blogs.diariosur.es\/soyfriki\/wp-json\/wp\/v2\/categories?post=1263"},{"taxonomy":"post_tag","embeddable":true,"href":"https:\/\/blogs.diariosur.es\/soyfriki\/wp-json\/wp\/v2\/tags?post=1263"}],"curies":[{"name":"wp","href":"https:\/\/api.w.org\/{rel}","templated":true}]}}