{"id":1266,"date":"2016-11-26T18:11:28","date_gmt":"2016-11-26T17:11:28","guid":{"rendered":"http:\/\/blogs.diariosur.es\/soyfriki\/?p=1266"},"modified":"2016-11-26T18:11:28","modified_gmt":"2016-11-26T17:11:28","slug":"video-inundacion-mercadona-malaga","status":"publish","type":"post","link":"https:\/\/blogs.diariosur.es\/soyfriki\/2016\/11\/26\/video-inundacion-mercadona-malaga\/","title":{"rendered":"El v\u00eddeo de la &#039;inundaci\u00f3n en Mercadona en M\u00e1laga&#039; es un fake"},"content":{"rendered":"<p>&#8220;<strong>Me env\u00eda este v\u00eddeo un amigo que dice que es el Mercadona de Plaza Mayor&#8221;.<\/strong> Este mensaje me ha llegado por <strong>WhatsApp<\/strong> este mediod\u00eda, como a muchos de vosotros. Adjunta un v\u00eddeo donde una cascada de agua cae desde el techo del supermercado, mientras se intenta detener el torrente con cubos y grandes bidones.<strong> Pero no, no es Plaza Mayor.<\/strong> <strong>Ni siquiera ha ocurrido esta ma\u00f1ana en M\u00e1laga.<\/strong> Este v\u00eddeo se ha viralizado, pero como casi siempre ha resultado ser un fake.<\/p>\n<p><a href=\"\/soyfriki\/wp-content\/uploads\/sites\/14\/2016\/11\/hqdefault.jpg\"><img loading=\"lazy\" class=\"aligncenter size-full wp-image-1267\" title=\"hqdefault\" src=\"\/soyfriki\/wp-content\/uploads\/sites\/14\/2016\/11\/hqdefault-e1480180167749.jpg\" alt=\"\" width=\"560\" height=\"420\" srcset=\"https:\/\/static-blogs.diariosur.es\/wp-content\/uploads\/sites\/14\/2016\/11\/hqdefault-e1480180167749.jpg 560w, https:\/\/static-blogs.diariosur.es\/wp-content\/uploads\/sites\/14\/2016\/11\/hqdefault-e1480180167749-300x225.jpg 300w\" sizes=\"(max-width: 560px) 100vw, 560px\" \/><\/a><\/p>\n<p><strong>Ocurrir s\u00ed que ocurri\u00f3, pero hace m\u00e1s de un a\u00f1o seg\u00fan hemos podido confirmar con fuentes de la cadena de supermercados. Concretamente en Galicia.<\/strong> Pero, no ha vuelto a ocurrir semejante cosa. Y s\u00f3lo en Youtube el v\u00eddeo se replica en distintas fechas y con lugares cambiados. Alcal\u00e1 de Henares es uno de los \u00faltimos, fechado el 11 de junio de 2015 con este enunciado: &#8220;La tormenta y el granizo ca\u00eddos en el d\u00eda de hoy ha causado da\u00f1os en la v\u00eda p\u00fablica y provocado algunas inundaciones, como la que se aprecia en este establecimiento de Mercadona&#8221;.<\/p>\n<p>As\u00ed que el v\u00eddeo ha ido resucitando una y otra vez hasta esta ma\u00f1ana, cuando<strong> &#8216;bohemioflamenkito&#8217;<\/strong> lo ha rescatado con el t\u00edtulo de<strong> &#8216;Inundaci\u00f3n en Mercadona M\u00e1laga&#8217;.<\/strong> Suculento, \u00bfverdad? Pero, nada m\u00e1s lejos de realidad. <strong>Esto no ha pasado hoy.<\/strong> As\u00ed que ojo con los fakes. Aqu\u00ed ten\u00e9is alguna de las apariciones de este v\u00eddeo fantasma&#8230;<\/p>\n<p><iframe loading=\"lazy\" src=\"https:\/\/www.youtube.com\/embed\/vlSnFVzkh5k\" frameborder=\"0\" width=\"560\" height=\"315\"><\/iframe><\/p>\n<p><iframe loading=\"lazy\" src=\"https:\/\/www.youtube.com\/embed\/u5Fe4epeJq0\" frameborder=\"0\" width=\"560\" height=\"315\"><\/iframe><\/p>\n<p><iframe loading=\"lazy\" src=\"https:\/\/www.youtube.com\/embed\/YTo-9gZlSuM\" frameborder=\"0\" width=\"560\" height=\"315\"><\/iframe><\/p>\n<p><strong>ADEM\u00c1S<\/strong><\/p>\n<ul>\n<li><a style=\"font-size: small;\" href=\"http:\/\/www.diariosur.es\/costadelsol\/201611\/26\/torbellino-causa-numerosos-danos-20161126134204.html\" rel=\"external nofollow\">Un torbellino causa numerosos da\u00f1os en Benalm\u00e1dena<\/a><\/li>\n<li><a style=\"font-size: small;\" title=\"M\u00e1laga registra casi un centenar de incidencias a causa de las intensas precipitaciones\" href=\"http:\/\/www.diariosur.es\/malaga\/201611\/26\/malaga-registra-casi-centenar-20161126140540.html\" rel=\"external nofollow\">M\u00e1laga registra casi un centenar de incidencias a causa de las intensas precipitaciones<\/a><\/li>\n<li><a style=\"font-size: small;\" title=\"Rescatados diez veh\u00edculos con personas dentro\" href=\"http:\/\/www.diariosur.es\/costadelsol\/201611\/26\/rescatados-diez-vehiculos-mijas-20161126121232.html\" rel=\"external nofollow\">Rescatados diez veh\u00edculos con personas dentro<\/a><\/li>\n<li><a style=\"font-size: small;\" href=\"http:\/\/www.diariosur.es\/malaga\/201611\/26\/meteorologia-activa-alerta-naranja-20161126085929.html\" rel=\"external nofollow\">Meteorolog\u00eda activa la alerta naranja en M\u00e1laga<\/a><\/li>\n<\/ul>\n","protected":false},"excerpt":{"rendered":"<p>&#8220;Me env\u00eda este v\u00eddeo un amigo que dice que es el Mercadona de Plaza Mayor&#8221;. Este mensaje me ha llegado por WhatsApp este mediod\u00eda, como a muchos de vosotros. Adjunta un v\u00eddeo donde una cascada de agua cae desde el techo del supermercado, mientras se intenta detener el torrente con cubos y grandes bidones. Pero [&hellip;]<\/p>\n","protected":false},"author":7,"featured_media":0,"comment_status":"open","ping_status":"open","sticky":false,"template":"","format":"standard","meta":[],"categories":[9],"tags":[],"_links":{"self":[{"href":"https:\/\/blogs.diariosur.es\/soyfriki\/wp-json\/wp\/v2\/posts\/1266"}],"collection":[{"href":"https:\/\/blogs.diariosur.es\/soyfriki\/wp-json\/wp\/v2\/posts"}],"about":[{"href":"https:\/\/blogs.diariosur.es\/soyfriki\/wp-json\/wp\/v2\/types\/post"}],"author":[{"embeddable":true,"href":"https:\/\/blogs.diariosur.es\/soyfriki\/wp-json\/wp\/v2\/users\/7"}],"replies":[{"embeddable":true,"href":"https:\/\/blogs.diariosur.es\/soyfriki\/wp-json\/wp\/v2\/comments?post=1266"}],"version-history":[{"count":0,"href":"https:\/\/blogs.diariosur.es\/soyfriki\/wp-json\/wp\/v2\/posts\/1266\/revisions"}],"wp:attachment":[{"href":"https:\/\/blogs.diariosur.es\/soyfriki\/wp-json\/wp\/v2\/media?parent=1266"}],"wp:term":[{"taxonomy":"category","embeddable":true,"href":"https:\/\/blogs.diariosur.es\/soyfriki\/wp-json\/wp\/v2\/categories?post=1266"},{"taxonomy":"post_tag","embeddable":true,"href":"https:\/\/blogs.diariosur.es\/soyfriki\/wp-json\/wp\/v2\/tags?post=1266"}],"curies":[{"name":"wp","href":"https:\/\/api.w.org\/{rel}","templated":true}]}}