{"id":127,"date":"2010-02-25T13:22:00","date_gmt":"2010-02-25T13:22:00","guid":{"rendered":"http:\/\/blogs.diariosur.es\/tuenti-facebook\/?p=127"},"modified":"2010-02-25T13:22:00","modified_gmt":"2010-02-25T13:22:00","slug":"esto-solo-arreglamos-entre-todos","status":"publish","type":"post","link":"https:\/\/blogs.diariosur.es\/soyfriki\/2010\/02\/25\/esto-solo-arreglamos-entre-todos\/","title":{"rendered":"Esto solo lo arreglamos entre todos, estosololoarreglamosentretodos.org"},"content":{"rendered":"<p><IMG src=\"\/soyfriki\/wp-content\/uploads\/sites\/14\" id=\"img_0\" class=\"imgdcha\" height=\"244\" width=\"373\">Hace unos meses Jaime,profesional del marketing, crey\u00f3 que hab\u00eda que hacer algo para darle la vuelta a la situaci\u00f3n de des\u00e1nimo que hab\u00eda provocado crisis. Y se puso en marcha.<\/p>\n<p>Lo primero, redact\u00f3 un plan de marketing. Lo comparti\u00f3 y perfeccion\u00f3 con Susana, su mujer. Lo presentaron a las C\u00e1maras de Comercio y como tambi\u00e9n estaban pensando lo mismo, se entusiasmaron con el proyecto y decidieron cont\u00e1rselo a algunas de las empresas m\u00e1s importantes del pa\u00eds -las del IBEX 35- para buscar su apoyo. Esas compa\u00f1\u00edas no lo dudaron, y decidieron apoyar la iniciativa. Como resultado de este apoyo, se cre\u00f3 la Fundaci\u00f3n Confianza: y aqu\u00ed est\u00e1 <A href=\"http:\/\/estosololoarreglamosentretodos.org\/\" title=\"http:\/\/estosololoarreglamosentretodos.org\" id=\"link_0\">estosololoarreglamosentretodos.org<\/a>.<\/p>\n<p> El proyecto se ha presentado este jueves en Madrid y nace con  la intenci\u00f3n de levantar la moral de una ciudadan\u00eda golpeada por la  crisis econ\u00f3mica. Gira en torno a esta web y cuenta con un presupuesto de  &#8220;cuatro millones de euros&#8221; para la difusi\u00f3n publicitaria<A href=\"http:\/\/www.anuncios.com\/campana-creatividad\/mas-anuncios\/1046234008001\/terapia-salir-crisis.1.html\"><\/a>.<\/p>\n<p>Esta web est\u00e1 llena de historias que demuestran que, si queremos,  podemos arreglar esto.  Desde ella piden a los particulares difundir todo el contenido. Dicen que as\u00ed, &#8220;antes arreglaremos esto&#8221;. Ya est\u00e1n en la web las historias de <strong>Pau Gasol, Ferran Adri\u00e1, Juan Jos\u00e9 Mill\u00e1s, Angels Barcel\u00f3, Andr\u00e9s  Buenafuente, Carlos Sainz y Michael Robinson, entre otros<\/strong>.<\/p>\n<p>Cuenta o sube a la web la historia de personas inspiradoras o la tuya propia. Comenta los v\u00eddeos y noticias en tus redes sociales favoritas.<\/p>\n<p>Sobre todo, prop\u00f3n ideas para arreglar esto. Graba un mensaje desde tu webcam.<\/p>\n<p>S\u00famate al manifiesto y reenv\u00edalo a otros.<\/p>\n<p>Un viral m\u00e1s, en todo regla. \u00a1Pero un viral genial! &#8220;Vamos a empezar a arreglar esto, y lo vamos a arreglar nosotros, que no le quepa a nadie la menor duda&#8221;, acaba el manifiesto.<\/p>\n<p>Los creadores de esta campa\u00f1a son SCPF, Arena Media, Altimira, The  Cocktail, Mejorando lo Presente (El Terrat), Synovate, BBDO  Consulting, as\u00ed como el equipo de <strong>Javier Ayuso,<\/strong> exdirector de comunicaci\u00f3n de BBVA. La iniciativa  parti\u00f3 de <strong>Jaime de Andr\u00e9s,<\/strong> director de publicidad corporativa de  Telef\u00f3nica<\/p>\n<p><object style=\"border: 0pt none; background: none repeat scroll 0% 0% transparent; margin: 0pt;\" height=\"444\" width=\"550\"><param  name=\"movie\" value=\"http:\/\/www.youtube.com\/v\/8xIxSrYNLsQ&#038;rel=0&#038;color1=0xb1b1b1&#038;color2=0xcfcfcf&#038;hl=es_ES&#038;feature=player_embedded&#038;fs=1\"><\/param><param  name=\"allowFullScreen\" value=\"true\"><\/param><param  name=\"allowScriptAccess\" value=\"always\"><\/param><embed  src=\"\/\/www.youtube.com\/v\/8xIxSrYNLsQ&#038;rel=0&#038;color1=0xb1b1b1&#038;color2=0xcfcfcf&#038;hl=es_ES&#038;feature=player_embedded&#038;fs=1\" type=\"application\/x-shockwave-flash\" allowfullscreen=\"true\" allowscriptaccess=\"always\" height=\"444\" width=\"550\"><\/embed><\/object><\/p>\n","protected":false},"excerpt":{"rendered":"<p>Hace unos meses Jaime,profesional del marketing, crey\u00f3 que hab\u00eda que hacer algo para darle la vuelta a la situaci\u00f3n de des\u00e1nimo que hab\u00eda provocado crisis. Y se puso en marcha. Lo primero, redact\u00f3 un plan de marketing. Lo comparti\u00f3 y perfeccion\u00f3 con Susana, su mujer. Lo presentaron a las C\u00e1maras de Comercio y como tambi\u00e9n [&hellip;]<\/p>\n","protected":false},"author":7,"featured_media":0,"comment_status":"open","ping_status":"closed","sticky":false,"template":"","format":"standard","meta":[],"categories":[9],"tags":[504],"_links":{"self":[{"href":"https:\/\/blogs.diariosur.es\/soyfriki\/wp-json\/wp\/v2\/posts\/127"}],"collection":[{"href":"https:\/\/blogs.diariosur.es\/soyfriki\/wp-json\/wp\/v2\/posts"}],"about":[{"href":"https:\/\/blogs.diariosur.es\/soyfriki\/wp-json\/wp\/v2\/types\/post"}],"author":[{"embeddable":true,"href":"https:\/\/blogs.diariosur.es\/soyfriki\/wp-json\/wp\/v2\/users\/7"}],"replies":[{"embeddable":true,"href":"https:\/\/blogs.diariosur.es\/soyfriki\/wp-json\/wp\/v2\/comments?post=127"}],"version-history":[{"count":0,"href":"https:\/\/blogs.diariosur.es\/soyfriki\/wp-json\/wp\/v2\/posts\/127\/revisions"}],"wp:attachment":[{"href":"https:\/\/blogs.diariosur.es\/soyfriki\/wp-json\/wp\/v2\/media?parent=127"}],"wp:term":[{"taxonomy":"category","embeddable":true,"href":"https:\/\/blogs.diariosur.es\/soyfriki\/wp-json\/wp\/v2\/categories?post=127"},{"taxonomy":"post_tag","embeddable":true,"href":"https:\/\/blogs.diariosur.es\/soyfriki\/wp-json\/wp\/v2\/tags?post=127"}],"curies":[{"name":"wp","href":"https:\/\/api.w.org\/{rel}","templated":true}]}}