{"id":128,"date":"2010-02-26T19:06:00","date_gmt":"2010-02-26T19:06:00","guid":{"rendered":"http:\/\/blogs.diariosur.es\/tuenti-facebook\/?p=128"},"modified":"2010-02-26T19:06:00","modified_gmt":"2010-02-26T19:06:00","slug":"contra-del-canon-digital-8-cada-10-internautas","status":"publish","type":"post","link":"https:\/\/blogs.diariosur.es\/soyfriki\/2010\/02\/26\/contra-del-canon-digital-8-cada-10-internautas\/","title":{"rendered":"Contra del canon digital 8 de cada 10 internautas (todoscontraelcanon.es)"},"content":{"rendered":"<p><IMG src=\"\/\/objetivomalaga.diariosur.es\/fotos-MCarmenBurgos\/tecnologia-disco-duro-450583.html\" id=\"img_0\"><IMG src=\"\/\/objetivomalaga.diariosur.es\/fotos-MCarmenBurgos\/tecnologia-disco-duro-450583.html\" id=\"img_1\">Publican los teletipos que el 78% de los internautas est\u00e1 en contra del canon digital y s\u00f3lo un diez por ciento apoya la protecci\u00f3n de los derechos de autor, seg\u00fan la XII Encuesta a Usuarios de Internet que elabora la Asociaci\u00f3n para la Investigaci\u00f3n de Medios de Comunicaci\u00f3n (AIMC).<\/p>\n<p>Adem\u00e1s, seg\u00fan este estudio presentado hoy, el 81% de los internautas aboga por tener acceso gratuito y sin cortes publicitarios a los contenidos protegidos por derechos de propiedad intelectual.<\/p>\n<p>El informe, basado en 36.000 encuestas a usuarios de internet, destaca el descenso relevante que se est\u00e1 produciendo en el intercambio de archivos P2P, que ha ca\u00eddo 15 puntos en dos a\u00f1os, aunque un 70% de los internautas se sigue mostrando favorable a este sistema.<\/p>\n<p>As\u00ed, en el 2006 casi la mitad de los internautas espa\u00f1oles afirmaba emplear el sistema P2P, mientras que en el 2008 el porcentaje era del 36,2% y el a\u00f1o pasado, del 26,6%, un dato que se explica en que los internautas optan cada vez m\u00e1s por ver los contenidos audiovisuales en l\u00ednea -lo que se conoce como streaming- en lugar de descarg\u00e1rselos.<\/p>\n<p>La plataforma <A href=\"http:\/\/todoscontraelcanon.es\/\" title=\"http:\/\/todoscontraelcanon.es\" id=\"link_0\">todoscontraelcanon.es<\/a>  ya present\u00f3 ante el Congreso de los Diputados tres millones de firmas para pedir la eliminaci\u00f3n del canon digital. Tambi\u00e9n hay en marcha una campa\u00f1a que invita a los afectados por este gravamen a poner esquelas en sus establecimientos.<\/p>\n<p><strong>EFE<\/strong><\/p>\n","protected":false},"excerpt":{"rendered":"<p>Publican los teletipos que el 78% de los internautas est\u00e1 en contra del canon digital y s\u00f3lo un diez por ciento apoya la protecci\u00f3n de los derechos de autor, seg\u00fan la XII Encuesta a Usuarios de Internet que elabora la Asociaci\u00f3n para la Investigaci\u00f3n de Medios de Comunicaci\u00f3n (AIMC). Adem\u00e1s, seg\u00fan este estudio presentado hoy, [&hellip;]<\/p>\n","protected":false},"author":7,"featured_media":0,"comment_status":"open","ping_status":"closed","sticky":false,"template":"","format":"standard","meta":[],"categories":[9],"tags":[80,151],"_links":{"self":[{"href":"https:\/\/blogs.diariosur.es\/soyfriki\/wp-json\/wp\/v2\/posts\/128"}],"collection":[{"href":"https:\/\/blogs.diariosur.es\/soyfriki\/wp-json\/wp\/v2\/posts"}],"about":[{"href":"https:\/\/blogs.diariosur.es\/soyfriki\/wp-json\/wp\/v2\/types\/post"}],"author":[{"embeddable":true,"href":"https:\/\/blogs.diariosur.es\/soyfriki\/wp-json\/wp\/v2\/users\/7"}],"replies":[{"embeddable":true,"href":"https:\/\/blogs.diariosur.es\/soyfriki\/wp-json\/wp\/v2\/comments?post=128"}],"version-history":[{"count":0,"href":"https:\/\/blogs.diariosur.es\/soyfriki\/wp-json\/wp\/v2\/posts\/128\/revisions"}],"wp:attachment":[{"href":"https:\/\/blogs.diariosur.es\/soyfriki\/wp-json\/wp\/v2\/media?parent=128"}],"wp:term":[{"taxonomy":"category","embeddable":true,"href":"https:\/\/blogs.diariosur.es\/soyfriki\/wp-json\/wp\/v2\/categories?post=128"},{"taxonomy":"post_tag","embeddable":true,"href":"https:\/\/blogs.diariosur.es\/soyfriki\/wp-json\/wp\/v2\/tags?post=128"}],"curies":[{"name":"wp","href":"https:\/\/api.w.org\/{rel}","templated":true}]}}