{"id":129,"date":"2010-02-26T21:02:00","date_gmt":"2010-02-26T21:02:00","guid":{"rendered":"http:\/\/blogs.diariosur.es\/tuenti-facebook\/?p=129"},"modified":"2010-02-26T21:02:00","modified_gmt":"2010-02-26T21:02:00","slug":"los-premios-combocarte-la-universidad-malaga-ya-tienen","status":"publish","type":"post","link":"https:\/\/blogs.diariosur.es\/soyfriki\/2010\/02\/26\/los-premios-combocarte-la-universidad-malaga-ya-tienen\/","title":{"rendered":"Los Premios Combocarte de la Universidad de M\u00e1laga ya tienen ganadores"},"content":{"rendered":"<p><IMG src=\"\/tuenti-facebook\/files\/resquiciogra.jpg\" id=\"img_0\" class=\"imgdcha\" height=\"212\" width=\"316\">La vicerrectora de Cultura, Mar\u00eda Isabel Calero, ha presidido esta tarde el acto de entrega de premios de la III Edici\u00f3n de los premios Combocarte que convoca la Universidad de M\u00e1laga entre los miembros de la comunidad universitaria andaluza en 6 disciplinas art\u00edsticas de creaci\u00f3n on-line: video, fotograf\u00eda, animaci\u00f3n, blog, m\u00fasica y texto. El jurado, adem\u00e1s de conceder los tres premios previstos para categor\u00eda y dotados con 600, 400 y 200 euros, respectivamente, acord\u00f3 conceder cuatro acc\u00e9sits en la categor\u00eda de Fotograf\u00eda y 2 en la de M\u00fasica por la calidad de trabajos presentados.<\/p>\n<p><strong>En la modalidad de V\u00eddeo las obras premiadas han sido:<\/strong><br \/>\n1\u00ba Construcci\u00f3n,  de Tom\u00e1s Gallardo Fr\u00edas.<br \/>\n2\u00ba Dreaming Baj-Opresi\u00f3n,  de Andre\u00edna M\u00e1rquez.<br \/>\n3\u00ba Sujeci\u00f3n,  de Pablo Caro Revidiego.<br \/>\nEn la modalidad de Fotograf\u00eda las obras premiadas han sido:<br \/>\n1\u00ba Resquicio, de Miguel Rodr\u00edguez Rojo.<br \/>\n2\u00ba Nunca es tarde para ser lo que deber\u00edas haber sido, de Paloma Graglia D\u00edaz.<br \/>\n3\u00ba Foto de juventud de la t\u00eda Urbana,  de Francisco Anaya Garnica.<br \/>\nEn esta modalidad, el jurado acord\u00f3 otorgar cuatro acc\u00e9sit sin dotaci\u00f3n econ\u00f3mica, para reconocer la calidad de las siguientes obras: Sosiego, de Mar\u00eda Isabel Garc\u00eda Ruiz; Perfecci\u00f3n, de Raquel Ponce Ruiz; Sin titulo3, de Keko Mart\u00ednez y Girasoles de metal, de Santiago L\u00f3pez S\u00e1nchez.<\/p>\n<p><strong>En la modalidad de Animaci\u00f3n las obras premiadas han sido:<\/strong><br \/>\n1\u00ba Moscas, de Andre\u00edna M\u00e1rquez.<br \/>\n2\u00ba A diario, de Carlos Delgado.<br \/>\n3\u00ba Shake it, de Juan Mart\u00edn Garc\u00eda Burgue\u00f1o.<\/p>\n<p><strong> En la modalidad de Blog las obras premiadas han sido:<\/strong><br \/>\n1\u00ba Sketch Boy mi vida ense\u00f1ada, de  Pablo Caro Revidiego.<br \/>\n2\u00ba Esperar Algo, de Cristina \u00c1lvarez.<br \/>\n3\u00ba Mis acciones virtuales, de Andre\u00edna M\u00e1rquez.<\/p>\n<p><strong>En la modalidad de M\u00fasica las obras premiadas han sido:<\/strong><br \/>\n1\u00ba \u00c1 L\u00b4aube: Le concert des Oiseaux,  de Gabriel P\u00e9rez Pellisero.<br \/>\n2\u00ba Un \u00e1rbol en la inmensidad, de Manuel Alejandro Carmona Pel\u00e1ez.<br \/>\n3\u00ba Alone, de Juan Mart\u00edn Garc\u00eda Burgue\u00f1o.<br \/>\nEn est\u00e1 modalidad tambi\u00e9n se reconoci\u00f3 con acc\u00e9sit los trabajos Fausto,  de Jose Manuel Gil Panal  y Anoche, de Rocio Texeira Jim\u00e9nez  <\/p>\n<p><strong>Finalmente, en la modalidad de Textos las obras premiadas han sido:<\/strong><br \/>\n1\u00ba La carta, de Antonio Jos\u00e9 Quesada Sanchez.<br \/>\n2\u00ba Lo siento, de M\u00aa Rosa Guti\u00e9rrez Montes.<br \/>\n3\u00ba El bus, de Santiago L\u00f3pez S\u00e1nchez. <\/p>\n","protected":false},"excerpt":{"rendered":"<p>La vicerrectora de Cultura, Mar\u00eda Isabel Calero, ha presidido esta tarde el acto de entrega de premios de la III Edici\u00f3n de los premios Combocarte que convoca la Universidad de M\u00e1laga entre los miembros de la comunidad universitaria andaluza en 6 disciplinas art\u00edsticas de creaci\u00f3n on-line: video, fotograf\u00eda, animaci\u00f3n, blog, m\u00fasica y texto. El jurado, [&hellip;]<\/p>\n","protected":false},"author":7,"featured_media":0,"comment_status":"open","ping_status":"closed","sticky":false,"template":"","format":"standard","meta":[],"categories":[9],"tags":[100,367,488],"_links":{"self":[{"href":"https:\/\/blogs.diariosur.es\/soyfriki\/wp-json\/wp\/v2\/posts\/129"}],"collection":[{"href":"https:\/\/blogs.diariosur.es\/soyfriki\/wp-json\/wp\/v2\/posts"}],"about":[{"href":"https:\/\/blogs.diariosur.es\/soyfriki\/wp-json\/wp\/v2\/types\/post"}],"author":[{"embeddable":true,"href":"https:\/\/blogs.diariosur.es\/soyfriki\/wp-json\/wp\/v2\/users\/7"}],"replies":[{"embeddable":true,"href":"https:\/\/blogs.diariosur.es\/soyfriki\/wp-json\/wp\/v2\/comments?post=129"}],"version-history":[{"count":0,"href":"https:\/\/blogs.diariosur.es\/soyfriki\/wp-json\/wp\/v2\/posts\/129\/revisions"}],"wp:attachment":[{"href":"https:\/\/blogs.diariosur.es\/soyfriki\/wp-json\/wp\/v2\/media?parent=129"}],"wp:term":[{"taxonomy":"category","embeddable":true,"href":"https:\/\/blogs.diariosur.es\/soyfriki\/wp-json\/wp\/v2\/categories?post=129"},{"taxonomy":"post_tag","embeddable":true,"href":"https:\/\/blogs.diariosur.es\/soyfriki\/wp-json\/wp\/v2\/tags?post=129"}],"curies":[{"name":"wp","href":"https:\/\/api.w.org\/{rel}","templated":true}]}}