{"id":1319,"date":"2017-04-08T18:00:02","date_gmt":"2017-04-08T16:00:02","guid":{"rendered":"http:\/\/blogs.diariosur.es\/soyfriki\/?p=1319"},"modified":"2017-04-08T18:00:02","modified_gmt":"2017-04-08T16:00:02","slug":"ayuda-para-encontrar-a-rocky","status":"publish","type":"post","link":"https:\/\/blogs.diariosur.es\/soyfriki\/2017\/04\/08\/ayuda-para-encontrar-a-rocky\/","title":{"rendered":"\u00a1Ayuda para encontrar a Rocky!"},"content":{"rendered":"<p><strong>\u00abNo lo doy por perdido, estoy seguro de que est\u00e1 vivo\u00bb.<\/strong> Por eso,<strong> Sergio Ag\u00fcera sigue buscando a su perro Rocky desde el 31 de marzo<\/strong>. Este mismo viernes decid\u00eda poner un anuncio en SUR, por eso conoc\u00ed su historia. Yo estaba llegando al trabajo el viernes por la ma\u00f1ana cuando recib\u00ed un mensaje de mi compi Pilar, de publicidad:<strong> \u00abOye, ha entrado un anuncio de una familia que busca a su perrito, y da mucha pena&#8230; \u00bfPodemos hacer algo m\u00e1s?\u00bb.<\/strong><\/p>\n<p><a href=\"\/soyfriki\/wp-content\/uploads\/sites\/14\/2017\/04\/rockyperroperdidotorremolinos.jpg\"><img loading=\"lazy\" class=\"alignleft size-full wp-image-1322\" title=\"rockyperroperdidotorremolinos\" src=\"\/soyfriki\/wp-content\/uploads\/sites\/14\/2017\/04\/rockyperroperdidotorremolinos.jpg\" alt=\"\" width=\"1181\" height=\"738\" srcset=\"https:\/\/static-blogs.diariosur.es\/wp-content\/uploads\/sites\/14\/2017\/04\/rockyperroperdidotorremolinos.jpg 1181w, https:\/\/static-blogs.diariosur.es\/wp-content\/uploads\/sites\/14\/2017\/04\/rockyperroperdidotorremolinos-300x187.jpg 300w, https:\/\/static-blogs.diariosur.es\/wp-content\/uploads\/sites\/14\/2017\/04\/rockyperroperdidotorremolinos-768x480.jpg 768w, https:\/\/static-blogs.diariosur.es\/wp-content\/uploads\/sites\/14\/2017\/04\/rockyperroperdidotorremolinos-1024x640.jpg 1024w\" sizes=\"(max-width: 1181px) 100vw, 1181px\" \/><\/a><\/p>\n<p><strong>\u00a1Pues claro que siempre se puede hacer algo m\u00e1s!<\/strong> Sergio no es una empresa, ni un restaurante, s\u00f3lo un se\u00f1or que busca a su mejor amigo; bueno, al mejor amigo de su hijo \u00d3scar.<strong> Rocky se escap\u00f3 justo el d\u00eda que el chico cumpl\u00eda 18 a\u00f1os: \u00abSali\u00f3 corriendo detr\u00e1s de un gato\u00bb.<\/strong> \u00d3scar no se concentra en los estudios, no duerme; su padre tampoco. Por eso les dedico estas l\u00edneas. No porque hayan puesto un anuncio (<strong>hoy lo encuentras en la p\u00e1gina 17 de SUR<\/strong>), sino porque todos los que tenemos un perro entendemos por lo que tienen que estar pasando.<\/p>\n<p><strong>Rocky se perdi\u00f3 en la urbanizaci\u00f3n Pino Real, en la calle Loma de los Riscos de Torremolinos, zona Montemar.\u00a0Un mestizo, cruce de fox terrier, de solo tres a\u00f1itos.<\/strong> &#8220;Es muy amigable y le encantan los coches, seguro que se ha podido subir con cualquiera&#8221;. Es la esperanza de \u00d3scar y Sergio. Porque adem\u00e1s Rocky tiene chip, no ser\u00eda dif\u00edcil identificarlo por cualquier veterinario.<\/p>\n<p>Lo han buscado en batidas por Torremolinos. Yo no dejo de pensar en la frase de Sergio:\u00a0\u00abNo lo doy por perdido, estoy seguro de que est\u00e1 vivo\u00bb. Yo me lo repetir\u00eda una y otra vez si me pasar. Para m\u00ed es m\u00e1s que un anuncio, es una petici\u00f3n de ayuda. <strong>\u00abYa no es un perro, es un hijo, un hermano m\u00e1s\u00bb<\/strong>, me dice con cierta desesperaci\u00f3n. <strong>Hay 300 euros de recompensa para quien encuentre a Rocky. Si lo ves, llama al\u00a0<\/strong><strong>691 23 25 97\u200b\u2060\u200b<\/strong><strong>.<\/strong> Lo dicen en esa p\u00e1gina 17 de SUR, desde la que Rocky me ha mirado con esos ojitos negros y me ha partido el coraz\u00f3n.<\/p>\n<p><strong>\u00bfPodemos hacer algo m\u00e1s? Pues s\u00ed: \u00a1Dif\u00fandelo!<\/strong><\/p>\n","protected":false},"excerpt":{"rendered":"<p>\u00abNo lo doy por perdido, estoy seguro de que est\u00e1 vivo\u00bb. Por eso, Sergio Ag\u00fcera sigue buscando a su perro Rocky desde el 31 de marzo. Este mismo viernes decid\u00eda poner un anuncio en SUR, por eso conoc\u00ed su historia. Yo estaba llegando al trabajo el viernes por la ma\u00f1ana cuando recib\u00ed un mensaje de [&hellip;]<\/p>\n","protected":false},"author":7,"featured_media":0,"comment_status":"open","ping_status":"open","sticky":false,"template":"","format":"standard","meta":[],"categories":[9],"tags":[],"_links":{"self":[{"href":"https:\/\/blogs.diariosur.es\/soyfriki\/wp-json\/wp\/v2\/posts\/1319"}],"collection":[{"href":"https:\/\/blogs.diariosur.es\/soyfriki\/wp-json\/wp\/v2\/posts"}],"about":[{"href":"https:\/\/blogs.diariosur.es\/soyfriki\/wp-json\/wp\/v2\/types\/post"}],"author":[{"embeddable":true,"href":"https:\/\/blogs.diariosur.es\/soyfriki\/wp-json\/wp\/v2\/users\/7"}],"replies":[{"embeddable":true,"href":"https:\/\/blogs.diariosur.es\/soyfriki\/wp-json\/wp\/v2\/comments?post=1319"}],"version-history":[{"count":0,"href":"https:\/\/blogs.diariosur.es\/soyfriki\/wp-json\/wp\/v2\/posts\/1319\/revisions"}],"wp:attachment":[{"href":"https:\/\/blogs.diariosur.es\/soyfriki\/wp-json\/wp\/v2\/media?parent=1319"}],"wp:term":[{"taxonomy":"category","embeddable":true,"href":"https:\/\/blogs.diariosur.es\/soyfriki\/wp-json\/wp\/v2\/categories?post=1319"},{"taxonomy":"post_tag","embeddable":true,"href":"https:\/\/blogs.diariosur.es\/soyfriki\/wp-json\/wp\/v2\/tags?post=1319"}],"curies":[{"name":"wp","href":"https:\/\/api.w.org\/{rel}","templated":true}]}}