{"id":132,"date":"2010-03-05T22:39:00","date_gmt":"2010-03-05T22:39:00","guid":{"rendered":"http:\/\/blogs.diariosur.es\/tuenti-facebook\/?p=132"},"modified":"2010-03-05T22:39:00","modified_gmt":"2010-03-05T22:39:00","slug":"esto-solo-arreglamos-sin-ellos-estosoloarreglamossinellos","status":"publish","type":"post","link":"https:\/\/blogs.diariosur.es\/soyfriki\/2010\/03\/05\/esto-solo-arreglamos-sin-ellos-estosoloarreglamossinellos\/","title":{"rendered":"Esto s\u00f3lo lo arreglamos sin ellos -estosoloarreglamossinellos.org-. Ten\u00eda que llegar"},"content":{"rendered":"<p><IMG src=\"\/tuenti-facebook\/files\/199089_estosololoarreglamossinellos.jpg\" id=\"img_0\" class=\"imgdcha\" width=\"187\" height=\"271\">Ten\u00eda que llegar la respuesta. Si <A href=\"..\/tuenti-facebook\/2010\/2\/25\/esto-solo-arreglamos-entre-todos-\" title=\"http:\/\/blogs.diariosur.es\/tuenti-facebook\/2010\/2\/25\/esto-solo-arreglamos-entre-todos-\" id=\"link_0\">&#8216;Esto solo lo arreglamos entre todos&#8217; (estosololoarreglamosentretodos.org)<\/a>  se convirti\u00f3 en un boom, llega  <A href=\"http:\/\/estosololoarreglamossinellos.org\/\" title=\"http:\/\/estosololoarreglamossinellos.org\/\" id=\"link_1\">estosololoarreglamossinellos.org<\/a>. Una respuesta antisistema y que ya lleva m\u00e1s de 10.000 fans en facebook (y creciendo).<\/p>\n<p>Ante todo, los creadores de &#8216;Esto s\u00f3lo lo arreglamos sin ellos&#8217; aclaran que no son una gran empresa. Ni Telef\u00f3nica, ni las C\u00e1maras de Comercio, ni Iberia, ni El Corte Ingl\u00e9s, BBVA, Banco Santander, La Caixa, Caja Madrid, Repsol, Cepsa, Endesa, Iberdrola, Red El\u00e9ctrica, Mapfre, Renfe, Abertis, Mercadona, Indra, ni la patronal de la construcci\u00f3n, Seopan.&#8221;Creemos que si hay que buscar culpables a toda esta situaci\u00f3n, es entre esos nombres&#8221; afirman rotundamente en su declaraci\u00f3n de intenciones. <\/p>\n<p>Quieren inspirar. Pero no para que consumas m\u00e1s. &#8220;Tampoco para que adores a los emprendedores e idealices a la libre empresa&#8221;. Quieren el cambio. &#8220;Amanecer un sistema m\u00e1s justo que el totalitarismo capitalista&#8221;. <\/p>\n<p>Y s\u00ed, es verdad que el alto empresariado ha iniciado una campa\u00f1a como un recurso m\u00e1s con el que posiblemente seguir jugando con el trabajador de a pie, con el parado. <\/p>\n<p>Por eso, ahora se plantea esta disyuntiva&#8230; Seguir &#8220;todos juntos&#8221;, pero &#8220;sin ellos&#8221;.<\/p>\n","protected":false},"excerpt":{"rendered":"<p>Ten\u00eda que llegar la respuesta. Si &#8216;Esto solo lo arreglamos entre todos&#8217; (estosololoarreglamosentretodos.org) se convirti\u00f3 en un boom, llega estosololoarreglamossinellos.org. Una respuesta antisistema y que ya lleva m\u00e1s de 10.000 fans en facebook (y creciendo). Ante todo, los creadores de &#8216;Esto s\u00f3lo lo arreglamos sin ellos&#8217; aclaran que no son una gran empresa. Ni Telef\u00f3nica, [&hellip;]<\/p>\n","protected":false},"author":7,"featured_media":0,"comment_status":"open","ping_status":"closed","sticky":false,"template":"","format":"standard","meta":[],"categories":[9],"tags":[165],"_links":{"self":[{"href":"https:\/\/blogs.diariosur.es\/soyfriki\/wp-json\/wp\/v2\/posts\/132"}],"collection":[{"href":"https:\/\/blogs.diariosur.es\/soyfriki\/wp-json\/wp\/v2\/posts"}],"about":[{"href":"https:\/\/blogs.diariosur.es\/soyfriki\/wp-json\/wp\/v2\/types\/post"}],"author":[{"embeddable":true,"href":"https:\/\/blogs.diariosur.es\/soyfriki\/wp-json\/wp\/v2\/users\/7"}],"replies":[{"embeddable":true,"href":"https:\/\/blogs.diariosur.es\/soyfriki\/wp-json\/wp\/v2\/comments?post=132"}],"version-history":[{"count":0,"href":"https:\/\/blogs.diariosur.es\/soyfriki\/wp-json\/wp\/v2\/posts\/132\/revisions"}],"wp:attachment":[{"href":"https:\/\/blogs.diariosur.es\/soyfriki\/wp-json\/wp\/v2\/media?parent=132"}],"wp:term":[{"taxonomy":"category","embeddable":true,"href":"https:\/\/blogs.diariosur.es\/soyfriki\/wp-json\/wp\/v2\/categories?post=132"},{"taxonomy":"post_tag","embeddable":true,"href":"https:\/\/blogs.diariosur.es\/soyfriki\/wp-json\/wp\/v2\/tags?post=132"}],"curies":[{"name":"wp","href":"https:\/\/api.w.org\/{rel}","templated":true}]}}