{"id":134,"date":"2010-03-08T18:02:00","date_gmt":"2010-03-08T18:02:00","guid":{"rendered":"http:\/\/blogs.diariosur.es\/tuenti-facebook\/?p=134"},"modified":"2010-03-08T18:02:00","modified_gmt":"2010-03-08T18:02:00","slug":"esto-solo-arreglamos-entre-todos-menos-este-senor-esta","status":"publish","type":"post","link":"https:\/\/blogs.diariosur.es\/soyfriki\/2010\/03\/08\/esto-solo-arreglamos-entre-todos-menos-este-senor-esta\/","title":{"rendered":"Esto s\u00f3lo lo arreglamos entre todos, menos este se\u00f1or que est\u00e1 como para arreglar algo&#8230; .org"},"content":{"rendered":"<p><strong>Id\u00edgoras y Pachi<\/strong>, hilando fino&#8230;<\/p>\n<p><IMG src=\"\/tuenti-facebook\/files\/pachi-idigoras.gif\" id=\"img_0\" class=\"imgcen\">esto es realidad y no <A href=\"..\/tuenti-facebook\/2010\/2\/25\/esto-solo-arreglamos-entre-todos-\" title=\"http:\/\/blogs.diariosur.es\/tuenti-facebook\/2010\/2\/25\/esto-solo-arreglamos-entre-todos-\" id=\"link_0\">estosololoarreglamosentretodos.org<\/a>  <\/p>\n","protected":false},"excerpt":{"rendered":"<p>Id\u00edgoras y Pachi, hilando fino&#8230; esto es realidad y no estosololoarreglamosentretodos.org<\/p>\n","protected":false},"author":7,"featured_media":0,"comment_status":"open","ping_status":"closed","sticky":false,"template":"","format":"standard","meta":[],"categories":[9],"tags":[503],"_links":{"self":[{"href":"https:\/\/blogs.diariosur.es\/soyfriki\/wp-json\/wp\/v2\/posts\/134"}],"collection":[{"href":"https:\/\/blogs.diariosur.es\/soyfriki\/wp-json\/wp\/v2\/posts"}],"about":[{"href":"https:\/\/blogs.diariosur.es\/soyfriki\/wp-json\/wp\/v2\/types\/post"}],"author":[{"embeddable":true,"href":"https:\/\/blogs.diariosur.es\/soyfriki\/wp-json\/wp\/v2\/users\/7"}],"replies":[{"embeddable":true,"href":"https:\/\/blogs.diariosur.es\/soyfriki\/wp-json\/wp\/v2\/comments?post=134"}],"version-history":[{"count":0,"href":"https:\/\/blogs.diariosur.es\/soyfriki\/wp-json\/wp\/v2\/posts\/134\/revisions"}],"wp:attachment":[{"href":"https:\/\/blogs.diariosur.es\/soyfriki\/wp-json\/wp\/v2\/media?parent=134"}],"wp:term":[{"taxonomy":"category","embeddable":true,"href":"https:\/\/blogs.diariosur.es\/soyfriki\/wp-json\/wp\/v2\/categories?post=134"},{"taxonomy":"post_tag","embeddable":true,"href":"https:\/\/blogs.diariosur.es\/soyfriki\/wp-json\/wp\/v2\/tags?post=134"}],"curies":[{"name":"wp","href":"https:\/\/api.w.org\/{rel}","templated":true}]}}