{"id":136,"date":"2010-03-15T18:52:00","date_gmt":"2010-03-15T18:52:00","guid":{"rendered":"http:\/\/blogs.diariosur.es\/tuenti-facebook\/?p=136"},"modified":"2010-03-15T18:52:00","modified_gmt":"2010-03-15T18:52:00","slug":"el-ipad-ganador-los-fiasco-awards-2010","status":"publish","type":"post","link":"https:\/\/blogs.diariosur.es\/soyfriki\/2010\/03\/15\/el-ipad-ganador-los-fiasco-awards-2010\/","title":{"rendered":"El iPad, ganador de los Fiasco Awards 2010"},"content":{"rendered":"<p><IMG class=\"imgcen\" src=\"\/tuenti-facebook\/files\/ipad-jobs.php\" id=\"img_0\" height=\"376\" width=\"563\"><\/p>\n<p>Casi dos meses despu\u00e9s de conocer los galardonados a los Fiasco Awards, la organizaci\u00f3n ya ha dado a conocer al vencedor de esta edici\u00f3n: el iPad, la apuesta tecnol\u00f3gica de la compa\u00f1\u00eda de Steve Jobs para 2010, ha recibido m\u00e1s de la mitad de los votos de los participantes. Estos premios est\u00e1n organizados por un grupo de personas relacionado con  el sector de las nuevas tecnolog\u00edas cuyo objetivo es el de reconocer la  trayectoria de &#8220;los mejores proyectos&#8221; del sector que no hayan  resultado &#8220;exitosos&#8221;.<\/p>\n<p> En esta edici\u00f3n, 7.000 personas votaron a trav\u00e9s de la web <A href=\"http:\/\/www.fiascoawards.com\/\" title=\"http:\/\/www.fiascoawards.com\" id=\"link_0\">www.fiascoawards.com<\/a> y de ellas, un total de 4.325 consideraron que el  galard\u00f3n deb\u00eda ir a parar al producto de Apple. En su candidatura, la  organizaci\u00f3n destacaba que el iPad cuenta con &#8220;significativas carencias&#8221;  como la incompatibilidad con contenidos Flash y con otras aplicaciones,  o la falta de puerto USB y otras interfaces.<\/p>\n<p>Tal y como reconocen los organizadores, el premio de este a\u00f1o ha ido a  parar a un producto que no est\u00e1 todav\u00eda en el mercado, pero entiende  que en las bases del concurso &#8220;no consta ninguna condici\u00f3n&#8221; que impida  esta candidatura.<\/p>\n<p> &#8220;De todos modos, si dentro de un a\u00f1o la respuesta del mercado no hace  del iPad el pronosticado fiasco, la organizaci\u00f3n se compromete a  presentar a la edici\u00f3n 2010 de los Fiasco Awards como finalista a  recibir el mismo galard\u00f3n el pr\u00f3ximo a\u00f1o&#8221;, ironiza la organizaci\u00f3n.<\/p>\n<p> Las candidaturas finalistas de este a\u00f1o, adem\u00e1s del ganador, fueron la  plataforma de <A href=\"http:\/\/www.xing.com\/\" title=\"http:\/\/www.XING.com\" id=\"link_1\">networking Xing<\/a> , la aplicaci\u00f3n multitarea <A href=\"http:\/\/wave.google.com\/\" title=\"http:\/\/wave.google.com\" id=\"link_2\">Google Wave<\/a> , la  videollamada, el est\u00e1ndar para el DVD de alta definici\u00f3n <A href=\"http:\/\/es.wikipedia.org\/wiki\/HD_DVD\" title=\"http:\/\/es.wikipedia.org\/wiki\/HD_DVD\" id=\"link_3\">HD-DVD<\/a> , los  sistemas anticopia Digital Rights Management (DRM), la <A href=\"http:\/\/www.ocu.org\/tv\/descodificadores-y-tdt-interactiva-s339394\/archivo-detalle-articulo-p19531.htm\" title=\"http:\/\/www.ocu.org\/tv\/descodificadores-y-tdt-interactiva-s339394\/archivo-detalle-articulo-p19531.htm\" id=\"link_4\">TDT interactiva<\/a>  y  la <A href=\"http:\/\/es.playstation.com\/psp\" title=\"http:\/\/es.playstation.com\/psp\" id=\"link_5\">consola PSP GO! de Sony<\/a> .<\/p>\n<p> El acto cont\u00f3 con la participaci\u00f3n del  presidente de la <A href=\"http:\/\/www.internautas.org\/\" title=\"http:\/\/www.internautas.org\" id=\"link_6\">Asociaci\u00f3n de Internautas<\/a> , V\u00edctor Domingo, quien se  mostr\u00f3 un &#8216;fan&#8217; de los productos de Apple. &#8220;Yo adoro cualquier cosa de la &#8216;manzanita&#8217;, pero todav\u00eda no he podido  comprarlo. En cuanto tenga el dinero, lo probar\u00e9 y ver\u00e9 si sirve&#8221;, brome\u00f3 durante su intervenci\u00f3n el presidente de la AI.<\/p>\n<p> <strong>&#8220;Si eres legal eres legal&#8221;:El peor anuncio del a\u00f1o<\/strong><\/p>\n<p> Durante su intervenci\u00f3n,  en un tono m\u00e1s serio,  se refiri\u00f3 a la   campa\u00f1a del ministerio de Cultura \u201cSi eres legal eres legal\u201d, <A href=\"http:\/\/www.internautas.org\/html\/6050.html\">c\u00f3mo el peor anuncio  del a\u00f1o <\/a> e invit\u00f3 a los presentes que en estos momentos tenian la  oportunidad de demostrarlo vot\u00e1ndolo en el <A href=\"https:\/\/www.facua.org\/lapeorempresa\/\">sitio web de Facua.<\/a><\/p>\n<p>De <A href=\"http:\/\/internautas.org\/\" title=\"http:\/\/internautas.org\" id=\"link_7\">internautas.org<\/a>: &#8216;El iPad, ganador de los Fiasco Awards 2010&#8217;<\/p>\n","protected":false},"excerpt":{"rendered":"<p>Casi dos meses despu\u00e9s de conocer los galardonados a los Fiasco Awards, la organizaci\u00f3n ya ha dado a conocer al vencedor de esta edici\u00f3n: el iPad, la apuesta tecnol\u00f3gica de la compa\u00f1\u00eda de Steve Jobs para 2010, ha recibido m\u00e1s de la mitad de los votos de los participantes. Estos premios est\u00e1n organizados por un [&hellip;]<\/p>\n","protected":false},"author":7,"featured_media":0,"comment_status":"open","ping_status":"closed","sticky":false,"template":"","format":"standard","meta":[],"categories":[9],"tags":[47,247,525],"_links":{"self":[{"href":"https:\/\/blogs.diariosur.es\/soyfriki\/wp-json\/wp\/v2\/posts\/136"}],"collection":[{"href":"https:\/\/blogs.diariosur.es\/soyfriki\/wp-json\/wp\/v2\/posts"}],"about":[{"href":"https:\/\/blogs.diariosur.es\/soyfriki\/wp-json\/wp\/v2\/types\/post"}],"author":[{"embeddable":true,"href":"https:\/\/blogs.diariosur.es\/soyfriki\/wp-json\/wp\/v2\/users\/7"}],"replies":[{"embeddable":true,"href":"https:\/\/blogs.diariosur.es\/soyfriki\/wp-json\/wp\/v2\/comments?post=136"}],"version-history":[{"count":0,"href":"https:\/\/blogs.diariosur.es\/soyfriki\/wp-json\/wp\/v2\/posts\/136\/revisions"}],"wp:attachment":[{"href":"https:\/\/blogs.diariosur.es\/soyfriki\/wp-json\/wp\/v2\/media?parent=136"}],"wp:term":[{"taxonomy":"category","embeddable":true,"href":"https:\/\/blogs.diariosur.es\/soyfriki\/wp-json\/wp\/v2\/categories?post=136"},{"taxonomy":"post_tag","embeddable":true,"href":"https:\/\/blogs.diariosur.es\/soyfriki\/wp-json\/wp\/v2\/tags?post=136"}],"curies":[{"name":"wp","href":"https:\/\/api.w.org\/{rel}","templated":true}]}}